{"id":9096,"date":"2024-05-22T22:22:24","date_gmt":"2024-05-22T22:22:24","guid":{"rendered":"https:\/\/elpregonerodezamora.com\/?p=9096"},"modified":"2024-05-22T22:22:24","modified_gmt":"2024-05-22T22:22:24","slug":"elecciones-clasismo-rencor-social","status":"publish","type":"post","link":"https:\/\/elpregonerodezamora.com\/index.php\/2024\/05\/22\/elecciones-clasismo-rencor-social\/","title":{"rendered":"ELECCIONES, CLASISMO, RENCOR SOCIAL"},"content":{"rendered":"\n<p style=\"font-size:30px\"><strong>LA ECONOM\u00cdA Y USTED&#8230;<\/strong><\/p>\n\n\n\n<p><strong>Eliseo Castillo<\/strong><\/p>\n\n\n\n<p>\u00a0 \u00a0 \u00a0 \u00a0 \u00a0 \u00a0 \u00a0 \u00a0 \u00a0 \u00a0 \u00a0 \u00a0 \u00a0 \u00a0 \u00a0 \u00a0 \u00a0 \u00a0 \u00a0 \u00a0 \u00a0 \u00a0 \u00a0<\/p>\n\n\n\n<p>\u00a0 \u00a0 \u00a0 \u00a0 \u00a0 \u00a0 \u00a0 \u00a0 \u00a0 \u00a0 \u00a0 \u00a0 \u00a0 \u00a0 \u00a0 \u00a0 \u00a0 \u00a0 \u00a0 \u00a0 \u00a0 \u00a0 \u00a0 \u00a0 \u00a0 \u00a0 \u00a0 \u00a0 \u00a0 \u00a0 \u00a0 \u00a0 \u00a0 \u00a0 \u00a0 <strong>  SER\u00c1S MI RECUERDO<\/strong><\/p>\n\n\n\n<p>\u00a0 \u00a0 \u00a0 \u00a0 \u00a0 \u00a0 \u00a0 \u00a0 \u00a0 \u00a0 \u00a0 \u00a0 \u00a0 \u00a0 \u00a0 \u00a0 \u00a0 \u00a0 \u00a0 \u00a0 \u00a0 \u00a0 \u00a0 \u00a0 \u00a0 \u00a0<strong><em> \u00a0 \u00a0&#8220;Aun por caminos diversos, cosas de la vida,<\/em><\/strong><\/p>\n\n\n\n<p>\u00a0 \u00a0 \u00a0 \u00a0 \u00a0 \u00a0 \u00a0 \u00a0 \u00a0 \u00a0 \u00a0 \u00a0 \u00a0 \u00a0 \u00a0 \u00a0 \u00a0 \u00a0 \u00a0 \u00a0 \u00a0 \u00a0 \u00a0 \u00a0 \u00a0 \u00a0 \u00a0 <strong><em>\u00a0mis enamorados pasos te buscan, te nombran,<\/em><\/strong><\/p>\n\n\n\n<p>\u00a0 \u00a0 \u00a0 \u00a0 \u00a0 \u00a0 \u00a0 \u00a0 \u00a0 \u00a0 \u00a0 \u00a0 \u00a0 \u00a0 \u00a0 \u00a0 \u00a0 \u00a0 \u00a0 \u00a0 \u00a0 \u00a0 \u00a0 \u00a0 <strong><em>\u00a0 \u00a0 \u00a0 \u00a0tu recuerdo me hace el d\u00eda, me alienta.<\/em><\/strong><\/p>\n\n\n\n<p>\u00a0 \u00a0 \u00a0 \u00a0 \u00a0 \u00a0 \u00a0 \u00a0 \u00a0 \u00a0 \u00a0 \u00a0 \u00a0 \u00a0 \u00a0 \u00a0 \u00a0 \u00a0 \u00a0 \u00a0 \u00a0 \u00a0 \u00a0 \u00a0 \u00a0 \u00a0 \u00a0 <strong><em>\u00a0las cosas banales de la vida me atrapan,<\/em><\/strong><\/p>\n\n\n\n<p>\u00a0 \u00a0 \u00a0 \u00a0 \u00a0 \u00a0 \u00a0 \u00a0 \u00a0 \u00a0 \u00a0 \u00a0 \u00a0 \u00a0 \u00a0 \u00a0 \u00a0 \u00a0 \u00a0 \u00a0 \u00a0 \u00a0 \u00a0 \u00a0 \u00a0 \u00a0 <strong><em>\u00a0 estoy ante la sombra del recuerdo,<\/em><\/strong><\/p>\n\n\n\n<p>\u00a0 \u00a0 \u00a0 \u00a0 \u00a0 \u00a0 \u00a0 \u00a0 \u00a0 \u00a0 \u00a0 \u00a0 \u00a0 \u00a0 \u00a0 \u00a0 \u00a0 \u00a0 \u00a0 \u00a0 \u00a0 \u00a0 \u00a0 \u00a0 \u00a0 \u00a0 \u00a0 <strong><em>como entonces, como hace a\u00f1os,<\/em><\/strong><\/p>\n\n\n\n<p>\u00a0 \u00a0 \u00a0 \u00a0 \u00a0 \u00a0 \u00a0 \u00a0 \u00a0 \u00a0 \u00a0 \u00a0 \u00a0 \u00a0 \u00a0 \u00a0 \u00a0 \u00a0 \u00a0 \u00a0 \u00a0 \u00a0 \u00a0 \u00a0 \u00a0 \u00a0 \u00a0 <strong><em>gozo e imagino que llegas, que es cierto.<\/em><\/strong><\/p>\n\n\n\n<p>\u00a0 \u00a0 \u00a0 \u00a0 \u00a0 \u00a0 \u00a0 \u00a0 \u00a0 \u00a0 \u00a0 \u00a0 \u00a0 \u00a0 \u00a0 \u00a0 \u00a0 \u00a0 \u00a0 \u00a0 \u00a0 \u00a0 <strong><em>\u00a0 \u00a0 \u00a0 \u00a0 \u00a0 Amor, me resisto a olvidarte, amo el momento&#8221;&#8230;<\/em><\/strong><\/p>\n\n\n\n<p>\u00a0 \u00a0 \u00a0 \u00a0 \u00a0 \u00a0 \u00a0 \u00a0 \u00a0 \u00a0 \u00a0 \u00a0 \u00a0 \u00a0 \u00a0 \u00a0 \u00a0 \u00a0 \u00a0 \u00a0 \u00a0 \u00a0 \u00a0 \u00a0 \u00a0 \u00a0 \u00a0 \u00a0 \u00a0 \u00a0 \u00a0 \u00a0 \u00a0 \u00a0 \u00a0 \u00a0 <strong>\u00a0 \u00a0 \u00a0 \u00a0 \u00a0 el\u00edseo<\/strong><\/p>\n\n\n\n<p><strong><em>En el a\u00f1o 2006, luego del fraude lectoral que llev\u00f3\u00a0 a la fuerza a la presidencia al hoy exiliado en Espa\u00f1a Felipe Calder\u00f3n; la revista cultural del diario El Universal, DIA SIETE, dirigida por el maestro y periodista Jorge Zepeda, publico un art\u00edculo en el que dejaba bien sentada la realidad del pa\u00eds&#8230;; se\u00f1alaba que este estaba partido a la mitad; que el 50 por ciento de los mexicanos, al parecer por los resultados electorales odiaban a Calder\u00f3n; y que el otro 50 \u00b4por ciento lo apoyaba; y que era la misma relaci\u00f3n con AMLO; la mitad lo rechazaba, y la otra mitad lo apoyaba&#8230;<\/em><\/strong><\/p>\n\n\n\n<p><strong><em>Lo que presentaba hace 18 a\u00f1os la revista era una radiograf\u00eda que se sab\u00eda de antemano; solamente que ahora con votos quedaba de manifiesto, el pa\u00eds ha sido una sociedad separada por la ideolog\u00eda y el clasismo que nos lleva\u00a0 a imaginar que los ricos deben ser de piel blanca, y que la pobreza se relaciona con la tes morena.<\/em><\/strong><\/p>\n\n\n\n<p><strong><em>Lo hemos explicado en este espacio; la divisi\u00f3n clasista se estableci\u00f3 desde 1821 cuando un criollo Agust\u00edn de Iturbide, a nombre del ej\u00e9rcito real, y Vicente Guerrero, descendiente de negros representaba a los rebeldes insurgentes; decidieron firmar el acuerdo de Acatempan para dejar de pelear y establecer un pa\u00eds libre de la corona de Espa\u00f1a.<\/em><\/strong><\/p>\n\n\n\n<p><strong><em>Desde entonces, desde hace 200 a\u00f1os qued\u00f3 marcada la diferencia social. Hoy, como si se estuviera haciendo algo novedoso, la derecha formada por el PRI_PAN_PRD en voz de su abanderada X\u00f3chitl G\u00e1lvez repiten al misma escena y lastiman la sensibilidad de una sociedad que los ve con poco aprecio.<\/em><\/strong><\/p>\n\n\n\n<p><strong><em>Morenacos, nacos, prietos, gobiern\u00edcolas; y una sarta de descalificativos se dejan sentir en la campa\u00f1a de la candidata de derecha; nuevamente se repite las ense\u00f1anzas de su asesor de campa\u00f1a Max Cort\u00e1zar; el mismo que en comuni\u00f3n con el espa\u00f1ol Antonio Sol\u00e1 dise\u00f1aron y enloquecieron a las mexicanos en la campa\u00f1a del 2006 con la monserga de<\/em><\/strong>\u00a0<strong>AMLO, un peligro para M\u00e9xico.<\/strong><\/p>\n\n\n\n<p><strong><em>Aquella campa\u00f1a de desprestigio, parece que consideran que sigue funcionando, y han decidido seguir con la misma; ahora con la bandera del narcotr\u00e1fico&#8230;:\u00a0Narcopresidente y Narcocandidata&#8230;<\/em><\/strong><\/p>\n\n\n\n<p><strong><em>En 2006 no les funcion\u00f3 lo del peligro para M\u00e9xico; se vieron obligados a realizar el fraude hasta pro el mismo Calder\u00f3n reconocido con su famosa forma de decir &#8230;:<\/em>&#8220;haiga sido como haiga sido&#8221;; que en t\u00e9rminos llanos significa&#8230;me vale un carajo como, pero ya tengo lo que quer\u00eda.<\/strong><\/p>\n\n\n\n<p><strong><em>Hoy siguen apost\u00e1ndole al temor; se\u00f1alan que este gobierno ha dividido al pa\u00eds; si se es ignorante de la historia pensaremos que tiene raz\u00f3n; si algo se sabe al respecto, entenderemos que desde que naci\u00f3 M\u00e9xico independiente en 1821; este naci\u00f3 dividido entre conservadores aferrados a los privilegios; fundamentalmente apegados a la iglesia cat\u00f3lica seguidores del criollo Agust\u00edn de Iturbide, y los morenitos liberales; seguidores de las ideas de Vicente Guerrero.<\/em><\/strong><\/p>\n\n\n\n<p><strong><em>Pero como es m\u00e1s f\u00e1cil tirar lodo a lo tonto, apost\u00e1ndole a la ignorancia; se espera que los electores se queden con la idea de que estamos divididos por culpa de este malvado gobierno; y para m\u00e1s se\u00f1as, por culpa del diab\u00f3lico AMLO.<\/em><\/strong><\/p>\n\n\n\n<p><strong><em>Hoy, pareciera que fue ayer cuando se trataba de espantar con el comunismo y otras sandeces discriminadoras y ba\u00f1adas de ignorancia; al final la meta es llegar a la presidencia del pa\u00eds, al precio que sea.<\/em><\/strong><\/p>\n\n\n\n<p><strong>Y sin embargo, pareciera que hasta el 2 de junio, todo el rencor se va a dejar sentir contra todos los que no quieras maldecir a este gobierno y a la candidata de Morena.<\/strong><\/p>\n\n\n\n<p><strong><em>Espero que usted no termine como el que esto escribe, borracho de tanta basura comunicativa y tanta verg\u00fcenza con el nivel del desprecio que alcanzan las expresiones en los medios de comunicaci\u00f3n, por personas que hasta hace algunos a\u00f1os pens\u00e1bamos que de verdad eran l\u00edderes de opini\u00f3n&#8230;, y que se les respetaba por sus prendas&#8230;; hoy dan pena ajena.<\/em><\/strong><\/p>\n\n\n\n<p style=\"font-size:25px\"><strong>En fin, le abrazo<\/strong>.<\/p>\n\n\n\n<p><\/p>\n\n\n\n<figure class=\"wp-block-image\"><img decoding=\"async\" src=\"https:\/\/res.public.onecdn.static.microsoft\/assets\/ads\/adbarmetrochoice.svg\" alt=\"\"\/><\/figure>\n","protected":false},"excerpt":{"rendered":"<p>LA ECONOM\u00cdA Y USTED&#8230; Eliseo Castillo \u00a0 \u00a0 \u00a0 \u00a0 \u00a0 \u00a0 \u00a0 \u00a0 \u00a0 \u00a0 \u00a0 \u00a0 \u00a0 \u00a0 \u00a0 \u00a0 \u00a0 \u00a0 \u00a0 \u00a0 \u00a0 \u00a0 \u00a0 \u00a0 \u00a0 \u00a0 \u00a0 \u00a0 \u00a0 \u00a0 \u00a0 \u00a0 \u00a0 \u00a0 \u00a0 \u00a0 \u00a0 \u00a0 \u00a0 \u00a0 \u00a0 \u00a0 \u00a0 \u00a0 \u00a0 \u00a0 \u00a0 \u00a0 \u00a0 [&hellip;]<\/p>\n","protected":false},"author":2,"featured_media":9097,"comment_status":"open","ping_status":"open","sticky":false,"template":"","format":"standard","meta":{"footnotes":"","_rishi_post_view_count":651},"categories":[1],"tags":[],"class_list":["post-9096","post","type-post","status-publish","format-standard","has-post-thumbnail","hentry","category-opinion"],"comments_count":"0","_links":{"self":[{"href":"https:\/\/elpregonerodezamora.com\/index.php\/wp-json\/wp\/v2\/posts\/9096","targetHints":{"allow":["GET"]}}],"collection":[{"href":"https:\/\/elpregonerodezamora.com\/index.php\/wp-json\/wp\/v2\/posts"}],"about":[{"href":"https:\/\/elpregonerodezamora.com\/index.php\/wp-json\/wp\/v2\/types\/post"}],"author":[{"embeddable":true,"href":"https:\/\/elpregonerodezamora.com\/index.php\/wp-json\/wp\/v2\/users\/2"}],"replies":[{"embeddable":true,"href":"https:\/\/elpregonerodezamora.com\/index.php\/wp-json\/wp\/v2\/comments?post=9096"}],"version-history":[{"count":1,"href":"https:\/\/elpregonerodezamora.com\/index.php\/wp-json\/wp\/v2\/posts\/9096\/revisions"}],"predecessor-version":[{"id":9098,"href":"https:\/\/elpregonerodezamora.com\/index.php\/wp-json\/wp\/v2\/posts\/9096\/revisions\/9098"}],"wp:featuredmedia":[{"embeddable":true,"href":"https:\/\/elpregonerodezamora.com\/index.php\/wp-json\/wp\/v2\/media\/9097"}],"wp:attachment":[{"href":"https:\/\/elpregonerodezamora.com\/index.php\/wp-json\/wp\/v2\/media?parent=9096"}],"wp:term":[{"taxonomy":"category","embeddable":true,"href":"https:\/\/elpregonerodezamora.com\/index.php\/wp-json\/wp\/v2\/categories?post=9096"},{"taxonomy":"post_tag","embeddable":true,"href":"https:\/\/elpregonerodezamora.com\/index.php\/wp-json\/wp\/v2\/tags?post=9096"}],"curies":[{"name":"wp","href":"https:\/\/api.w.org\/{rel}","templated":true}]}}