{"id":9093,"date":"2024-05-21T22:05:00","date_gmt":"2024-05-21T22:05:00","guid":{"rendered":"https:\/\/elpregonerodezamora.com\/?p=9093"},"modified":"2024-05-21T22:05:01","modified_gmt":"2024-05-21T22:05:01","slug":"si-se-calla-el-cantor","status":"publish","type":"post","link":"https:\/\/elpregonerodezamora.com\/index.php\/2024\/05\/21\/si-se-calla-el-cantor\/","title":{"rendered":"Si se calla el cantor\u2026!"},"content":{"rendered":"\n<p><strong>J. Luis Seefo\u00f3 Luj\u00e1n \/ Profesor investigador del COLMICH<\/strong><\/p>\n\n\n\n<p style=\"font-size:30px\"><strong><em>\u00bfQu\u00e9&nbsp; est\u00e1 en juego?<\/em><\/strong><\/p>\n\n\n\n<p><strong><em>Los escribanos, como observadores del acontecer zamorano -igual que los cantores- debemos aportar nuestro punto de vista a fin de comprender las interacciones relevantes de la madeja social y, en la medida de nuestras posibilidades, sugerir v\u00edas civilizadas de soluci\u00f3n.<\/em><\/strong><\/p>\n\n\n\n<p><strong><em>En consecuencia, la primer tarea es precisar que est\u00e1 ocurriendo en la interface \u201cfamilia de locatarios bien\u201d y \u201cartistas urbanos\u201d de Zamora. Y en esa interacci\u00f3n identificar comportamientos, conductas transgresoras de la buena convivencia y\/o de la normatividad.<\/em><\/strong><\/p>\n\n\n\n<p><strong><em>Adelanto mis creencias: 1) el evento del 14 de mayo no es una casualidad; 2) familia de comerciantes (Lord Ang\u00e9lica) cultiva\u00a0 prepotencia abonada por la buena relaci\u00f3n pol\u00edtico comercial con el PAN y Carlos Soto; 3) la autoridad municipal es omisa y si tuviese que actuar lo har\u00eda contra los \u201ctrabajadores informales\u201d; 4) conforme aumenta el desempleo se acrecientan las tensiones por el espacio; 5) los m\u00fasicos y\/o artistas de la calle no constituyen un problema pol\u00edtico \u2013 ideol\u00f3gico para los poderes establecidos y no se constituir\u00e1n en cr\u00edtica que quite el sue\u00f1o a los partidos electorales; pero, 6) a corto plazo s\u00ed \u201craspa\u201d al PAN y a su candidato<\/em><\/strong><\/p>\n\n\n\n<p style=\"font-size:25px\"><strong><em>\u00bfEs un hecho casual?<\/em><\/strong><\/p>\n\n\n\n<p><strong><em>Un d\u00eda, digamos de martes 14 de mayo de 2024, un joven cantante urbano -cantor callejero- entona unas canciones acompa\u00f1ado de su guitarra, en un punto muy pr\u00f3ximo a \u201cNovias Ang\u00e9lica\u201d. A los minutos de esa calurosa ma\u00f1ana, tres o cuatro personas, tal vez cinco, lo presionan para que se retire de ese sitio. No est\u00e1 dentro de la tienda, no obstruye los aparadores, no est\u00e1 invitando no comprar vestidos de novia ni m\u00e1scaras o atuendos del \u201cHombre Lobo\u201d o \u201cLa Mujer Maravilla\u201d.<\/em><\/strong><\/p>\n\n\n\n<p><strong>La semana anterior, el mi\u00e9rcoles 8 de mayo, el personal de \u201cNovias Ang\u00e9lica\u201d le hab\u00eda invitado a retirarse del sitio que antes fuera la esquina de las calles Allende y Amado Nervo.<\/strong><\/p>\n\n\n\n<p><strong><em>El joven, moreno, que puede llamarse Francisco Alejandro, suele cantar en \u00a0la contra esquina de la catedral cercana al establecimiento de sombrillas, mochilas y maletas. Usualmente, Alex, \u00a0porta una guitarra y en la funda del instrumento de seis cuerdas recibe monedas que el p\u00fablico, a la pasada, deja como una contribuci\u00f3n solidaria.<\/em><\/strong><\/p>\n\n\n\n<p><strong><em>Un caso poco referenciado es Juan Carlos, un \u00a0guitarrista adulto que ya ha sido agredido para \u201cque se retire por la buena\u201d. Juan Carlos \u201crasca bien\u201d su lira el\u00e9ctrica en la calle Morelos, entre Col\u00f3n y Ocampo. Buen repertorio, por cierto, donde no faltan \u201cY la Amo\u201d y \u00a0\u201cSon\u00e1mbulo\u201d y \u00a0as\u00ed como otras piezas popularizadas por el duo Santo &amp; Johnny Farina.<\/em><\/strong><\/p>\n\n\n\n<p><strong><em>M\u00e1s al norte, en el Jard\u00edn de \u201cEl Teco\u201d, esquina noreste, junto al expendio de pan, desde hace mucho tiempo escuchamos a Fidel Mart\u00ednez, un heredero de la \u201cSonora Santanera\u201d quien llega en su bici cargando con bocinas, maracas y tarola as\u00ed como un extenso surtido de \u201cpistas.<\/em><\/strong><\/p>\n\n\n\n<p>,<\/p>\n\n\n\n<p><strong><em>Para algunos zamoranos \u00a0estos conflictos podr\u00edan evitarse si los m\u00fasicos aludidos \u00a0se hubieran \u00a0retirado del lugar o, mejor, mudado a otra ciudad. De \u201cLord Ang\u00e9lica &#8211; Alex\u201d, rescato esta nota de las redes: \u201cpues, si el chico callejero no entendi\u00f3, hicieron bien. \u00a1Que la gente metiche se lo lleve frente a su casa para que le ayude!\u201d. Otra buena conciencia plasm\u00f3: \u201cTan f\u00e1cil que era cambiarse al lado de Parisina; no es lo m\u00e1s justo, pero pudo evitarse el pleito\u201d.<\/em><\/strong><\/p>\n\n\n\n<p><strong><em>Por lo que se ve en los videos que circulan desde el martes, unos individuos motivados por Jos\u00e9 Dom\u00ednguez Gonz\u00e1lez (Jos\u00e9 Dom\u00ednguez Jr.) (el hijo del &#8220;capulina&#8221; Dom\u00ednguez&#8221; N de la R), con cubetas le echan agua a Alex, le recuerdan a la autora de sus d\u00edas, mojan su guitarra y subrayan si\u00a0no ha querido irse por las buena, se va por las malas. Cerca de ah\u00ed (en los portales) estaba la polic\u00eda.<\/em><\/strong><\/p>\n\n\n\n<p style=\"font-size:25px\"><strong><em>\u00bfExiste una causalidad que no se nota en la superficie?<\/em><\/strong><\/p>\n\n\n\n<p><strong><em>Por los comentarios de actores clave, entre ellos, Juan Carlos Guti\u00e9rrez Chavolla, oficial mayor del gobierno municipal de Zamora, se infiere que estamos ante \u201cun pleito entre particulares\u201d, una fricci\u00f3n personal que ha derivado en esc\u00e1ndalo innecesario. En tal virtud, la soluci\u00f3n se hallar\u00e1 intercediendo para que las partes lleguen a un acuerdo. Un buen indicio es que Guti\u00e9rrez Chavolla declar\u00f3 a los medios la posici\u00f3n del gobierno local:\u00a0 respeto al arte callejero, convocar a los m\u00fasicos a rotarse de modo constante\u00a0 para no saturar espacios y evitar fricciones entre ellos y con los locatarios establecidos (Independiente, mayo 17 de 2024).<\/em><\/strong><\/p>\n\n\n\n<p><strong>Las frases que algunos inscriben en las redes sociales,\u00a0 exculpan a \u201cLord Ang\u00e9lica: \u201cSi, por las buenas te piden que no cantes en determinado lugar, por qu\u00e9 no te vas a otro lado y evitas los madrazos\u201d?<\/strong><\/p>\n\n\n\n<p><strong><em>En el video, alguno de los individuos que acompa\u00f1a a Jos\u00e9 Dom\u00ednguez Gonz\u00e1lez, hijo de Ang\u00e9lica Gonz\u00e1lez y Jos\u00e9 Dom\u00ednguez, ya hab\u00eda advertido a Francisco Alejandro -m\u00fasico- con una oraci\u00f3n que \u201csaca chispas\u201d: Vete a chingar a tu madre; y, como ha sido una conducta p\u00fablica del due\u00f1os y empleados de \u201cNovias Ang\u00e9lica\u201d, a estos comerciantes \u201cde sangre azul\u201d les incomoda\u00a0 la presencia de ambulantes y artistas callejeros.<\/em><\/strong><\/p>\n\n\n\n<p><strong><em>Otro ingrediente, no menos importante es la conexi\u00f3n de la familia\u00a0 Dom\u00ednguez Gonz\u00e1lez con el poder local:\u00a0Roc\u00edo Dom\u00ednguez, hija de Jos\u00e9 y Ang\u00e9lica, participa en la planilla de\u00a0 Carlos Alberto Soto Delgado y su esposo, Francisco Javier Licea Hern\u00e1ndez es Director de Desarrollo Rural y Fomento Industrial en la actual administraci\u00f3n de Soto Delgado, alcalde con licencia en campa\u00f1a para su \u00a0reelecci\u00f3n.<\/em><\/strong><\/p>\n\n\n\n<p><strong><em>La hip\u00f3tesis popular -que comparto- es \u201cel desplazamiento de los peque\u00f1os comerciantes y\/o los m\u00fasicos callejeros por la familia Dom\u00ednguez Gonz\u00e1lez (Novias Ang\u00e9lica; Lord Ang\u00e9lica) es la expresi\u00f3n concentrada del capital comercial, conservador, panista, que se apropia del espacio privado y p\u00fablico\u201d.<\/em><\/strong><\/p>\n\n\n\n<p><strong><em>No es un pleito callejero. No es que Jos\u00e9 Dom\u00ednguez Jr. se despert\u00f3 de malas, no es que el calor lo haya desesperado y en un arranque juvenil le ment\u00f3 la madre a Francisco Alejandro por sus cantos.\u00a0Se trata de una acci\u00f3n premeditada desde una posici\u00f3n de mayor fuerza y al amparo de la omisi\u00f3n de la autoridad.<\/em><\/strong><\/p>\n\n\n\n<p><strong><em>Sugiero cotejar este hecho imaginario: Francisco Alejandro \u201cle raya la madre\u201d a Jos\u00e9 Dom\u00ednguez; le lanza agua con un vaso y grita: \u201cGordo, feo; Hijo de tu %$#\u201d. \u00bfCu\u00e1ntos segundos habr\u00eda tardado en llegar la polic\u00eda localizada a unos metros bajo el portal? \u00bfQu\u00e9 delitos se hubiesen imputado al cantor urbano? M\u00ednimo: \u201cinjurias, amenazas, da\u00f1o moral y psicol\u00f3gico; agresi\u00f3n hidr\u00e1ulica que pone en peligro la vida de Jos\u00e9 quien padece hidrofobia\u201d. Estas \u201cfaltas\u201d ser\u00edan suficientes para que el juglar de la calle pasara una temporada en el \u00a0CERESO &#8211; Pochote y perdiera \u00a1hasta la guitarra! para cubrir parte de los perjuicios materiales y emocionales causados a los integrantes de esta noble familia.<\/em><\/strong><\/p>\n\n\n\n<p style=\"font-size:25px\"><strong><em>Y, \u00bfel gobierno garante de los derechos de unos y otros?<\/em><\/strong><\/p>\n\n\n\n<p><strong><em>En las \u00faltimas cuatro d\u00e9cadas, Zamora ha sido gobernada por el Partido Acci\u00f3n Nacional, excepto en los periodos de Guillermo Alejandro G\u00f3mez Vega y de Mart\u00edn Samaguey C\u00e1rdenas, en que altern\u00f3 con el PRI y PT-Morena. En la fase h\u00edbrida del Dr. Jos\u00e9 Carlos Lugo God\u00ednez, comparti\u00f3 con el PAN. Y sea bajo unos logos partidarios u otros, los intereses del capital comercial e inmobiliario han estado bien representados. Ese, me parece, es el nudo central: de forma directa y personal (Nacho Pe\u00f1a, Memo G\u00f3mez, Carlos Soto) o a trav\u00e9s de profesionistas, ajenos en apariencia a los negocios mercantiles, el rumbo y presupuesto de Zamora lo marca el capital mercantil-inmobiliario.<\/em><\/strong><\/p>\n\n\n\n<p><strong><em>Paralelamente, conforme el desempleo, el comercio y otras actividades informales se han expandido y han colocado las disputas por el espacio en la agenda diaria, en cualquier lugar de Zamora o Jacona es la misma historia: en calles, banquetas y jardines surgen divergencias por el espacio. En todos lados se discute d\u00f3nde se coloca uno y qu\u00e9 mercanc\u00edas deben restringir su venta. Un ejemplo lo protagoniz\u00f3\u00a0 Lady Sandias contra un vendedor de fresas (avenida 20 de noviembre, lunes 1\u00b0 de abril de 2024).<\/em><\/strong><\/p>\n\n\n\n<p><strong><em>Tianguis y mercado Hidalgo son una bomba que de tiempo en tiempo altera la tranquilidad de muchos y cobra la vida otros. \u00bfPuede, quiere la autoridad municipal supervisar y garantizar que se cumplan algunas reglas? \u00bfPueden, quieren alcalde y oficial mayor intervenir en los negocios que suscitan violencia en el mercado Hidalgo? No.\u00a0 Ni siquiera es probable que alguna entidad municipal, estatal o federal supervise las b\u00e1sculas y garantice certidumbre en la pesada y en los precios.<\/em><\/strong><\/p>\n\n\n\n<p><strong><em>Hurgando en el ba\u00fal de la reglamentaci\u00f3n, desde el Bando Municipal de 2007, ya se le\u00eda: \u00a0\u201cPara el ejercicio de cualquier actividad comercial, industrial o de servicios por parte de particulares se requiere de permiso , licencia o autorizaci\u00f3n seg\u00fan sea el caso, que son expedidos por el ayuntamiento\u201d (Bando, 8-06-2007, art\u00edculo 105).<\/em><\/strong><\/p>\n\n\n\n<p><strong><em>Intervenir el submundo del comercio es casi imposible, empezando porque muchos comercios formales establecidos se extienden m\u00e1s all\u00e1 de la banqueta ocupando la calle y porque no pocos tianguistas son due\u00f1os de muchos puestos y manejan varios giros a la vez. De esa manera el indicar: \u201cEl permiso, licencia o autorizaci\u00f3n que otorgue la autoridad municipal,\u00a0da \u00fanicamente el derecho al particular de ejercer la actividad especificada en el documento\u00a0(cap\u00edtulo \u00fanico de los permisos, licencias y autorizaciones\u201d (Bando 2007, art\u00edculo 107), es una buena intenci\u00f3n.<\/em><\/strong><\/p>\n\n\n\n<p style=\"font-size:25px\"><strong><em>De Molotov a Creedence Clearwaeter Revival<\/em><\/strong><\/p>\n\n\n\n<p><strong><em>La protesta musical del jueves 16 en la esquina de Lord Ang\u00e9lica (Allende \u2013 Amado Nervo) fue una oportunidad para solidarizarse con estos j\u00f3venes y, m\u00e1s en lo personal, con Francisco Alejandro Guizar. Estos j\u00f3venes no son unos \u201cangelitos\u201d, pero\u00a0 la libertad de su canto no puede, no debe coartarse. La libertad de expresi\u00f3n y el derecho al trabajo son derechos humanos b\u00e1sicos.<\/em><\/strong><\/p>\n\n\n\n<p><strong><em>Los zamoranos solidarios que acudieron a buena hora a \u201ccantar las ma\u00f1anitas\u201d a Ang\u00e9lica\u00a0 tuvieron el privilegio de escuchar varios proyectos musicales \u201cde un hilo\u201d. La \u201ctocada\u201d empez\u00f3 con \u201cDame el poder\u201d (Gimme the power) de Molotov: Yo por eso me quejo\u00a0 y me dejo \/\u00a0 porque aqu\u00ed es donde vivo \/ Yo ya no soy un pendejo \/ \u00bfQu\u00e9 no wachas los puestos del gobierno? \/ Hay personas que se est\u00e1n enriqueciendo \/ Dame, dame, dame, dame todo el power \/ Para que te demos en la madre \/ Gimme, gimme, gimme todo el poder.<\/em><\/strong><\/p>\n\n\n\n<p><strong><em>Con guitarras de 6 y 12 cuerdas, bajo,\u00a0 acorde\u00f3n, tarola (redoblante), en dueto, tr\u00edo o variadas formaciones, la interpretaci\u00f3n musical de estos\u00a0 j\u00f3venes mostr\u00f3 versatilidad en g\u00e9neros, ritmos y letras. La protesta musical fue un derroche de talento. Si Lord Ang\u00e9lica grab\u00f3 -espero que s\u00ed-, \u00a0en ese\u00a0 material tiene m\u00e1s que la voz, el alma de esos muchachos que desde su alegr\u00eda y desparpajo comprenden la amargura que a Lord Ang\u00e9lica genera su riqueza.<\/em><\/strong><\/p>\n\n\n\n<p><strong><em>A \u201cDame el poder\u201d siguieron \u201cLas Ma\u00f1anitas\u201d, \u201cMi Yaquecita\u201d, \u201cEl Sinaloense\u201d y un florido abanico de canciones que el p\u00fablico conocedor aplaudi\u00f3 y -a veces- cant\u00f3 y bail\u00f3. Los \u201cchavo-rucos\u201d no evitaron silbar o croar con el John Fogerty zamorano: \u201chace tiempo alguien me dijo que hay calma tras la tormenta \u2026 Lo s\u00e9 \/ Y ha estado viniendo durante un\u00a0 tiempo \/ cuando termine, dicen llover\u00e1 un\u00a0 d\u00eda soleado \/ Lo s\u00e9\u00a0 \u2026 los rayos caer\u00e1n brillando como agua \u2026 \u00bfAlguna vez has visto la lluvia?<\/em><\/strong><\/p>\n\n\n\n<p><strong><em>Es conveniente anotar que estos j\u00f3venes, solos o en grupo, cantan y bailan; entonan lo que les gusta, sea por el ritmo o la rima; y lo mismo \u201cse echan\u201d un narco corrido, una balada de Juan Gabriel \u00a0o una canci\u00f3n de Credence. Cantan por gusto y por llevar unos pesos a su hogar. Algunos tienen hijos, familia.<\/em><\/strong><\/p>\n\n\n\n<p style=\"font-size:25px\"><strong><em>\u00bfQu\u00e9 est\u00e1 en juego?<\/em><\/strong><\/p>\n\n\n\n<p><strong><em>No est\u00e1 en cuesti\u00f3n la libertad de cantar; no el derecho a expresarse. No mientras no moleste a los due\u00f1os de Zamora. Lo que s\u00ed est\u00e1 en veremos es el uso y disposici\u00f3n del espacio urbano. Lo que s\u00ed est\u00e1 en predicamento es el respeto que merecen todas las personas; lo que s\u00ed est\u00e1 en\u00a0 tensi\u00f3n es la ilimitada prepotencia de los grupos que concentran riqueza aliados al poder p\u00fablico.<\/em><\/strong><\/p>\n\n\n\n<p><strong><em>Por distintas motivaciones, algunos servicios van desapareciendo o son \u201corillados a la orilla\u201d (los guayineros por reglas sanitarias y de tr\u00e1nsito) mientras que otros florecen invadiendo calles y banquetas (restaurantes y cafeter\u00edas en la avenida Virrey) y algunos (como la propaganda electoral) saturan bardas, \u00e1rboles, cableado, kiosko municipal y no pasa nada. Urge que la autoridad encabece la discusi\u00f3n\u00a0 de un plan (inaplazable) para el uso del espacio; es imperioso inhibir los brotes de violencia en cada esquina o banqueta<\/em><\/strong><\/p>\n\n\n\n<p><strong><em>Entre tanto echemos porras a todos los Francisco Alejandro para que no calle el cantor, porque el silencio cobarde apa\u00f1a la maldad que oprime \/\/ (porque) No saben los cantores de agachadas; No callar\u00e1n jam\u00e1s de frente al crimen.<\/em><\/strong><\/p>\n\n\n\n<p><strong>Zamora, Michoac\u00e1n, mayo 17 de 2024<\/strong><\/p>\n","protected":false},"excerpt":{"rendered":"<p>J. Luis Seefo\u00f3 Luj\u00e1n \/ Profesor investigador del COLMICH \u00bfQu\u00e9&nbsp; est\u00e1 en juego? Los escribanos, como observadores del acontecer zamorano -igual que los cantores- debemos aportar nuestro punto de vista a fin de comprender las interacciones relevantes de la madeja social y, en la medida de nuestras posibilidades, sugerir v\u00edas civilizadas de soluci\u00f3n. En consecuencia, [&hellip;]<\/p>\n","protected":false},"author":2,"featured_media":9094,"comment_status":"open","ping_status":"open","sticky":false,"template":"","format":"standard","meta":{"footnotes":"","_rishi_post_view_count":850},"categories":[1],"tags":[],"class_list":["post-9093","post","type-post","status-publish","format-standard","has-post-thumbnail","hentry","category-opinion"],"comments_count":"0","_links":{"self":[{"href":"https:\/\/elpregonerodezamora.com\/index.php\/wp-json\/wp\/v2\/posts\/9093","targetHints":{"allow":["GET"]}}],"collection":[{"href":"https:\/\/elpregonerodezamora.com\/index.php\/wp-json\/wp\/v2\/posts"}],"about":[{"href":"https:\/\/elpregonerodezamora.com\/index.php\/wp-json\/wp\/v2\/types\/post"}],"author":[{"embeddable":true,"href":"https:\/\/elpregonerodezamora.com\/index.php\/wp-json\/wp\/v2\/users\/2"}],"replies":[{"embeddable":true,"href":"https:\/\/elpregonerodezamora.com\/index.php\/wp-json\/wp\/v2\/comments?post=9093"}],"version-history":[{"count":1,"href":"https:\/\/elpregonerodezamora.com\/index.php\/wp-json\/wp\/v2\/posts\/9093\/revisions"}],"predecessor-version":[{"id":9095,"href":"https:\/\/elpregonerodezamora.com\/index.php\/wp-json\/wp\/v2\/posts\/9093\/revisions\/9095"}],"wp:featuredmedia":[{"embeddable":true,"href":"https:\/\/elpregonerodezamora.com\/index.php\/wp-json\/wp\/v2\/media\/9094"}],"wp:attachment":[{"href":"https:\/\/elpregonerodezamora.com\/index.php\/wp-json\/wp\/v2\/media?parent=9093"}],"wp:term":[{"taxonomy":"category","embeddable":true,"href":"https:\/\/elpregonerodezamora.com\/index.php\/wp-json\/wp\/v2\/categories?post=9093"},{"taxonomy":"post_tag","embeddable":true,"href":"https:\/\/elpregonerodezamora.com\/index.php\/wp-json\/wp\/v2\/tags?post=9093"}],"curies":[{"name":"wp","href":"https:\/\/api.w.org\/{rel}","templated":true}]}}