{"id":9073,"date":"2024-05-13T22:19:22","date_gmt":"2024-05-13T22:19:22","guid":{"rendered":"https:\/\/elpregonerodezamora.com\/?p=9073"},"modified":"2024-05-13T22:19:22","modified_gmt":"2024-05-13T22:19:22","slug":"tragedia-nacional-y-tiempo-de-canallas","status":"publish","type":"post","link":"https:\/\/elpregonerodezamora.com\/index.php\/2024\/05\/13\/tragedia-nacional-y-tiempo-de-canallas\/","title":{"rendered":"TRAGEDIA NACIONAL Y TIEMPO DE CANALLAS"},"content":{"rendered":"\n<p style=\"font-size:30px\"><strong>LA ECONOM\u00cdA Y USTED&#8230;<\/strong><\/p>\n\n\n\n<p><strong>Eliseo Castillo<\/strong><\/p>\n\n\n\n<p>\u00a0 \u00a0 \u00a0 \u00a0 \u00a0 \u00a0 \u00a0 \u00a0 \u00a0 \u00a0 \u00a0 \u00a0 \u00a0 \u00a0 \u00a0 \u00a0 \u00a0 \u00a0 \u00a0 \u00a0 \u00a0 \u00a0 \u00a0 \u00a0 \u00a0 \u00a0 \u00a0<\/p>\n\n\n\n<p>\u00a0 \u00a0 \u00a0 \u00a0 \u00a0 \u00a0 \u00a0 \u00a0 \u00a0 \u00a0 \u00a0 \u00a0 \u00a0 \u00a0 \u00a0 \u00a0 \u00a0 \u00a0 \u00a0 \u00a0 \u00a0 \u00a0 \u00a0 \u00a0 \u00a0 \u00a0 \u00a0 \u00a0 \u00a0 \u00a0 \u00a0 \u00a0 \u00a0<strong> DEL SUE\u00d1O QUE SE SUE\u00d1A<\/strong><\/p>\n\n\n\n<p>\u00a0 \u00a0 \u00a0 \u00a0 \u00a0 \u00a0 \u00a0 \u00a0 \u00a0 \u00a0 \u00a0 \u00a0 \u00a0 \u00a0 \u00a0 \u00a0 \u00a0 \u00a0 \u00a0 \u00a0 \u00a0 \u00a0 \u00a0 \u00a0 \u00a0 \u00a0 \u00a0 <strong><em>\u00a0 &#8220;Con la nostalgia de la noche ida y a\u00f1orada,<\/em><\/strong><\/p>\n\n\n\n<p>\u00a0 \u00a0 \u00a0 \u00a0 \u00a0 \u00a0 \u00a0 \u00a0 \u00a0 \u00a0 \u00a0 \u00a0 \u00a0 \u00a0 \u00a0 \u00a0 \u00a0 \u00a0 \u00a0 \u00a0 \u00a0 \u00a0 \u00a0 \u00a0 \u00a0 \u00a0 \u00a0 \u00a0<strong><em> llenas las manos de recuerdos a\u00fan tibios,<\/em><\/strong><\/p>\n\n\n\n<p>\u00a0 \u00a0 \u00a0 \u00a0 \u00a0 \u00a0 \u00a0 \u00a0 \u00a0 \u00a0 \u00a0 \u00a0 \u00a0 \u00a0 \u00a0 \u00a0 \u00a0 \u00a0 \u00a0 \u00a0 \u00a0 \u00a0 \u00a0 \u00a0 \u00a0 \u00a0 \u00a0 \u00a0<strong><em>mis labios sedientos sin recato te reclaman;\u00a0<\/em><\/strong><\/p>\n\n\n\n<p>\u00a0 \u00a0 \u00a0 \u00a0 \u00a0 \u00a0 \u00a0 \u00a0 \u00a0 \u00a0 \u00a0 \u00a0 \u00a0 \u00a0 \u00a0 \u00a0 \u00a0 \u00a0 \u00a0 \u00a0 \u00a0 \u00a0 \u00a0 \u00a0 \u00a0 \u00a0 \u00a0 \u00a0<strong><em>no le importa que apenas haya sido un sue\u00f1o,<\/em><\/strong><\/p>\n\n\n\n<p>\u00a0 \u00a0 \u00a0 \u00a0 \u00a0 \u00a0 \u00a0 \u00a0 \u00a0 \u00a0 \u00a0 \u00a0 \u00a0 \u00a0 \u00a0 \u00a0 \u00a0 \u00a0 \u00a0 \u00a0 \u00a0 \u00a0 \u00a0 \u00a0 \u00a0 \u00a0 \u00a0 \u00a0<strong><em>tiempo de amor se dice, tiempo de amor nocturno;<\/em><\/strong><\/p>\n\n\n\n<p>\u00a0 \u00a0 \u00a0 \u00a0 \u00a0 \u00a0 \u00a0 \u00a0 \u00a0 \u00a0 \u00a0 \u00a0 \u00a0 \u00a0 \u00a0 \u00a0 \u00a0 \u00a0 \u00a0 \u00a0 \u00a0 \u00a0 \u00a0 \u00a0 \u00a0 \u00a0 \u00a0 \u00a0<strong><em>amor de aquellos d\u00edas y noches,<\/em><\/strong><\/p>\n\n\n\n<p>\u00a0 \u00a0 \u00a0 \u00a0 \u00a0 \u00a0 \u00a0 \u00a0 \u00a0 \u00a0 \u00a0 \u00a0 \u00a0 \u00a0 \u00a0 \u00a0 \u00a0 \u00a0 \u00a0 \u00a0 \u00a0 \u00a0 \u00a0 \u00a0 \u00a0 \u00a0 \u00a0 \u00a0<strong><em>amor de aquellos y estos sue\u00f1os,<\/em><\/strong><\/p>\n\n\n\n<p>\u00a0 \u00a0 \u00a0 \u00a0 \u00a0 \u00a0 \u00a0 \u00a0 \u00a0 \u00a0 \u00a0 \u00a0 \u00a0 \u00a0 \u00a0 \u00a0 \u00a0 \u00a0 \u00a0 \u00a0 \u00a0 \u00a0 \u00a0 \u00a0 \u00a0 \u00a0 \u00a0 \u00a0<strong><em>ser\u00e1s todo, menos olvido&#8221;&#8230;<\/em><\/strong><\/p>\n\n\n\n<p>\u00a0 \u00a0 \u00a0 \u00a0 \u00a0 \u00a0 \u00a0 \u00a0 \u00a0 \u00a0 \u00a0 \u00a0 \u00a0 \u00a0 \u00a0 \u00a0 \u00a0 \u00a0 \u00a0 \u00a0 \u00a0 \u00a0 \u00a0 \u00a0 \u00a0 \u00a0 \u00a0 \u00a0 \u00a0 \u00a0 \u00a0 \u00a0 \u00a0 \u00a0 \u00a0 \u00a0<strong> \u00a0 \u00a0el\u00edseo<\/strong><\/p>\n\n\n\n<p style=\"font-size:25px\"><strong>Primera capsula&#8230;<\/strong><\/p>\n\n\n\n<p><strong><em>El obispo\u00a0 em\u00e9rito\u00a0 Salvador Rangel, de la iglesia cat\u00f3lica; una vez que fue cachado en una reuni\u00f3n con otra persona del mismo sexo en un hotel; que ha decidido perdonar a todas las personas que se han aprovechado de su situaci\u00f3n para manifestarse mal de su persona. En realidad todo se reduce que, al parecer, se le pas\u00f3 la mano en sus deseos carnales, al ser encontrado, luego de una alerta por desaparici\u00f3n, en un hospital en que se le encontraron rastros de exceso de droga, contenido de pastilla viagra y condones. Nada especial, es lo que algunas personas acostumbran tomar, cuando acuden a determinadas reuniones, con determinadas personas.<\/em><\/strong><\/p>\n\n\n\n<p><strong><em>Los videos lo desnudan totalmente en las c\u00e1maras entrando muy tranquilo al motel en compa\u00f1\u00eda de otra persona; luego de un tiempo, se ve a su acompa\u00f1ante retirarse del hotel; la siguiente escena es con el obispo en un hospital donde se le estabiliz\u00f3; al parecer muy intoxicado-<\/em><\/strong><\/p>\n\n\n\n<p><strong>Hoy decide perdonar&#8230;, \u00a1qui\u00e9n sabe a qui\u00e9n! pero realiza su peque\u00f1o espect\u00e1culo, mientras que un colega suyo lo pone en su lugar&#8230;<\/strong><\/p>\n\n\n\n<p><em><strong>&#8220;El sacerdote cat\u00f3lico Jos\u00e9 Manuel Guerrero Noyola, conocido como &#8220;el padre Chema&#8221;, p\u00e1rroco en Los Herreras, Nuevo Le\u00f3n, cerca de Reynosa&#8230;, llama a la Conferencia del Episcopado Mexicano (CEM) a &#8220;tomar el toro por los cuernos y dejar de lado la hipocres\u00eda farisaica&#8221; en el tema del obispo em\u00e9rito Salvador Rangel: &#8220;Si el obispo tiene una vida sexual activa y es homosexual, que lo diga abiertamente. Si el obispo consume drogas ilegales, que lo diga abiertamente&#8230;<\/strong><\/em><\/p>\n\n\n\n<p><em><strong>Ya el derecho can\u00f3nico va a decirnos c\u00f3mo juzgarlo dentro de la Iglesia cat\u00f3lica&#8221;.<\/strong><\/em><\/p>\n\n\n\n<p><em><strong>Fuente: Citado por Julio Hern\u00e1ndez L\u00f3pez; en &#8220;Astillero&#8221;; peri\u00f3dico La Jornada, viernes 10 de mayo, 2024; pag. 10<\/strong><\/em><\/p>\n\n\n\n<p style=\"font-size:25px\"><strong>Segunda c\u00e1psula&#8230;<\/strong><\/p>\n\n\n\n<p><strong><em>El juez Ricardo Guzm\u00e1n Wolffer ha dictado la orden de amparar a la exfuncionaria de gobernaci\u00f3n (fue jefa de asesores del secretario de gobierno Santiago Creel en el sexenio de Vicente Fox) Mar\u00eda Amparo Casar, para que Pemex le siga pagando su pensi\u00f3n fraudulentamente obtenida por 125 000 pesos mensuales; m\u00e1s un seguro de viudez por 17 millones, m\u00e1s los apoyos para los hijos en edad escolar; y que se hab\u00eda suspendido de su pago a partir de febrero de este a\u00f1o.<\/em><\/strong><\/p>\n\n\n\n<p><strong><em>En un acto de desprecio y descaro, la comentarista de diversos programas de opini\u00f3n, y adem\u00e1s presidenta de la fundaci\u00f3n: &#8220;Mexicanos contra la corrupci\u00f3n&#8221; financiada por el gobierno de los Estados Unidos, y dise\u00f1ada para golpear a gobiernos que no sean bien vistos por el gobierno de aquel pa\u00eds; tuvo la desfachatez de declarar que ni siquiera se hab\u00eda dado cuenta de que no le hab\u00edan depositado a\u00fan la pensi\u00f3n; dejando con eso un aroma de &#8230;\u00a0&#8220;me tiene su cuidado ese dinero; como si no lo necesitara y le fuera irrelevante&#8221;.<\/em><\/strong><\/p>\n\n\n\n<p><strong>Hoy el juez, en sus argumentos para ordenar que le reintegren los pagos a tal\u00a0 &#8220;fin\u00edsima persona&#8221; es que&#8230;<\/strong><\/p>\n\n\n\n<p><em><strong>&#8220;que la subsistencia de la quejosa se ver\u00e1 comprometida&#8221;.<\/strong><\/em><\/p>\n\n\n\n<p><strong><em>Resulta que para el juez, la se\u00f1ora es una pobre persona desamparada a quien la pensi\u00f3n de Pemex le es necesaria para su d\u00eda a d\u00eda; pensi\u00f3n que por cierto se ordena se pague hasta el a\u00f1o&#8230; \u00a12999&#8230;! siiii, de usted brincos de emoci\u00f3n, por mil a\u00f1os las generaciones de la se\u00f1ora podr\u00e1n recibir el dinero&#8230;<\/em><\/strong><\/p>\n\n\n\n<p><strong><em>Imag\u00ednese, una exfuncionaria que en este momento gana m\u00e1s que el presidente con el sueldo que se asigna en la fundaci\u00f3n que preside; en palabras del presidente AMLO de este lunes 13 de mayo en la conferencia de la ma\u00f1ana, la se\u00f1ora recibe unos 250 000 pesos mensuales&#8230;.<\/em><\/strong><\/p>\n\n\n\n<p><em><strong>\u00a1pobrecita, seg\u00fan el juez, no pueden quitarle la pensi\u00f3n por que la se\u00f1ora se queda en la orfandad; le llama indefensi\u00f3n!<\/strong><\/em><\/p>\n\n\n\n<p><strong>Por cierto, la se\u00f1ora ha cobrado una pensi\u00f3n por viudez de una persona que ya no era su esposo, ya estaban divorciados&#8230;<\/strong><\/p>\n\n\n\n<p style=\"font-size:25px\"><strong>Tercera c\u00e1psula&#8230;<\/strong><\/p>\n\n\n\n<p><strong><em>Resulta, que lo jueces han prohibido en plenas campa\u00f1as electorales que se se\u00f1ale a un grupo conocido como &#8220;cartel inmobiliario&#8221; que ha ido destruyendo parte de la organizaci\u00f3n urbana de la ciudad de M\u00e9xico; poniendo por encima de la ley y de la calidad de vida, los negocios de un grupo de personas cuyo \u00fanico fin es ganar m\u00e1s dinero a costa de la sustentabilidad de vida de la capital del pa\u00eds.<\/em><\/strong><\/p>\n\n\n\n<p><strong>No importa que la gente se quede sin agua, lo que importa es que los negocios se incrementen; los jueces han ordenado que no se nombre a este cartel y sus negocios negativos.<\/strong><\/p>\n\n\n\n<p><strong><em>Obviamente que los que se han amparado son los relacionados con semejante transa son los actuales candidatos pol\u00edticos aspirantes a gobernar la ciudad de M\u00e9xico por parte del PRI_PAN_PRD.<\/em><\/strong><\/p>\n\n\n\n<p><strong>En este caso, no importa la verdad y la denuncia; lo que importa es mantener el negocio&#8230;<\/strong><\/p>\n\n\n\n<p style=\"font-size:25px\"><strong>Con estas capsulas de cinismo e hipocres\u00eda, vuelve a tener sentido la pregunta que se hace en ocasiones&#8230;\u00a0<\/strong><\/p>\n\n\n\n<p style=\"font-size:25px\"><strong>\u00bfQui\u00e9nes son los malos, y qui\u00e9nes los buenos&#8230;?<\/strong><\/p>\n\n\n\n<p><strong><em>\u00bfRealmente mandan los narcos visibles en medios como el Chapo Guzm\u00e1n, sus hijos, los Beltr\u00e1n, y esa casta de delincuentes; o son alfiles de una mafia m\u00e1s poderosa que controla el poder judicial y legislativo?<\/em><\/strong><\/p>\n\n\n\n<p><strong>Lo \u00fanico que queda claro es que seguimos en tiempo de canallas; eso sin duda&#8230;<\/strong><\/p>\n\n\n\n<p style=\"font-size:25px\"><em><strong>\u00a1Sigue el tiempo de canallas&#8230;!<\/strong><\/em><\/p>\n","protected":false},"excerpt":{"rendered":"<p>LA ECONOM\u00cdA Y USTED&#8230; Eliseo Castillo \u00a0 \u00a0 \u00a0 \u00a0 \u00a0 \u00a0 \u00a0 \u00a0 \u00a0 \u00a0 \u00a0 \u00a0 \u00a0 \u00a0 \u00a0 \u00a0 \u00a0 \u00a0 \u00a0 \u00a0 \u00a0 \u00a0 \u00a0 \u00a0 \u00a0 \u00a0 \u00a0 \u00a0 \u00a0 \u00a0 \u00a0 \u00a0 \u00a0 \u00a0 \u00a0 \u00a0 \u00a0 \u00a0 \u00a0 \u00a0 \u00a0 \u00a0 \u00a0 \u00a0 \u00a0 \u00a0 \u00a0 \u00a0 \u00a0 [&hellip;]<\/p>\n","protected":false},"author":2,"featured_media":9069,"comment_status":"open","ping_status":"open","sticky":false,"template":"","format":"standard","meta":{"footnotes":"","_rishi_post_view_count":615},"categories":[1],"tags":[],"class_list":["post-9073","post","type-post","status-publish","format-standard","has-post-thumbnail","hentry","category-opinion"],"comments_count":"0","_links":{"self":[{"href":"https:\/\/elpregonerodezamora.com\/index.php\/wp-json\/wp\/v2\/posts\/9073","targetHints":{"allow":["GET"]}}],"collection":[{"href":"https:\/\/elpregonerodezamora.com\/index.php\/wp-json\/wp\/v2\/posts"}],"about":[{"href":"https:\/\/elpregonerodezamora.com\/index.php\/wp-json\/wp\/v2\/types\/post"}],"author":[{"embeddable":true,"href":"https:\/\/elpregonerodezamora.com\/index.php\/wp-json\/wp\/v2\/users\/2"}],"replies":[{"embeddable":true,"href":"https:\/\/elpregonerodezamora.com\/index.php\/wp-json\/wp\/v2\/comments?post=9073"}],"version-history":[{"count":1,"href":"https:\/\/elpregonerodezamora.com\/index.php\/wp-json\/wp\/v2\/posts\/9073\/revisions"}],"predecessor-version":[{"id":9074,"href":"https:\/\/elpregonerodezamora.com\/index.php\/wp-json\/wp\/v2\/posts\/9073\/revisions\/9074"}],"wp:featuredmedia":[{"embeddable":true,"href":"https:\/\/elpregonerodezamora.com\/index.php\/wp-json\/wp\/v2\/media\/9069"}],"wp:attachment":[{"href":"https:\/\/elpregonerodezamora.com\/index.php\/wp-json\/wp\/v2\/media?parent=9073"}],"wp:term":[{"taxonomy":"category","embeddable":true,"href":"https:\/\/elpregonerodezamora.com\/index.php\/wp-json\/wp\/v2\/categories?post=9073"},{"taxonomy":"post_tag","embeddable":true,"href":"https:\/\/elpregonerodezamora.com\/index.php\/wp-json\/wp\/v2\/tags?post=9073"}],"curies":[{"name":"wp","href":"https:\/\/api.w.org\/{rel}","templated":true}]}}