{"id":9063,"date":"2024-05-08T22:28:46","date_gmt":"2024-05-08T22:28:46","guid":{"rendered":"https:\/\/elpregonerodezamora.com\/?p=9063"},"modified":"2024-05-08T22:28:47","modified_gmt":"2024-05-08T22:28:47","slug":"pensiones-corrupcion-y-cinismo","status":"publish","type":"post","link":"https:\/\/elpregonerodezamora.com\/index.php\/2024\/05\/08\/pensiones-corrupcion-y-cinismo\/","title":{"rendered":"PENSIONES, CORRUPCI\u00d3N Y CINISMO"},"content":{"rendered":"\n<p style=\"font-size:30px\"><strong>LA ECONOM\u00cdA Y USTED&#8230;<\/strong><\/p>\n\n\n\n<p><strong>Eliseo Castillo<\/strong><\/p>\n\n\n\n<p><strong>\u00bfD\u00d3NDE EST\u00c1S&#8230;?<\/strong><\/p>\n\n\n\n<p><strong><em>\u201dEn un preg\u00f3n que se repite al cansancio, \/ entre el ruido y la gente te busco sin desmayo, \/ las palabras salen y viajan, te nombran, \/ \u00a1donde est\u00e1s, suena y se repite&#8230;, murmullo y eco\u00a1 \/\u00a1d\u00f3nde est\u00e1s, aroma de esperanza, eterno sue\u00f1o! \/ amor de cada d\u00eda&#8230;, sigo esperando\u201d&#8230;<\/em><\/strong>el\u00edseo<\/p>\n\n\n\n<p><strong><em>&#8220;Existe una enorme corrupci\u00f3n en los esquemas de pensiones del gobierno, otra herencia del viejo r\u00e9gimen. Recientemente, el titular de la Procuradur\u00eda Fiscal de la Federaci\u00f3n, F\u00e9lix Medina Padilla, revel\u00f3 un fraude por 15 mil millones de pesos en el cobro irregular de pensionados del Instituto de Seguridad y Servicios Sociales de los Trabajadores del Estado (Issste). No deber\u00eda sorprendernos, pues, el caso de Mar\u00eda Amparo Casar, si no fuera por el hecho de que encabeza la organizaci\u00f3n Mexicanos contra la Corrupci\u00f3n y la Impunidad. Ah\u00ed la puso su jefe, Claudio X. Gonz\u00e1lez. Ser\u00eda otro caso de briboner\u00eda como el de Jos\u00e9 \u00c1ngel Gurr\u00eda, en su momento el jubilado m\u00e1s joven del mundo.&#8221;<\/em><\/strong><\/p>\n\n\n\n<p><strong>Fuente: Enrique Galv\u00e1n Ochoa; Peri\u00f3dico La Jornada, lunes 6 de mayo, 2024; pag. 6<\/strong><\/p>\n\n\n\n<p><strong><em>Vaya revuelta que se ha armado entre la clase media intelectual de la capital el pa\u00eds por el tema de la pensi\u00f3n que por 20 a\u00f1os ha cobrado la ex funcionaria del gobierno de Vicente Fox Mar\u00eda Amparo Casar (fue jefa de asesores del secretario de gobierno Santiago Creel).<\/em><\/strong><\/p>\n\n\n\n<p><strong><em>La se\u00f1ora, usando su poder, sus palancas, y su capacidad de violentar el orden establecido; en evidente uso del puesto p\u00fablico que ostentaba; hizo posible que PEMEX, o algunos funcionarios de la empresa estatal modificara el reglamento para recibir una pensi\u00f3n y un seguro de vida que no le correspond\u00edan, una vez que se demostr\u00f3 por los peritos del caso , que la muerte de su esposo (asesor de la empresa) en lugar de asentarse como suicidio, quedara como accidente de trabajo.<\/em><\/strong><\/p>\n\n\n\n<p><strong><em>La diferencia es muy simple, pero significativa; en lugar de recibir un cad\u00e1ver y las condolencias; recibi\u00f3 un seguro de vida a su favor por 17 millones de pesos; pensi\u00f3n escolar para los hijos; y, para la viuda, es decir para ella, y una pensi\u00f3n vitalicia de m\u00e1s o menos 130 mil pesos mensuales (hoy se informa que es de 125 mil pesos).<\/em><\/strong><\/p>\n\n\n\n<p style=\"font-size:25px\"><strong>El poder de las palancas&#8230;<\/strong><\/p>\n\n\n\n<p><strong><em>\u00a1Cu\u00e1ntas veces hemos visto este acto de corrupci\u00f3n en nuestro pa\u00eds&#8230;! incluso la manera en que se presume tal acto; o se usa como actividad de coyotes, y abogados huizacheros.<\/em><\/strong><\/p>\n\n\n\n<p><strong><em>Pero eso no importa, se trata de una investigadora de la derecha panista que cuando se pronuncia en relaci\u00f3n a las pensiones que reciben las personas de la tercera edad, lo hace de manera grosera y despectiva; est\u00e1 en contra de las personas que la reciben; lo califica de populista de parte del presidente AMLO.<\/em><\/strong><\/p>\n\n\n\n<p><strong><em>Para este tipo de pol\u00edticos bien pagados, que las personas de la tercera edad reciban 3 000 pesos mensuales es una groser\u00eda y un acto populista; en cambo recibir 130 mil mensuales mal habidos no tienen nada de malo; por el contrario, se los merece; pertenece a la &#8220;clase bonita&#8221;.<\/em><\/strong><\/p>\n\n\n\n<p><strong><em>Recuerdo que en la UNIVA, donde trabaj\u00e9 por 30 a\u00f1os me la pon\u00edan como ejemplo de mujer intelectual a seguir; era uno de los grandes ejemplos de la derecha y nos la pon\u00edan como modelo intelectual, entre una grupo de personalidades, donde hab\u00eda algunos m\u00e1s apegados a la iglesia cat\u00f3lica (la UNIVA es una universidad privada de la iglesia cat\u00f3lica, administrada convenientemente por otros nombres y apellidos).<\/em><\/strong><\/p>\n\n\n\n<p><strong><em>Hoy, las cosas se ponen en contexto, se nos muestra como este tipo de personajes desprecian las pol\u00edticas que buscan apoyar a los que menos tienen; se les califica de flojos y g\u00fcevones (X\u00f3chitl y Fox, dixit) por aceptar peque\u00f1as cantidades de dinero, calificando esta acci\u00f3n como mero acto electorero; mientras que las grandes pensiones que ellos han negociado con las influencias que presumen y resaltan como ejemplo de personas exitosas, con poder, con palancas, y con pocos escr\u00fapulos.<\/em><\/strong><\/p>\n\n\n\n<p><strong><em>Igual que Gurr\u00eda, el propio Zedillo y un ej\u00e9rcito de empleados del Banco de M\u00e9xico se jubilaron con unos cu\u00e1ntos a\u00f1os de servicio, con pensiones millonarias&#8230;, usando las palancas pol\u00edticas; hoy las finanzas p\u00fablicas mantienen su costoso tren de vida&#8230;<\/em><\/strong><\/p>\n\n\n\n<p><strong>Pero eso no es malo&#8230;; son la derecha ideol\u00f3gica que considera que lo de ellos apenas es lo justo; mientras lo que reciben los jodidos es una limosna para flojos.<\/strong><\/p>\n\n\n\n<p><strong><em>El 19 de mayo el jefe de Mar\u00eda Amparo Casar ha anunciado una nueva marcha con la que buscan impulsar a X\u00f3chitl G\u00e1lvez tratando de que mejore en las preferencias de los electores; seguramente la figura de esta ex funcionaria y su pensi\u00f3n va a ser usada como bandera en contra del actual gobierno que ha osado quitarle esa pensi\u00f3n que ha cobrado indebidamente por 20 a\u00f1os, llegando a una cifra cercana a los 30 millones de pesos hasta la fecha, m\u00e1s el seguro de 17 millones de pesos, m\u00e1s el apoyo para los hijos.<\/em><\/strong><\/p>\n\n\n\n<p><strong><em>No es algo raro, as\u00ed funciona la lucha por el poder, no es asunto de populismos; es la lucha por organizar las finanzas para socializar sus beneficios; mientras que la otra opci\u00f3n, la que encabeza el PRI-PAN-PRD propone privatizar las ganancias, y socializar las p\u00e9rdidas; es decir que la riqueza se quede en pocas manos y pensiones millonarias para ellos; y las p\u00e9rdidas las paguen todos los mexicanos&#8230; \u00a1por si lo ignoraba usted!<\/em><\/strong><\/p>\n\n\n\n<p><strong><em>As\u00ed, hoy se rasgan las vestiduras desde la derecha por dos circunstancias que los se\u00f1alan; por un lado el esc\u00e1ndalo del se\u00f1or obispo de Chilpancingo, que en un aparente acto de festejo personal con otra persona se qued\u00f3 &#8220;volando&#8221; en su aparente exceso de lo que usted se imagine; que ha sido usado por la iglesia cat\u00f3lica para convocar a una cadena de oraci\u00f3n por varios d\u00edas&#8230;; culpando al gobierno actual&#8230; \u00a1de lo que el obispo anda haciendo y se anda metiendo&#8230;!<\/em><\/strong><\/p>\n\n\n\n<p><strong><em>Igual, las pensiones de los altos funcionarios terminan por ser una demostraci\u00f3n de poder, deja claro que en este pa\u00eds siguen sinti\u00e9ndose orgullosos los que todo lo arreglan con las palancas; el resto de mexicanos&#8230; \u00a1que se joda!<\/em><\/strong><\/p>\n\n\n\n<p style=\"font-size:25px\"><strong>Usted decida&#8230;<\/strong><\/p>\n\n\n\n<p><a href=\"https:\/\/www.facebook.com\/photo\/?fbid=737683305200171&amp;set=a.370963028538869&amp;__cft__[0]=AZUgbfQO5O_iSBjyebINaCwvwhhYLWpdDIZ8zOvuKJ3Bflh0DEfF5t65dgG9olp3q-GjI-XtCY9M5TTA1sIc_SHwFIeUsPNQfWkEcVTSjJDAROq_yN6B-3_T-oLq4ON_5gs_iHS42BeIotl7iQWvZ2NiOCTczXrxmZl61ilhGgB6yl0b0MVxCxTYCbU0c1mZkhZg4PC5wfCR6fCa6Qvivp_w&amp;__tn__=EH-R\"><\/a><\/p>\n\n\n\n<p><\/p>\n","protected":false},"excerpt":{"rendered":"<p>LA ECONOM\u00cdA Y USTED&#8230; Eliseo Castillo \u00bfD\u00d3NDE EST\u00c1S&#8230;? \u201dEn un preg\u00f3n que se repite al cansancio, \/ entre el ruido y la gente te busco sin desmayo, \/ las palabras salen y viajan, te nombran, \/ \u00a1donde est\u00e1s, suena y se repite&#8230;, murmullo y eco\u00a1 \/\u00a1d\u00f3nde est\u00e1s, aroma de esperanza, eterno sue\u00f1o! \/ amor de [&hellip;]<\/p>\n","protected":false},"author":2,"featured_media":9064,"comment_status":"open","ping_status":"open","sticky":false,"template":"","format":"standard","meta":{"footnotes":"","_rishi_post_view_count":708},"categories":[1],"tags":[],"class_list":["post-9063","post","type-post","status-publish","format-standard","has-post-thumbnail","hentry","category-opinion"],"comments_count":"0","_links":{"self":[{"href":"https:\/\/elpregonerodezamora.com\/index.php\/wp-json\/wp\/v2\/posts\/9063","targetHints":{"allow":["GET"]}}],"collection":[{"href":"https:\/\/elpregonerodezamora.com\/index.php\/wp-json\/wp\/v2\/posts"}],"about":[{"href":"https:\/\/elpregonerodezamora.com\/index.php\/wp-json\/wp\/v2\/types\/post"}],"author":[{"embeddable":true,"href":"https:\/\/elpregonerodezamora.com\/index.php\/wp-json\/wp\/v2\/users\/2"}],"replies":[{"embeddable":true,"href":"https:\/\/elpregonerodezamora.com\/index.php\/wp-json\/wp\/v2\/comments?post=9063"}],"version-history":[{"count":1,"href":"https:\/\/elpregonerodezamora.com\/index.php\/wp-json\/wp\/v2\/posts\/9063\/revisions"}],"predecessor-version":[{"id":9065,"href":"https:\/\/elpregonerodezamora.com\/index.php\/wp-json\/wp\/v2\/posts\/9063\/revisions\/9065"}],"wp:featuredmedia":[{"embeddable":true,"href":"https:\/\/elpregonerodezamora.com\/index.php\/wp-json\/wp\/v2\/media\/9064"}],"wp:attachment":[{"href":"https:\/\/elpregonerodezamora.com\/index.php\/wp-json\/wp\/v2\/media?parent=9063"}],"wp:term":[{"taxonomy":"category","embeddable":true,"href":"https:\/\/elpregonerodezamora.com\/index.php\/wp-json\/wp\/v2\/categories?post=9063"},{"taxonomy":"post_tag","embeddable":true,"href":"https:\/\/elpregonerodezamora.com\/index.php\/wp-json\/wp\/v2\/tags?post=9063"}],"curies":[{"name":"wp","href":"https:\/\/api.w.org\/{rel}","templated":true}]}}