{"id":9060,"date":"2024-05-07T22:37:03","date_gmt":"2024-05-07T22:37:03","guid":{"rendered":"https:\/\/elpregonerodezamora.com\/?p=9060"},"modified":"2024-05-07T22:37:03","modified_gmt":"2024-05-07T22:37:03","slug":"iglesia-y-corruptos-tiempo-de-canallas","status":"publish","type":"post","link":"https:\/\/elpregonerodezamora.com\/index.php\/2024\/05\/07\/iglesia-y-corruptos-tiempo-de-canallas\/","title":{"rendered":"IGLESIA Y CORRUPTOS: TIEMPO DE CANALLAS"},"content":{"rendered":"\n<p style=\"font-size:25px\"><strong>LAS PEQUE\u00d1AS COSAS&#8230;<\/strong><\/p>\n\n\n\n<p><strong>Eliseo Castillo<\/strong><\/p>\n\n\n\n<p>\u00a0 \u00a0 \u00a0 \u00a0 \u00a0 \u00a0 \u00a0 \u00a0 \u00a0 \u00a0 \u00a0 \u00a0 \u00a0 \u00a0 \u00a0 \u00a0 \u00a0 \u00a0 \u00a0 \u00a0 \u00a0 \u00a0 \u00a0 <\/p>\n\n\n\n<p>\u00a0 \u00a0 \u00a0 \u00a0 \u00a0 \u00a0 \u00a0 \u00a0 \u00a0 \u00a0 \u00a0 \u00a0 \u00a0 \u00a0 \u00a0 \u00a0 \u00a0 \u00a0 \u00a0 \u00a0 \u00a0 \u00a0 \u00a0 \u00a0 \u00a0 \u00a0 \u00a0 \u00a0 \u00a0 \u00a0 \u00a0 \u00a0 \u00a0 \u00a0 \u00a0 \u00a0      <strong>   ES EL ECO<\/strong><\/p>\n\n\n\n<p>\u00a0 \u00a0 \u00a0 \u00a0 \u00a0 \u00a0 \u00a0 \u00a0 \u00a0 \u00a0 \u00a0 \u00a0 \u00a0 \u00a0 \u00a0 \u00a0 \u00a0 \u00a0 \u00a0 \u00a0 \u00a0 \u00a0 \u00a0 \u00a0 \u00a0 \u00a0 \u00a0<strong><em>&#8220;Mientras el tiempo y el silencio se hacen a\u00f1ejos,<\/em><\/strong><\/p>\n\n\n\n<p>\u00a0 \u00a0 \u00a0 \u00a0 \u00a0 \u00a0 \u00a0 \u00a0 \u00a0 \u00a0 \u00a0 \u00a0 \u00a0 \u00a0 \u00a0 \u00a0 \u00a0 \u00a0 \u00a0 \u00a0 \u00a0 \u00a0 \u00a0 \u00a0 \u00a0 \u00a0 \u00a0<strong><em>viejo consejo, hijo de los a\u00f1os y recuerdos,<\/em><\/strong><\/p>\n\n\n\n<p>\u00a0 \u00a0 \u00a0 \u00a0 \u00a0 \u00a0 \u00a0 \u00a0 \u00a0 \u00a0 \u00a0 \u00a0 \u00a0 \u00a0 \u00a0 \u00a0 \u00a0 \u00a0 \u00a0 \u00a0 \u00a0 \u00a0 \u00a0 \u00a0 \u00a0 \u00a0 \u00a0<strong><em>sin miedo al olvido, sin temor al rechazo,<\/em><\/strong><\/p>\n\n\n\n<p>\u00a0 \u00a0 \u00a0 \u00a0 \u00a0 \u00a0 \u00a0 \u00a0 \u00a0 \u00a0 \u00a0 \u00a0 \u00a0 \u00a0 \u00a0 \u00a0 \u00a0 \u00a0 \u00a0 \u00a0 \u00a0 \u00a0 \u00a0 \u00a0 \u00a0 \u00a0 \u00a0<strong><em>te pronuncio, te nombro, te invoco&#8230;;<\/em><\/strong><\/p>\n\n\n\n<p>\u00a0 \u00a0 \u00a0 \u00a0 \u00a0 \u00a0 \u00a0 \u00a0 \u00a0 \u00a0 \u00a0 \u00a0 \u00a0 \u00a0 \u00a0 \u00a0 \u00a0 \u00a0 \u00a0 \u00a0 \u00a0 \u00a0 \u00a0 \u00a0 \u00a0 \u00a0 \u00a0<strong><em>tus pasos te delatan, amorosamente te sigo,<\/em><\/strong><\/p>\n\n\n\n<p>\u00a0 \u00a0 \u00a0 \u00a0 \u00a0 \u00a0 \u00a0 \u00a0 \u00a0 \u00a0 \u00a0 \u00a0 \u00a0 \u00a0 \u00a0 \u00a0 \u00a0 \u00a0 \u00a0 \u00a0 \u00a0 \u00a0 \u00a0 \u00a0 \u00a0 \u00a0 \u00a0<strong><em>te pronuncio en silencio,\u00a0 deslizo\u00a0 tu nombre,<\/em><\/strong><\/p>\n\n\n\n<p>\u00a0 \u00a0 \u00a0 \u00a0 \u00a0 \u00a0 \u00a0 \u00a0 \u00a0 \u00a0 \u00a0 \u00a0 \u00a0 \u00a0 \u00a0 \u00a0 \u00a0 \u00a0 \u00a0 \u00a0 \u00a0 \u00a0 \u00a0 \u00a0 \u00a0 \u00a0 \u00a0<strong><em>una y mil veces te adivino, una y mil veces;<\/em><\/strong><\/p>\n\n\n\n<p>\u00a0 \u00a0 \u00a0 \u00a0 \u00a0 \u00a0 \u00a0 \u00a0 \u00a0 \u00a0 \u00a0 \u00a0 \u00a0 \u00a0 \u00a0 \u00a0 \u00a0 \u00a0 \u00a0 \u00a0 \u00a0 \u00a0 \u00a0 \u00a0 \u00a0 \u00a0 \u00a0<strong><em>es el amor que se repite, es el amor mil veces&#8221;&#8230;<\/em><\/strong><\/p>\n\n\n\n<p>\u00a0 \u00a0 \u00a0 \u00a0 \u00a0 \u00a0 \u00a0 \u00a0 \u00a0 \u00a0 \u00a0 \u00a0 \u00a0 \u00a0 \u00a0 \u00a0 \u00a0 \u00a0 \u00a0 \u00a0 \u00a0 \u00a0 \u00a0 \u00a0 \u00a0 \u00a0 \u00a0 \u00a0 \u00a0 \u00a0 \u00a0 \u00a0 \u00a0 \u00a0 \u00a0 \u00a0 \u00a0 \u00a0 \u00a0 <strong>\u00a0el\u00edseo<\/strong><\/p>\n\n\n\n<p><strong><em>En los tiempos de canallas, regularmente confluye lo peor de la humanidad; de por si, no somos una especie muy adecuada para la sustentabilidad de la tierra; cuando nos exacerbamos en funci\u00f3n a la b\u00fasqueda de nuestros apetitos, lucimos peor.<\/em><\/strong><\/p>\n\n\n\n<p><strong><em>Cuando el ladr\u00f3n y el c\u00ednico se ven descubiertos, lo que le queda es voltear al lado contrario y se\u00f1alar gritando&#8230;, \u00a1al ladr\u00f3n, al ladr\u00f3n&#8230;! son los tiempos de canallas.<\/em><\/strong><\/p>\n\n\n\n<p><strong><em>Con el desliz personal del obispo de Chilpancingo, quien resolviendo sus gustos y adicciones se fue a un hotel en compa\u00f1\u00eda de otra persona (otro hombre) generando un espacio de desconcierto por su aparente desaparici\u00f3n&#8230;; que realmente nunca fue; tan s\u00f3lo el se\u00f1or se encontraba en un hotel reunido con otro hombre haciendo lo que se le viniera en gana; despu\u00e9s de todo no es ning\u00fan delito estar en una habitaci\u00f3n con otra persona;\u00a0 o si hacen lo que se les antoje; siempre y cuando sean adultos ambos.<\/em><\/strong><\/p>\n\n\n\n<p><strong><em>Pero como estamos en tiempo de canallas y c\u00ednicos, y como este se\u00f1or togado, que poco honra la sotana que se pone para oficiar sus misas, cada que puede se manifiesta en conta del actual gobierno; en sus sermones, se jacta afirmando que el presidente AMLO es un dictador, es una pandemia contra el pa\u00eds; abiertamente manifiesta su ideolog\u00eda de derecha, al margen de que viola la constituci\u00f3n con su intromisi\u00f3n en asunto de pol\u00edtica nacional.<\/em><\/strong><\/p>\n\n\n\n<p><strong><em>Ante esta situaci\u00f3n de aparente desaparici\u00f3n del prelado obispo de Chilpancingo Guerrero, de inmediato se prendieron las alarmas y la propaganda en contra del gobierno&#8230; \u00a1otro secuestro! \u00a1otro personaje p\u00fablico plagiado por la delincuencia que est\u00e1 feliz causando da\u00f1o sin que alguien los detenga.<\/em><\/strong><\/p>\n\n\n\n<p><strong><em>Poco despu\u00e9s del gran esc\u00e1ndalo y la alarma, se descubri\u00f3 que el se\u00f1or obispo estaba hospitalizado en calidad de desconocido; no quer\u00eda dar sus datos personales; despu\u00e9s se supo la raz\u00f3n&#8230;; estaba totalmente drogado con coca\u00edna y se le encontraron residuos de viagra&#8230; (la que se usa con la esperanza de volver a tener erecciones&#8230;). dos elementos que en el cuerpo de un &#8220;se\u00f1or obispo&#8230;, por favor, \u00a1aun hay modos y modales!\u00a0<\/em><\/strong><\/p>\n\n\n\n<p><strong><em>Desde luego el procurador Uriel Carmona se apront\u00f3 a establecer que se trat\u00f3 de un secuestro expr\u00e9s&#8230;\u00a0\u00a1alguien malvado secuestr\u00f3 al obispo y lo puso a consumir coca\u00edna y le dio viagra!<\/em><\/strong><\/p>\n\n\n\n<p><strong><em>El problema es que frente al hotel, un negocio ten\u00edas las c\u00e1maras prendidas a la hora en que el eminente representante de Cristo y Dios sobre la tierra&#8230;, y se le ve entrar al hotel, muy tranquilo, en compa\u00f1\u00eda de otra persona del mismo sexo; para que luego de cierto tiempo, esta segunda persona se le viera en las c\u00e1maras salir sin sobresalto alguno, asumiendo que el se\u00f1or obispo se qued\u00f3 en su habitaci\u00f3n&#8230;<\/em><\/strong><\/p>\n\n\n\n<p><strong><em>As\u00ed de simple se resuelve un caso de dos personas promedio; pero&#8230;el obispo no es persona promedio; es representante de Dios sobre la tierra&#8230;; al decir de los principios eclesi\u00e1sticos cat\u00f3licos.<\/em><\/strong><\/p>\n\n\n\n<p><strong><em>Otro momento penoso de los paladines de la democracia se viven con la denuncia que realiza PEMEX contra la que se considera &#8220;modelo del M\u00e9xico bonito&#8230;, sin nacos y corrient\u00e9z&#8221;; la presidenta del fundaci\u00f3n Mexicanos contra la corrupci\u00f3n, financiada por los Estados Unidos, y enfocada fundamentalmente a golpear sistem\u00e1ticamente a la izquierda nacional en general, y a AMLO en particular.\u00a0<\/em><\/strong><\/p>\n\n\n\n<p><strong><em>Desde febrero se sabe que la se\u00f1ora Mar\u00eda Amparo Casar , siendo jefa de asesores del Secretario Santiago Creel en el gobierno de Vicente Fox realiz\u00f3 un tr\u00e1mite en PEMEX, en compa\u00f1\u00eda de otra fin\u00edsima persona de derecha, el escritor H\u00e9ctor Aguilar Cam\u00edn, seg\u00fan los datos aparecidos en el libro: Gracias, de autor\u00eda del presidente L\u00f3pez Obrador; quienes, usando las famosas y vergonzosas &#8220;palancas a la mexicana&#8221; promovieron que el suicidio del esposo de la funcionaria de Fox se transformara en un accidente de trabajo; de esta forma, en 2004, se dictamin\u00f3 a favor de la se\u00f1ora el pago de un seguro de viudez por 17 millones de pesos, una pensi\u00f3n para los hijos y una pensi\u00f3n vitalicia para ella en calidad de viuda por una cantidad cercana a los 130 mil pesos mensuales&#8230;; luego de 20 a\u00f1os de cobrar esta pensi\u00f3n, la se\u00f1ora ha recibido m\u00e1s o menos 30 millones de pesos.<\/em><\/strong><\/p>\n\n\n\n<p><em><strong>Todo con el poder de las palancas de los que se sienten bien fregones; que se asumen como chingones del sistema, y que ven con burla a los que consideran unos tarugos (pendejos) o simples chingados, los nacos que no tienen palancas para cambiar las cosas; ni aparecen en los programas de opini\u00f3n, o los noticiarios dando sus comentarios.<\/strong><\/em><\/p>\n\n\n\n<p style=\"font-size:25px\"><strong>Hoy&#8230;<\/strong><\/p>\n\n\n\n<p><strong><em>La sociedad amanece rega\u00f1ada por el episcopado mexicano cat\u00f3lico que convoca a una cadena de oraci\u00f3n conta este mal gobierno que, adem\u00e1s de permitirles decir todo lo que se les antoja, lo ven como su enemigo por ser de izquierda. Desde luego, se refieren al mismo como represor de la libertad de expresi\u00f3n, y para no nombrarlo por su nombre lo identifican con el &#8220;aliento al rumor y chisme&#8221;;\u00a0 le llaman &#8220;YSQ&#8221;, que significa &#8220;ya sabes quien&#8221;.<\/em><\/strong><\/p>\n\n\n\n<p><em><strong>&#8220;&#8230; el secretario general de la Conferencia del Episcopado Mexicano, monse\u00f1or Ram\u00f3n Castro Castro, quien este domingo, desde\u00a0 la catedral de Cuernavaca, denunci\u00f3 una &#8220;persecuci\u00f3n&#8221; en el caso del obispo em\u00e9rito Salvador Rangel, atribuy\u00e9ndola a una campa\u00f1a de &#8220;una f\u00e1brica de bots de &#8220;Ya Saben Quien&#8221; para atacar a la iglesia, tratando de aprovechar el momento (la desaparici\u00f3n del obispo Rangel y la declaraci\u00f3n oficial de un funcionario morelense que asegur\u00f3 que el prelado hab\u00eda entrado por su propio pie a un motel en compa\u00f1\u00eda de un hombre) y &#8220;darle con todo para que la iglesia pierda su autoridad moral&#8221;.<\/strong><\/em><\/p>\n\n\n\n<p><em><strong>Fuente: Julio Hern\u00e1ndez L\u00f3pez; en peri\u00f3dico La Jornada; lunes 6 de mayo, 2024; pag.8<\/strong><\/em><\/p>\n\n\n\n<p><strong><em>Los l\u00edderes de la iglesia se molestan por que se sienten descubiertos; deben recordar que no es delito entrar a un motel, ni ir acompa\u00f1ados de otra persona, ni meterse droga y pastillas de viagra para buscar tener una erecci\u00f3n (cada quien que piense lo que quiera por lo de la erecci\u00f3n); total, si no hay delito&#8230;, para qu\u00e9 tanto esc\u00e1ndalo&#8230;<\/em><\/strong><\/p>\n\n\n\n<p style=\"font-size:25px\"><strong>\u00bfSer\u00e1 que lo hacen por que es un obispo&#8230;?\u00a0 \u00a0 \u00a0 \u00a0 \u00a0 <\/strong>\u00a0 \u00a0 \u00a0 \u00a0 \u00a0 \u00a0 \u00a0 \u00a0 \u00a0 \u00a0 \u00a0 \u00a0 \u00a0 \u00a0 \u00a0 \u00a0 \u00a0 \u00a0 \u00a0 \u00a0 \u00a0 \u00a0<\/p>\n\n\n\n<p><strong><em>Y en el caso de la supuesta l\u00edder de la opini\u00f3n de derecha, desde luego sus cong\u00e9neres se han volcado en su defensa&#8230;<\/em><\/strong><\/p>\n\n\n\n<p><em><strong>\u00a1C\u00f3mo es posible que este malvado gobierno esta exhibiendo los manejos sucios de la clase media intelectual, cuando es algo normal en M\u00e9xico; es la cultura del agandalle de los que pueden y quieren&#8230;; es la cultura de los chingones&#8230;; aunque les duela a los chingados, pero sobre todo a los tarugos ( y pendejos&#8230;)!<\/strong><\/em><\/p>\n\n\n\n<p><em><strong>Los pobres son pobres por que quieren, por que son tarugos&#8230;pend&#8230; no saben el camino que ellos han andado tanto; ellos si son unos fregones.<\/strong><\/em><\/p>\n\n\n\n<p style=\"font-size:25px\"><em><strong>As\u00ed son los tiempos de canallas&#8230;<\/strong><\/em><\/p>\n","protected":false},"excerpt":{"rendered":"<p>LAS PEQUE\u00d1AS COSAS&#8230; Eliseo Castillo \u00a0 \u00a0 \u00a0 \u00a0 \u00a0 \u00a0 \u00a0 \u00a0 \u00a0 \u00a0 \u00a0 \u00a0 \u00a0 \u00a0 \u00a0 \u00a0 \u00a0 \u00a0 \u00a0 \u00a0 \u00a0 \u00a0 \u00a0 \u00a0 \u00a0 \u00a0 \u00a0 \u00a0 \u00a0 \u00a0 \u00a0 \u00a0 \u00a0 \u00a0 \u00a0 \u00a0 \u00a0 \u00a0 \u00a0 \u00a0 \u00a0 \u00a0 \u00a0 \u00a0 \u00a0 \u00a0 \u00a0 \u00a0 \u00a0 \u00a0 [&hellip;]<\/p>\n","protected":false},"author":2,"featured_media":9061,"comment_status":"open","ping_status":"open","sticky":false,"template":"","format":"standard","meta":{"footnotes":"","_rishi_post_view_count":674},"categories":[1],"tags":[],"class_list":["post-9060","post","type-post","status-publish","format-standard","has-post-thumbnail","hentry","category-opinion"],"comments_count":"0","_links":{"self":[{"href":"https:\/\/elpregonerodezamora.com\/index.php\/wp-json\/wp\/v2\/posts\/9060","targetHints":{"allow":["GET"]}}],"collection":[{"href":"https:\/\/elpregonerodezamora.com\/index.php\/wp-json\/wp\/v2\/posts"}],"about":[{"href":"https:\/\/elpregonerodezamora.com\/index.php\/wp-json\/wp\/v2\/types\/post"}],"author":[{"embeddable":true,"href":"https:\/\/elpregonerodezamora.com\/index.php\/wp-json\/wp\/v2\/users\/2"}],"replies":[{"embeddable":true,"href":"https:\/\/elpregonerodezamora.com\/index.php\/wp-json\/wp\/v2\/comments?post=9060"}],"version-history":[{"count":1,"href":"https:\/\/elpregonerodezamora.com\/index.php\/wp-json\/wp\/v2\/posts\/9060\/revisions"}],"predecessor-version":[{"id":9062,"href":"https:\/\/elpregonerodezamora.com\/index.php\/wp-json\/wp\/v2\/posts\/9060\/revisions\/9062"}],"wp:featuredmedia":[{"embeddable":true,"href":"https:\/\/elpregonerodezamora.com\/index.php\/wp-json\/wp\/v2\/media\/9061"}],"wp:attachment":[{"href":"https:\/\/elpregonerodezamora.com\/index.php\/wp-json\/wp\/v2\/media?parent=9060"}],"wp:term":[{"taxonomy":"category","embeddable":true,"href":"https:\/\/elpregonerodezamora.com\/index.php\/wp-json\/wp\/v2\/categories?post=9060"},{"taxonomy":"post_tag","embeddable":true,"href":"https:\/\/elpregonerodezamora.com\/index.php\/wp-json\/wp\/v2\/tags?post=9060"}],"curies":[{"name":"wp","href":"https:\/\/api.w.org\/{rel}","templated":true}]}}