{"id":9042,"date":"2024-04-29T20:02:16","date_gmt":"2024-04-29T20:02:16","guid":{"rendered":"https:\/\/elpregonerodezamora.com\/?p=9042"},"modified":"2024-04-29T20:02:16","modified_gmt":"2024-04-29T20:02:16","slug":"debate-presidencial-circo-para-los-medios","status":"publish","type":"post","link":"https:\/\/elpregonerodezamora.com\/index.php\/2024\/04\/29\/debate-presidencial-circo-para-los-medios\/","title":{"rendered":"DEBATE PRESIDENCIAL, CIRCO PARA LOS MEDIOS"},"content":{"rendered":"\n<p style=\"font-size:30px\"><strong>LA ECONOM\u00cdA Y USTED&#8230;<\/strong><\/p>\n\n\n\n<p><strong>Eliseo Castillo<\/strong><\/p>\n\n\n\n<p>\u00a0 \u00a0 \u00a0 \u00a0 \u00a0 \u00a0 \u00a0 \u00a0 \u00a0 \u00a0 \u00a0 \u00a0 \u00a0 \u00a0 \u00a0 \u00a0 \u00a0 \u00a0 \u00a0 \u00a0 \u00a0 \u00a0 \u00a0 \u00a0 \u00a0 \u00a0 \u00a0<\/p>\n\n\n\n<p>\u00a0 \u00a0 \u00a0 \u00a0 \u00a0 \u00a0 \u00a0 \u00a0 \u00a0 \u00a0 \u00a0 \u00a0 \u00a0 \u00a0 \u00a0 \u00a0 \u00a0 \u00a0 \u00a0 \u00a0 \u00a0 \u00a0 \u00a0 \u00a0 \u00a0 \u00a0 \u00a0 \u00a0 \u00a0 \u00a0 \u00a0 \u00a0 \u00a0 \u00a0 \u00a0 \u00a0 \u00a0 \u00a0 <strong>DULCE MA\u00d1ANA<\/strong><\/p>\n\n\n\n<p>\u00a0 \u00a0 \u00a0 \u00a0 \u00a0 \u00a0 \u00a0 \u00a0 \u00a0 \u00a0 \u00a0 \u00a0 \u00a0 \u00a0 \u00a0 \u00a0 \u00a0 \u00a0 \u00a0 \u00a0 \u00a0 \u00a0 \u00a0 \u00a0 \u00a0 <strong><em>\u00a0 \u00a0 \u00a0 \u00a0 \u00a0 \u00a0 &#8220;Por que apenas se hace de d\u00eda te desgranas,<\/em><\/strong><\/p>\n\n\n\n<p>\u00a0 \u00a0 \u00a0 \u00a0 \u00a0 \u00a0 \u00a0 \u00a0 \u00a0 \u00a0 \u00a0 \u00a0 \u00a0 \u00a0 \u00a0 \u00a0 \u00a0 \u00a0 \u00a0 \u00a0 \u00a0 \u00a0 \u00a0 \u00a0 \u00a0 \u00a0 \u00a0 \u00a0 \u00a0 \u00a0 \u00a0<strong><em>dulce encanto brota de tus labios, se prodiga,<\/em><\/strong><\/p>\n\n\n\n<p>\u00a0 \u00a0 \u00a0 \u00a0 \u00a0 \u00a0 \u00a0 \u00a0 \u00a0 \u00a0 \u00a0 \u00a0 \u00a0 \u00a0 \u00a0 \u00a0 \u00a0 \u00a0 \u00a0 \u00a0 \u00a0 \u00a0 \u00a0 \u00a0 \u00a0 \u00a0 \u00a0 \u00a0 <strong><em>\u00a0 \u00a0 \u00a0es la fruta de tu risa y de tus l\u00e1grimas,<\/em><\/strong><\/p>\n\n\n\n<p>\u00a0 \u00a0 \u00a0 \u00a0 \u00a0 \u00a0 \u00a0 \u00a0 \u00a0 \u00a0 \u00a0 \u00a0 \u00a0 \u00a0 \u00a0 \u00a0 \u00a0 \u00a0 \u00a0 \u00a0 \u00a0 \u00a0 \u00a0 \u00a0 \u00a0 \u00a0 \u00a0 \u00a0 \u00a0 \u00a0 \u00a0<strong><em>amor de tempranas horas, dulce ma\u00f1ana,<\/em><\/strong><\/p>\n\n\n\n<p>\u00a0 \u00a0 \u00a0 \u00a0 \u00a0 \u00a0 \u00a0 \u00a0 \u00a0 \u00a0 \u00a0 \u00a0 \u00a0 \u00a0 \u00a0 \u00a0 \u00a0 \u00a0 \u00a0 \u00a0 \u00a0 \u00a0 \u00a0 \u00a0 \u00a0 \u00a0 \u00a0 \u00a0 <strong><em>\u00a0 \u00a0 \u00a0eres todo o casi todo, lo vivo y libo,\u00a0<\/em><\/strong><\/p>\n\n\n\n<p>\u00a0 \u00a0 \u00a0 \u00a0 \u00a0 \u00a0 \u00a0 \u00a0 \u00a0 \u00a0 \u00a0 \u00a0 \u00a0 \u00a0 \u00a0 \u00a0 \u00a0 \u00a0 \u00a0 \u00a0 \u00a0 \u00a0 \u00a0 \u00a0 \u00a0 \u00a0 \u00a0 \u00a0 <strong><em>\u00a0 \u00a0 \u00a0amor sin horas o descanso, por ti vivo&#8221;&#8230;<\/em><\/strong><\/p>\n\n\n\n<p>\u00a0 \u00a0 \u00a0 \u00a0 \u00a0 \u00a0 \u00a0 \u00a0 \u00a0 \u00a0 \u00a0 \u00a0 \u00a0 \u00a0 \u00a0 \u00a0 \u00a0 \u00a0 \u00a0 \u00a0 \u00a0 \u00a0 \u00a0 \u00a0 \u00a0 \u00a0 \u00a0 \u00a0 \u00a0 \u00a0 \u00a0 \u00a0 \u00a0 \u00a0 \u00a0 \u00a0 \u00a0 \u00a0 \u00a0 \u00a0 \u00a0 \u00a0<strong> \u00a0 el\u00edseo<\/strong><\/p>\n\n\n\n<p><strong><em>Despu\u00e9s del tan propalado segundo debate presidencial realizado anoche domingo 28 de abril, queda la constataci\u00f3n de lo que hemos comentado en esta espacio por varios a\u00f1os; lo se\u00f1alamos en la campa\u00f1a del a\u00f1o 2000 con Fox, Labastida Y C\u00e1rdenas; (ya lo hab\u00edamos comentado en las columnas de 1994 con el debate entre Diego Fern\u00e1ndez, C\u00e1rdenas Y Zedillo) y hasta la fecha; los debates son una actividad morbosamente ignorante mediante la cu\u00e1l se pretende decir que es el gran evento en que se va a decidir la elecci\u00f3n de determinado candidato.\u00a0<\/em><\/strong><\/p>\n\n\n\n<p><strong><em>En realidad , es poco probable que suceda as\u00ed; regularmente es un evento para los medio de comunicaci\u00f3n que alimentan la idea de que ser\u00e1 un gran evento; que lejos de serlo, apenas alcanza para buscar algunos buenos encabezados period\u00edsticos; regularmente relacionados con un momento chusco; un acto inapropiado, digamos de una mentada de madre disfrazada con otras palabras, pero que al final significa lo que significa&#8230;, una mentada de madre.<\/em><\/strong><\/p>\n\n\n\n<p style=\"font-size:25px\"><em><strong>Los eternos ganadores&#8230;\u00a0<\/strong><\/em><\/p>\n\n\n\n<p style=\"font-size:25px\"><em><strong>\u00a1todos ganaron&#8230;!<\/strong><\/em><\/p>\n\n\n\n<p><strong><em>Anoche, a partir de las 22 horas, una vez que concluy\u00f3 el tal encuentro; en todos los medios, de manera invariable se mencion\u00f3 a diestra y siniestra el triunfo indudable de los tres candidatos; en cada medio hab\u00eda personal de los tres encargado de se\u00f1alar las virtudes de su candidato o representado, y la vulnerabilidad del los otros dos; afirmaban las virtudes de su l\u00edder; las aportaciones que le dejaban por encima de los contendientes.<\/em><\/strong><\/p>\n\n\n\n<p><strong><em>En cada televisora, peri\u00f3dico, noticiario de radio o en las redes sociales, los tres candidatos ganaron y perdieron, dependiendo de la postura del comentarista (muchos de ellos penosamente, merolicos aleccionados por alguien m\u00e1s&#8230;, lo sabemos de antemano).<\/em><\/strong><\/p>\n\n\n\n<p><strong><em>Desde la campa\u00f1a de odio y lodo (mierda incluida) de 2006, pareciera que a las mismas le sobran d\u00edas de promoci\u00f3n, le sobran manifestaciones de mal gusto; y, fundamentalmente\u00a0 tonter\u00edas y capacidad de enajenaci\u00f3n del electorado.<\/em><\/strong><\/p>\n\n\n\n<p><strong><em>Por ejemplo, hoy, queda claro que ya no tendr\u00eda sentido que siguieran las campa\u00f1as todo el mes de mayo; no tiene sentido seguir ensuciando la mente del mexicano con tanta basura ideol\u00f3gica; y con tanta informaci\u00f3n t\u00f3xica. Despu\u00e9s de casi un a\u00f1o de guerra propagand\u00edstica en los medios de comunicaci\u00f3n, se le har\u00eda un favor a los electores y a los mexicanos en general realizando las votaciones el pr\u00f3ximo domingo.<\/em><\/strong><\/p>\n\n\n\n<p><strong><em>La propuesta se sustenta en el nivel de contaminaci\u00f3n emocional y t\u00f3xica, aunada con la guerra sucia que deja muy mal parada a la clase pol\u00edtica&#8230;;\u00a0la mayor parte del tiempo descalificando, mintiendo, ensuciando al &#8220;otro&#8221; u &#8220;otra&#8221;, como forma de hacer pol\u00edtica.<\/em><\/strong><\/p>\n\n\n\n<p><strong><em>Lo que se vio y escuch\u00f3 ayer en el debate fue lo que ya se sabe desde hace meses; tres posturas que se repiten todos los d\u00edas; nada especial o nuevo, por que en pol\u00edtica no hay cosas nuevas; s\u00f3lo personas que vienen y van.<\/em><\/strong><\/p>\n\n\n\n<p><strong><em>Bien nos podr\u00edamos ahorrar todo el mes de mayo, sin necesidad de tanta descalificaci\u00f3n y malas palabras; para eso sobra tempo, las mentadas de madre es algo que le sale demasiado f\u00e1cil al lenguaje del ciudadano de todos los d\u00edas; no se requiere m\u00e1s tiempo de campa\u00f1a.<\/em><\/strong><\/p>\n\n\n\n<p><strong><em>Desde diciembre del 2023, ya estaba claro el panorama pol\u00edtico electoral; hab\u00eda dos propuestas ideol\u00f3gicas claras; por un lado la izquierda tratando de convencer a los mexicanos de que se est\u00e1n haciendo bien las cosas hasta el momento y que hay que apoyar a su candidata Claudia&#8230;; para seguir con la misma propuesta de administraci\u00f3n; se recalc\u00f3 en los medios que la izquierda merece seguir en el poder; y que la opini\u00f3n que se tenga de el presidente AMLO debe ser trasladada a la figura de su correligionaria Claudia; para continuar con esta propuesta social de pa\u00eds&#8230;\u00a0&#8220;por el bien de todos, primero los pobres&#8221;.<\/em><\/strong><\/p>\n\n\n\n<p><strong><em>La\u00a0otra opci\u00f3n no tiene la menor duda, es la propuesta de derecha con X\u00f3chitl, que ofrece el regreso a lo que era el pa\u00eds hasta 2018; ofrece regresar a la apertura del mercado de manera indiscriminada; seguir privatizando los recursos p\u00fablicos; establecer como mercanc\u00edas todo lo que se relaciona con los derechos universales como son: educaci\u00f3n, medicina y el agua.<\/em><\/strong><\/p>\n\n\n\n<p><strong>Incluso, en alg\u00fan momento se ha propuesto en el gobierno panista, que\u00a0<em>el agua hay que cobrarla hasta que les duela a las personas.<\/em><\/strong><\/p>\n\n\n\n<p><strong>Hoy, la propuesta de la derecha (PAN_PRI_PRD) es elevar a categor\u00eda de mercanc\u00eda estos bienes necesarios mundialmente: educaci\u00f3n, medicina y agua.<\/strong><\/p>\n\n\n\n<p><strong>As\u00ed es la derecha nacional; replica lo que promueve la derecha mundial (USA, con Trump; Argentina con Milei, Per\u00fa, con Duarte; Ecuador , con Noboa; y ni qu\u00e9 decir de la Europa conservadora).<\/strong><\/p>\n\n\n\n<p><strong><em>Y movimiento Ciudadano&#8230;(MC) con M\u00e1ynez, ellos solamente luchan por mantener la millonada de pesos que reciben para ser felices viviendo del presupuesto; no tiene ideolog\u00eda ni principios&#8230;; bueno los de Groucho Marx que dec\u00eda m\u00e1s o menos &#8230;\u00a0&#8220;estos son mis principios, y si no les gustan, tengo otros&#8230;&#8221;.<\/em><\/strong><\/p>\n\n\n\n<p><strong><em>Esto es MC, un partido para vivir del presupuesto (como sin duda lo es el Verde, el PT, el PRD, el PES&#8230;). Aspiran a mantener el registro, y cada punto extra que obtienen en las elecciones les da el derecho a m\u00e1s dinero p\u00fablico; as\u00ed de simple&#8230;, es lo que hay.<\/em><\/strong><\/p>\n\n\n\n<p style=\"font-size:25px\"><strong>El debate&#8230;<\/strong><\/p>\n\n\n\n<p><strong><em>Simple espect\u00e1culo para distraer a los mexicanos por un momento; esc\u00e1ndalo, propaganda de mal gusto; morbo de esperar en qu\u00e9 momento alguien le mienta la madre a alguien; en qu\u00e9 momento alguien se le queda mirando a las edecanes admirando sus nalgas y generando noticia y distracci\u00f3n&#8230;, \u00a1ah, el poder de las nalgas en la vida! con cu\u00e1nta hipocres\u00eda, pues nos gusta negarlo&#8230;, en fin.<\/em><\/strong><\/p>\n\n\n\n<p><strong><em>Se pueden realizar dos o tres debates m\u00e1s, no van a cambiar lo que ya ha sido decidido en su gran mayor\u00eda por el electorado&#8230;; el voto no va a cambiar gran cosa con este espect\u00e1culo. Derecha e izquierda han quedado desnudas en sus propuestas, el electorado dif\u00edcilmente va a cambiar; creo que ya lo han decidido-\u00a0<\/em><\/strong><\/p>\n\n\n\n<p style=\"font-size:25px\"><strong>El resto es mera propaganda&#8230;; circo y tiempo de canallas.<\/strong><\/p>\n\n\n\n<p style=\"font-size:25px\"><strong>Un mes m\u00e1s de propaganda es demasiado castigo para el electorado.<\/strong><\/p>\n\n\n\n<p style=\"font-size:25px\"><strong>Debates y espect\u00e1culos casi obsoletos se parecen demasiado&#8230;<\/strong><\/p>\n","protected":false},"excerpt":{"rendered":"<p>LA ECONOM\u00cdA Y USTED&#8230; Eliseo Castillo \u00a0 \u00a0 \u00a0 \u00a0 \u00a0 \u00a0 \u00a0 \u00a0 \u00a0 \u00a0 \u00a0 \u00a0 \u00a0 \u00a0 \u00a0 \u00a0 \u00a0 \u00a0 \u00a0 \u00a0 \u00a0 \u00a0 \u00a0 \u00a0 \u00a0 \u00a0 \u00a0 \u00a0 \u00a0 \u00a0 \u00a0 \u00a0 \u00a0 \u00a0 \u00a0 \u00a0 \u00a0 \u00a0 \u00a0 \u00a0 \u00a0 \u00a0 \u00a0 \u00a0 \u00a0 \u00a0 \u00a0 \u00a0 \u00a0 [&hellip;]<\/p>\n","protected":false},"author":2,"featured_media":9043,"comment_status":"open","ping_status":"open","sticky":false,"template":"","format":"standard","meta":{"footnotes":"","_rishi_post_view_count":642},"categories":[1],"tags":[],"class_list":["post-9042","post","type-post","status-publish","format-standard","has-post-thumbnail","hentry","category-opinion"],"comments_count":"0","_links":{"self":[{"href":"https:\/\/elpregonerodezamora.com\/index.php\/wp-json\/wp\/v2\/posts\/9042","targetHints":{"allow":["GET"]}}],"collection":[{"href":"https:\/\/elpregonerodezamora.com\/index.php\/wp-json\/wp\/v2\/posts"}],"about":[{"href":"https:\/\/elpregonerodezamora.com\/index.php\/wp-json\/wp\/v2\/types\/post"}],"author":[{"embeddable":true,"href":"https:\/\/elpregonerodezamora.com\/index.php\/wp-json\/wp\/v2\/users\/2"}],"replies":[{"embeddable":true,"href":"https:\/\/elpregonerodezamora.com\/index.php\/wp-json\/wp\/v2\/comments?post=9042"}],"version-history":[{"count":1,"href":"https:\/\/elpregonerodezamora.com\/index.php\/wp-json\/wp\/v2\/posts\/9042\/revisions"}],"predecessor-version":[{"id":9044,"href":"https:\/\/elpregonerodezamora.com\/index.php\/wp-json\/wp\/v2\/posts\/9042\/revisions\/9044"}],"wp:featuredmedia":[{"embeddable":true,"href":"https:\/\/elpregonerodezamora.com\/index.php\/wp-json\/wp\/v2\/media\/9043"}],"wp:attachment":[{"href":"https:\/\/elpregonerodezamora.com\/index.php\/wp-json\/wp\/v2\/media?parent=9042"}],"wp:term":[{"taxonomy":"category","embeddable":true,"href":"https:\/\/elpregonerodezamora.com\/index.php\/wp-json\/wp\/v2\/categories?post=9042"},{"taxonomy":"post_tag","embeddable":true,"href":"https:\/\/elpregonerodezamora.com\/index.php\/wp-json\/wp\/v2\/tags?post=9042"}],"curies":[{"name":"wp","href":"https:\/\/api.w.org\/{rel}","templated":true}]}}