{"id":9015,"date":"2024-04-12T01:09:04","date_gmt":"2024-04-12T01:09:04","guid":{"rendered":"https:\/\/elpregonerodezamora.com\/?p=9015"},"modified":"2024-04-12T01:09:05","modified_gmt":"2024-04-12T01:09:05","slug":"victoria-diplomatica","status":"publish","type":"post","link":"https:\/\/elpregonerodezamora.com\/index.php\/2024\/04\/12\/victoria-diplomatica\/","title":{"rendered":"VICTORIA DIPLOM\u00c1TICA&#8230;"},"content":{"rendered":"\n<p><strong>Julio Hern\u00e1ndez L\u00f3pez (Astillero)<\/strong><\/p>\n\n\n\n<p><strong><em>El presidente\u00a0Andr\u00e9s Manuel L\u00f3pez Obrador ha conseguido una victoria pol\u00edtica y diplom\u00e1tica tan contundente como inusual en estos tiempos tan propicios para la divisi\u00f3n y el desentendimiento. S\u00f3lo el gobierno victimario de Daniel Noboa vot\u00f3 contra la condena\u00a0en\u00e9rgica\u00a0al asalto de la embajada mexicana en Ecuador. Veintinueve pa\u00edses aprobaron el documento reprobatorio de los actos violentos. Nayib Bukele, de El Salvador, prefiri\u00f3 la indefinici\u00f3n y su representante en la Organizaci\u00f3n de los Estados Americanos (OEA) se abstuvo de asumir postura.<\/em><\/strong><\/p>\n\n\n\n<p><strong><em>Falta ver las consecuencias pr\u00e1cticas de esta virtual unanimidad de criterios continentales. M\u00e9xico y el secretario general de la OEA exploran las posibilidades de que Quito extienda el salvoconducto correspondiente para que el ex vicepresidente Jorge Glas pueda salir de Ecuador y quede formalmente asilado en M\u00e9xico.<\/em><\/strong><\/p>\n\n\n\n<p><strong><em>Pero el presidente Noboa, tan inexperto y manipulable que se refugia en m\u00e9todos autoritarios que ni siquiera controla, aparte de ordenar el b\u00e1rbaro ataque a la sede mexicana ha instruido, o cuando menos permitido, que se maltrate al citado ex vicepresidente, que est\u00e1 en huelga de hambre, por la tortura f\u00edsica y sicol\u00f3gica a que ha sido sometido, seg\u00fan reporte de familiares y seguidores, a tal grado de que habr\u00eda intentado suicidarse en una c\u00e1rcel de alta seguridad, seg\u00fan afirma el ex presidente Correa. Actualmente, Glas est\u00e1 en huelga de hambre.<\/em><\/strong><\/p>\n\n\n\n<p><strong><em>Noboa est\u00e1 recibiendo un repudio generalizado y la gobernabilidad de Ecuador se le est\u00e1 complicando, con la corriente af\u00edn al ex presidente Rafael Correa deshaciendo alianzas en la Asamblea Nacional (Poder Legislativo) y una creciente oposici\u00f3n popular, pero \u00e9l ha decidido irse tres d\u00edas a Miami, su tierra natal, a atender asuntos de \u00edndole personal.<\/em><\/strong><\/p>\n\n\n\n<p><strong><em>La victoria del gobierno de M\u00e9xico, encabezado por L\u00f3pez Obrador, ha sido posible gracias al empuje de gobiernos de izquierda o progresistas (el colombiano Gustavo Petro, un motor importante), pero tambi\u00e9n de presidentes instalados en las ant\u00edpodas, como el argentino Javier Milei. Cierto es que el tama\u00f1o del yerro ecuatoriano no dio margen para intentar alguna forma de justificaci\u00f3n, pero es significativo el gesto unitario, desde distintos flancos ideol\u00f3gicos, en torno al caso mexicano.<\/em><\/strong><\/p>\n\n\n\n<p><strong><em>El propio Estados Unidos, y su ramal de tentativa de control de la pol\u00edtica continental, la OEA, procesaron los hechos de Quito de manera ins\u00f3lita. La Casa Blanca quiso refugiarse originalmente en alg\u00fan posicionamiento laxo, pero L\u00f3pez Obrador presion\u00f3 para que hubiera una definici\u00f3n clara de la administraci\u00f3n Biden, lo que se consigui\u00f3 mediante la declaraci\u00f3n de un vocero.<\/em><\/strong><\/p>\n\n\n\n<p><strong><em>Y la OEA, hist\u00f3ricamente dispuesta a cometer las indignidades que Washington le llegue a ordenar, desahog\u00f3 el tema con desacostumbrado tino, si acaso concediendo alg\u00fan p\u00e1rrafo de su comunicado al forzado argumento de los Noboas (La veleidosa Lilly T\u00e9llez, un ejemplo disparatado; Fox y Calder\u00f3n, tambi\u00e9n) que pretenden justificar la agresi\u00f3n a la embajada mexicana y sus funcionarios porque L\u00f3pez Obrador habr\u00eda ejercido inadecuadamente el derecho de asilo.<\/em><\/strong><\/p>\n\n\n\n<p><strong><em>El sonoro revire a la locura gubernamental ecuatoriana, con un papel central de la Casa Blanca y la OEA en cuanto a no haber obstruido el acuerdo hist\u00f3rico de 29 a uno, podr\u00eda entenderse en el contexto electoral estadunidense, en el que la administraci\u00f3n Biden necesita mantener activos los mecanismos mexicanos de control migratorio desde el sur (X\u00f3chitl G\u00e1lvez y otros opositores aseguran que AMLO tiene como rehenes a las autoridades gringas por dicho tema migratorio).<\/em><\/strong><\/p>\n\n\n\n<p><\/p>\n","protected":false},"excerpt":{"rendered":"<p>Julio Hern\u00e1ndez L\u00f3pez (Astillero) El presidente\u00a0Andr\u00e9s Manuel L\u00f3pez Obrador ha conseguido una victoria pol\u00edtica y diplom\u00e1tica tan contundente como inusual en estos tiempos tan propicios para la divisi\u00f3n y el desentendimiento. S\u00f3lo el gobierno victimario de Daniel Noboa vot\u00f3 contra la condena\u00a0en\u00e9rgica\u00a0al asalto de la embajada mexicana en Ecuador. Veintinueve pa\u00edses aprobaron el documento reprobatorio [&hellip;]<\/p>\n","protected":false},"author":2,"featured_media":9016,"comment_status":"open","ping_status":"open","sticky":false,"template":"","format":"standard","meta":{"footnotes":"","_rishi_post_view_count":759},"categories":[22],"tags":[],"class_list":["post-9015","post","type-post","status-publish","format-standard","has-post-thumbnail","hentry","category-internacionales"],"comments_count":"0","_links":{"self":[{"href":"https:\/\/elpregonerodezamora.com\/index.php\/wp-json\/wp\/v2\/posts\/9015","targetHints":{"allow":["GET"]}}],"collection":[{"href":"https:\/\/elpregonerodezamora.com\/index.php\/wp-json\/wp\/v2\/posts"}],"about":[{"href":"https:\/\/elpregonerodezamora.com\/index.php\/wp-json\/wp\/v2\/types\/post"}],"author":[{"embeddable":true,"href":"https:\/\/elpregonerodezamora.com\/index.php\/wp-json\/wp\/v2\/users\/2"}],"replies":[{"embeddable":true,"href":"https:\/\/elpregonerodezamora.com\/index.php\/wp-json\/wp\/v2\/comments?post=9015"}],"version-history":[{"count":1,"href":"https:\/\/elpregonerodezamora.com\/index.php\/wp-json\/wp\/v2\/posts\/9015\/revisions"}],"predecessor-version":[{"id":9017,"href":"https:\/\/elpregonerodezamora.com\/index.php\/wp-json\/wp\/v2\/posts\/9015\/revisions\/9017"}],"wp:featuredmedia":[{"embeddable":true,"href":"https:\/\/elpregonerodezamora.com\/index.php\/wp-json\/wp\/v2\/media\/9016"}],"wp:attachment":[{"href":"https:\/\/elpregonerodezamora.com\/index.php\/wp-json\/wp\/v2\/media?parent=9015"}],"wp:term":[{"taxonomy":"category","embeddable":true,"href":"https:\/\/elpregonerodezamora.com\/index.php\/wp-json\/wp\/v2\/categories?post=9015"},{"taxonomy":"post_tag","embeddable":true,"href":"https:\/\/elpregonerodezamora.com\/index.php\/wp-json\/wp\/v2\/tags?post=9015"}],"curies":[{"name":"wp","href":"https:\/\/api.w.org\/{rel}","templated":true}]}}