{"id":9012,"date":"2024-04-12T00:38:10","date_gmt":"2024-04-12T00:38:10","guid":{"rendered":"https:\/\/elpregonerodezamora.com\/?p=9012"},"modified":"2024-04-12T00:38:11","modified_gmt":"2024-04-12T00:38:11","slug":"carlos-soto-recibio-constancia-como-candidato-a-presidente-municipal-de-zamora","status":"publish","type":"post","link":"https:\/\/elpregonerodezamora.com\/index.php\/2024\/04\/12\/carlos-soto-recibio-constancia-como-candidato-a-presidente-municipal-de-zamora\/","title":{"rendered":"Carlos Soto recibi\u00f3 Constancia como Candidato a Presidente Municipal de Zamora."},"content":{"rendered":"\n<p><strong>Redacci\u00f3n \/ El Pregonero TV<\/strong><\/p>\n\n\n\n<p><strong>Jueves 11\/abril\/2024.- <em>Esta ma\u00f1ana en la capital del estado, Carlos Alberto Soto Delgado, recibi\u00f3 de manos de Marko Cort\u00e9s Presidente del PAN y de Cuquita Cabrera Presidenta del Comit\u00e9 Directivo Estatal su constancia como candidato electo a la Presidencia Municipal de Zamora.<\/em><\/strong><\/p>\n","protected":false},"excerpt":{"rendered":"<p>Redacci\u00f3n \/ El Pregonero TV Jueves 11\/abril\/2024.- Esta ma\u00f1ana en la capital del estado, Carlos Alberto Soto Delgado, recibi\u00f3 de manos de Marko Cort\u00e9s Presidente del PAN y de Cuquita Cabrera Presidenta del Comit\u00e9 Directivo Estatal su constancia como candidato electo a la Presidencia Municipal de Zamora.<\/p>\n","protected":false},"author":2,"featured_media":9013,"comment_status":"open","ping_status":"open","sticky":false,"template":"","format":"standard","meta":{"footnotes":"","_rishi_post_view_count":913},"categories":[197],"tags":[],"class_list":["post-9012","post","type-post","status-publish","format-standard","has-post-thumbnail","hentry","category-politica"],"comments_count":"0","_links":{"self":[{"href":"https:\/\/elpregonerodezamora.com\/index.php\/wp-json\/wp\/v2\/posts\/9012","targetHints":{"allow":["GET"]}}],"collection":[{"href":"https:\/\/elpregonerodezamora.com\/index.php\/wp-json\/wp\/v2\/posts"}],"about":[{"href":"https:\/\/elpregonerodezamora.com\/index.php\/wp-json\/wp\/v2\/types\/post"}],"author":[{"embeddable":true,"href":"https:\/\/elpregonerodezamora.com\/index.php\/wp-json\/wp\/v2\/users\/2"}],"replies":[{"embeddable":true,"href":"https:\/\/elpregonerodezamora.com\/index.php\/wp-json\/wp\/v2\/comments?post=9012"}],"version-history":[{"count":1,"href":"https:\/\/elpregonerodezamora.com\/index.php\/wp-json\/wp\/v2\/posts\/9012\/revisions"}],"predecessor-version":[{"id":9014,"href":"https:\/\/elpregonerodezamora.com\/index.php\/wp-json\/wp\/v2\/posts\/9012\/revisions\/9014"}],"wp:featuredmedia":[{"embeddable":true,"href":"https:\/\/elpregonerodezamora.com\/index.php\/wp-json\/wp\/v2\/media\/9013"}],"wp:attachment":[{"href":"https:\/\/elpregonerodezamora.com\/index.php\/wp-json\/wp\/v2\/media?parent=9012"}],"wp:term":[{"taxonomy":"category","embeddable":true,"href":"https:\/\/elpregonerodezamora.com\/index.php\/wp-json\/wp\/v2\/categories?post=9012"},{"taxonomy":"post_tag","embeddable":true,"href":"https:\/\/elpregonerodezamora.com\/index.php\/wp-json\/wp\/v2\/tags?post=9012"}],"curies":[{"name":"wp","href":"https:\/\/api.w.org\/{rel}","templated":true}]}}