{"id":9005,"date":"2024-04-10T19:38:46","date_gmt":"2024-04-10T19:38:46","guid":{"rendered":"https:\/\/elpregonerodezamora.com\/?p=9005"},"modified":"2024-04-10T19:38:47","modified_gmt":"2024-04-10T19:38:47","slug":"entonces-el-ine-si-se-toco-y-les-toco","status":"publish","type":"post","link":"https:\/\/elpregonerodezamora.com\/index.php\/2024\/04\/10\/entonces-el-ine-si-se-toco-y-les-toco\/","title":{"rendered":"\u00bfENTONCES\u2026, EL INE SI SE TOC\u00d3\u2026, Y LES TOC\u00d3?"},"content":{"rendered":"\n<p style=\"font-size:30px\"><strong>LA ECONOM\u00cdA Y USTED&#8230;<\/strong><\/p>\n\n\n\n<p><strong>Eliseo Castillo<\/strong><\/p>\n\n\n\n<p>\u00a0 \u00a0 \u00a0 \u00a0 \u00a0 \u00a0 \u00a0 \u00a0 \u00a0 \u00a0 \u00a0 \u00a0 \u00a0 \u00a0 \u00a0 \u00a0 \u00a0 \u00a0 \u00a0 \u00a0 \u00a0 \u00a0 \u00a0<\/p>\n\n\n\n<p>\u00a0 \u00a0 \u00a0 \u00a0 \u00a0 \u00a0 \u00a0 \u00a0 \u00a0 \u00a0 \u00a0 \u00a0 \u00a0 \u00a0 \u00a0 \u00a0 \u00a0 \u00a0 \u00a0 \u00a0 \u00a0 \u00a0 \u00a0 \u00a0 \u00a0 \u00a0 \u00a0 \u00a0 \u00a0 \u00a0 \u00a0 <strong>     DEL OTO\u00d1O SUAVE<\/strong><\/p>\n\n\n\n<p>\u00a0 \u00a0 \u00a0 \u00a0 \u00a0 \u00a0 \u00a0 \u00a0 \u00a0 \u00a0 \u00a0 \u00a0 \u00a0 \u00a0 \u00a0 \u00a0 \u00a0 \u00a0 \u00a0 \u00a0 \u00a0 \u00a0 \u00a0 \u00a0 \u00a0 \u00a0<strong><em>&#8220;No es que sufra por tu ausencia algunas noches,<\/em><\/strong><\/p>\n\n\n\n<p>\u00a0 \u00a0 \u00a0 \u00a0 \u00a0 \u00a0 \u00a0 \u00a0 \u00a0 \u00a0 \u00a0 \u00a0 \u00a0 \u00a0 \u00a0 \u00a0 \u00a0 \u00a0 \u00a0 \u00a0 \u00a0 \u00a0 \u00a0 \u00a0 \u00a0 <strong><em>amor de entonces, amor de anta\u00f1o,<\/em><\/strong><\/p>\n\n\n\n<p>\u00a0 \u00a0 \u00a0 \u00a0 \u00a0 \u00a0 \u00a0 \u00a0 \u00a0 \u00a0 \u00a0 \u00a0 \u00a0 \u00a0 \u00a0 \u00a0 \u00a0 \u00a0 \u00a0 \u00a0 \u00a0 \u00a0 \u00a0 \u00a0 \u00a0<strong><em> que el olvido no sea hu\u00e9sped cotidiano,<\/em><\/strong><\/p>\n\n\n\n<p>\u00a0 \u00a0 \u00a0 \u00a0 \u00a0 \u00a0 \u00a0 \u00a0 \u00a0 \u00a0 \u00a0 \u00a0 \u00a0 \u00a0 \u00a0 \u00a0 \u00a0 \u00a0 \u00a0 \u00a0 \u00a0 \u00a0 \u00a0 \u00a0 \u00a0 <strong><em>que el rechazo no entre y se aposente ufano,<\/em><\/strong><\/p>\n\n\n\n<p>\u00a0 \u00a0 \u00a0 \u00a0 \u00a0 \u00a0 \u00a0 \u00a0 \u00a0 \u00a0 \u00a0 \u00a0 \u00a0 \u00a0 \u00a0 \u00a0 \u00a0 \u00a0 \u00a0 \u00a0 \u00a0 \u00a0 \u00a0 \u00a0 \u00a0 <strong><em>que los r\u00edos de vida se desgranen en tus manos;<\/em><\/strong><\/p>\n\n\n\n<p>\u00a0 \u00a0 \u00a0 \u00a0 \u00a0 \u00a0 \u00a0 \u00a0 \u00a0 \u00a0 \u00a0 \u00a0 \u00a0 \u00a0 \u00a0 \u00a0 \u00a0 \u00a0 \u00a0 \u00a0 \u00a0 \u00a0 \u00a0 \u00a0 \u00a0 <strong><em>amor de entonces, nunca lejano,<\/em><\/strong><\/p>\n\n\n\n<p>\u00a0 \u00a0 \u00a0 \u00a0 \u00a0 \u00a0 \u00a0 \u00a0 \u00a0 \u00a0 \u00a0 \u00a0 \u00a0 \u00a0 \u00a0 \u00a0 \u00a0 \u00a0 \u00a0 \u00a0 \u00a0 \u00a0 \u00a0 <strong><em>\u00a0 \u00a0 que el oto\u00f1o, apenas sea mera estaci\u00f3n del a\u00f1o&#8221;&#8230;<\/em><\/strong><\/p>\n\n\n\n<p>\u00a0 \u00a0 \u00a0 \u00a0 \u00a0 \u00a0 \u00a0 \u00a0 \u00a0 \u00a0 \u00a0 \u00a0 \u00a0 \u00a0 \u00a0 \u00a0 \u00a0 \u00a0 \u00a0 \u00a0 \u00a0 \u00a0 \u00a0 \u00a0 \u00a0 \u00a0 \u00a0 \u00a0 \u00a0 \u00a0 \u00a0 \u00a0 \u00a0 \u00a0 \u00a0 \u00a0 \u00a0 \u00a0 <strong>\u00a0el\u00edseo<\/strong><\/p>\n\n\n\n<p><strong><em>Apenas hace unos meses que, desde los medios comerciales de comunicaci\u00f3n; diversos comunicadores y periodistas se desgarraban las vestiduras para lanzar orbit et orbi que el INE no se toca; que se trata de una instituci\u00f3n impoluta, ejemplar; y, que sus representante; Lorenzo C\u00f3rdova al frente de semejante s\u00e9quito de personajes &#8220;superiores&#8221; no deb\u00edan ser molestado ni con el menor comentario que pudiera alterar sus horas de fama ef\u00edmera; pero fama para quien aspira a ella. Lorenzo y su grupo, que m\u00e1s suena a peque\u00f1a mafia que a equipo de trabajo.<\/em><\/strong><\/p>\n\n\n\n<p><strong><em>La derecha pol\u00edtica encarnada como nunca en el PRIAN (PRI_PAN_PRD) coordinados por el &#8220;junior&#8221; Claudio X. Gonz\u00e1lez (no trabaja, pero como es hijo de papi rico; termina siendo un pirruris m\u00e1s) convocaron a una gran marcha por la defensa del INE, y de todos los beneficios que sus funcionarios reciben de manera permanente y generosa; ya nada m\u00e1s falta que se les quiera quitar los recursos que se han ganado con el sudor de su&#8230;, de su&#8230;; \u00a1qui\u00e9n sabe de donde venga el sudor; ya no se sabe, parece que de su frente no.<\/em><\/strong><\/p>\n\n\n\n<p style=\"font-size:25px\"><strong>El INE no se toca&#8230;, y se toc\u00f3, y se manose\u00f3&#8230;, pero no por cualquiera, no por cualquiera.<\/strong><\/p>\n\n\n\n<p><strong><em>Cuando se le cuestionaba a Lorenzo C\u00f3rdova por los altos gastos que se ve\u00edan en el INE; siempre se defend\u00eda justific\u00e1ndolos; se\u00f1alaba que todo estaba en el presupuesto asignado; y que se pod\u00eda usar el recuso sin problema; am\u00e9n de que siempre reclam\u00f3 y defendi\u00f3 su alto salario, ampar\u00e1ndose contra el intento de aplicar la constituci\u00f3n&#8230;; &#8220;se\u00f1oritomerecetodo&#8221;; prefiri\u00f3 darle una bofetada a la sociedad deseosa de ver una lucha clara por la reducci\u00f3n de la desigualdad.<\/em><\/strong><\/p>\n\n\n\n<p><strong>Qued\u00f3 claro que el tema no era que el INE no se tocaba&#8230; \u00a1eran sus derechos!<\/strong><\/p>\n\n\n\n<p><strong><em>&#8220;En los nueve a\u00f1os de la presidencia de Lorenzo C\u00f3rdova en el Instituto Nacional Electoral (INE) se aplic\u00f3 una pol\u00edtica de sobrestimaci\u00f3n del gasto para generar remanentes que de 2014 a 2023 ascendieron a 10 mil 515 millones de pesos, de los cuales solo se reintegraron a la Tesorer\u00eda 4 mil 79 millones, explic\u00f3 ayer a diputados Luis Oswaldo Peralta Rivera, encargado del \u00d3rgano Interno de Control (OIC) del organismo electoral.<\/em><\/strong><\/p>\n\n\n\n<p><em><strong>&#8230;<\/strong><\/em><\/p>\n\n\n\n<p><em><strong>Hab\u00eda &#8220;gran resistencia&#8221; a la devoluci\u00f3n del gasto no ejercido, expres\u00f3 en reuni\u00f3n con la junta directiva de la Comisi\u00f3n de Vigilancia de la Auditor\u00eda Superior de la Federaci\u00f3n para desglosar el informe 2023 del OIC&#8221;.<\/strong><\/em><\/p>\n\n\n\n<p><em><strong>Fuente: Enrique M\u00e9ndez y V\u00edctor Ballinas; peri\u00f3dico La Jornada, viernes 5 de abril, 2024; pag. 6<\/strong><\/em><\/p>\n\n\n\n<p><strong><em>Resulta que la auditor\u00eda arroj\u00f3 lo que se ocultaba tanto; el uso y abuso de los recursos en el INE; y con el pretexto de que ellos son aut\u00f3nomos, al parecer, de manera intencional generaban sobrantes del presupuesto anual, pero no los regresaban a Hacienda; se los quedaban con el pretexto de crear fondos para&#8230;, digamos para lo que se &#8220;les ofreciera&#8221;.<\/em><\/strong><\/p>\n\n\n\n<p><em><strong>&#8220;En ese lapso, la mayor\u00eda de remanentes se destin\u00f3 a los dos fideicomisos del instituto:3 mil 116 millones 562 mil 759 pesos al de pasivo laboral y 3 mil 168 millones 879 mil 505 al de infraestructura, atenci\u00f3n ciudadana y mejoramiento de m\u00f3dulos&#8221;.<\/strong><\/em><\/p>\n\n\n\n<p><em><strong>Fuente: Op.cit, \u00cdbidem.<\/strong><\/em><\/p>\n\n\n\n<p><strong><em>As\u00ed es como se esconden los desv\u00edos de millones de pesos disfrazados de pagos por cursos, diplomados, conferencias, remodelaci\u00f3n de edificios; etc\u00e9tera.<\/em><\/strong><\/p>\n\n\n\n<p><strong><em>Igual que los fideicomisos que tanto defienden en la Suprema Corte de Justicia; por eso los aman tanto; por sus masajes, sus viajes a todo el mundo a cargo del gasto p\u00fablico; el pago a amigos y parientes por cualquier motivo; lo que importa es repartirse el dinero que no les pertenece; pero que como dijo alguna vez Lorenzo C\u00f3rdova en entrevista; es dinero que est\u00e1 aprobado en el presupuesto.<\/em><\/strong><\/p>\n\n\n\n<p><strong>\u00a1Qu\u00e9 fregones son&#8230;!\u00a0<\/strong><\/p>\n\n\n\n<p><strong>\u00a1tarugos los que viven fuera del reparto&#8230;!<\/strong><\/p>\n\n\n\n<p><strong>El INE se toca, se manosea, y ha sido una instituci\u00f3n que ha enriquecido a algunos&#8230;<\/strong><\/p>\n\n\n\n<p><strong>Felicidades a quienes hayan ido a marchar para defender a esta casta de &#8220;mal empleados&#8221; p\u00fablicos.<\/strong><\/p>\n\n\n\n<p style=\"font-size:25px\"><strong>El INE se toca, se manosea, y se usa para beneficio de algunos&#8230;, as\u00ed de simple.<\/strong><\/p>\n\n\n\n<p><\/p>\n\n\n\n<figure class=\"wp-block-image\"><img decoding=\"async\" src=\"https:\/\/res.cdn.office.net\/assets\/ads\/adbarmetrochoice.svg\" alt=\"\"\/><\/figure>\n","protected":false},"excerpt":{"rendered":"<p>LA ECONOM\u00cdA Y USTED&#8230; Eliseo Castillo \u00a0 \u00a0 \u00a0 \u00a0 \u00a0 \u00a0 \u00a0 \u00a0 \u00a0 \u00a0 \u00a0 \u00a0 \u00a0 \u00a0 \u00a0 \u00a0 \u00a0 \u00a0 \u00a0 \u00a0 \u00a0 \u00a0 \u00a0 \u00a0 \u00a0 \u00a0 \u00a0 \u00a0 \u00a0 \u00a0 \u00a0 \u00a0 \u00a0 \u00a0 \u00a0 \u00a0 \u00a0 \u00a0 \u00a0 \u00a0 \u00a0 \u00a0 \u00a0 \u00a0 \u00a0 \u00a0 \u00a0 \u00a0 \u00a0 [&hellip;]<\/p>\n","protected":false},"author":2,"featured_media":9006,"comment_status":"open","ping_status":"open","sticky":false,"template":"","format":"standard","meta":{"footnotes":"","_rishi_post_view_count":617},"categories":[1],"tags":[],"class_list":["post-9005","post","type-post","status-publish","format-standard","has-post-thumbnail","hentry","category-opinion"],"comments_count":"0","_links":{"self":[{"href":"https:\/\/elpregonerodezamora.com\/index.php\/wp-json\/wp\/v2\/posts\/9005","targetHints":{"allow":["GET"]}}],"collection":[{"href":"https:\/\/elpregonerodezamora.com\/index.php\/wp-json\/wp\/v2\/posts"}],"about":[{"href":"https:\/\/elpregonerodezamora.com\/index.php\/wp-json\/wp\/v2\/types\/post"}],"author":[{"embeddable":true,"href":"https:\/\/elpregonerodezamora.com\/index.php\/wp-json\/wp\/v2\/users\/2"}],"replies":[{"embeddable":true,"href":"https:\/\/elpregonerodezamora.com\/index.php\/wp-json\/wp\/v2\/comments?post=9005"}],"version-history":[{"count":1,"href":"https:\/\/elpregonerodezamora.com\/index.php\/wp-json\/wp\/v2\/posts\/9005\/revisions"}],"predecessor-version":[{"id":9007,"href":"https:\/\/elpregonerodezamora.com\/index.php\/wp-json\/wp\/v2\/posts\/9005\/revisions\/9007"}],"wp:featuredmedia":[{"embeddable":true,"href":"https:\/\/elpregonerodezamora.com\/index.php\/wp-json\/wp\/v2\/media\/9006"}],"wp:attachment":[{"href":"https:\/\/elpregonerodezamora.com\/index.php\/wp-json\/wp\/v2\/media?parent=9005"}],"wp:term":[{"taxonomy":"category","embeddable":true,"href":"https:\/\/elpregonerodezamora.com\/index.php\/wp-json\/wp\/v2\/categories?post=9005"},{"taxonomy":"post_tag","embeddable":true,"href":"https:\/\/elpregonerodezamora.com\/index.php\/wp-json\/wp\/v2\/tags?post=9005"}],"curies":[{"name":"wp","href":"https:\/\/api.w.org\/{rel}","templated":true}]}}