{"id":8998,"date":"2024-04-08T23:51:08","date_gmt":"2024-04-08T23:51:08","guid":{"rendered":"https:\/\/elpregonerodezamora.com\/?p=8998"},"modified":"2024-04-08T23:51:08","modified_gmt":"2024-04-08T23:51:08","slug":"ecuador-embajada-es-washington","status":"publish","type":"post","link":"https:\/\/elpregonerodezamora.com\/index.php\/2024\/04\/08\/ecuador-embajada-es-washington\/","title":{"rendered":"ECUADOR, EMBAJADA\u2026 \u00a1ES WASHINGTON!"},"content":{"rendered":"\n<p style=\"font-size:30px\"><strong>LA ECONOM\u00cdA Y USTED&#8230;<\/strong><\/p>\n\n\n\n<p><strong>Eliseo Castillo<\/strong><\/p>\n\n\n\n<p>\u00a0 \u00a0 \u00a0 \u00a0 \u00a0 \u00a0 \u00a0 \u00a0 \u00a0 \u00a0 \u00a0 \u00a0 \u00a0 \u00a0 \u00a0 \u00a0 \u00a0 \u00a0 \u00a0 \u00a0 \u00a0 \u00a0 \u00a0 \u00a0 \u00a0 \u00a0 \u00a0 \u00a0 \u00a0 \u00a0 <\/p>\n\n\n\n<p>\u00a0 \u00a0 \u00a0 \u00a0 \u00a0 \u00a0 \u00a0 \u00a0 \u00a0 \u00a0 \u00a0 \u00a0 \u00a0 \u00a0 \u00a0 \u00a0 \u00a0 \u00a0 \u00a0 \u00a0 \u00a0 \u00a0 \u00a0 \u00a0 \u00a0 \u00a0 \u00a0 \u00a0 \u00a0 \u00a0 \u00a0 \u00a0 \u00a0 \u00a0 \u00a0 \u00a0 \u00a0 \u00a0 \u00a0<strong> \u00a0SER\u00c1S VIDA<\/strong><\/p>\n\n\n\n<p>\u00a0 \u00a0 \u00a0 \u00a0 \u00a0 \u00a0 \u00a0 \u00a0 \u00a0 \u00a0 \u00a0 \u00a0 \u00a0 \u00a0 \u00a0 \u00a0 \u00a0 \u00a0 \u00a0 \u00a0 \u00a0 \u00a0 \u00a0 \u00a0 \u00a0 \u00a0 \u00a0 \u00a0 \u00a0 \u00a0 \u00a0 \u00a0 <strong><em>\u00a0&#8220;Ante el firme paso de los a\u00f1os,<\/em><\/strong><\/p>\n\n\n\n<p>\u00a0 \u00a0 \u00a0 \u00a0 \u00a0 \u00a0 \u00a0 \u00a0 \u00a0 \u00a0 \u00a0 \u00a0 \u00a0 \u00a0 \u00a0 \u00a0 \u00a0 \u00a0 \u00a0 \u00a0 \u00a0 \u00a0 \u00a0 \u00a0 \u00a0 \u00a0 \u00a0 \u00a0 \u00a0 \u00a0 \u00a0 \u00a0 \u00a0<strong><em>se acumula eso que se llama recuerdo,<\/em><\/strong><\/p>\n\n\n\n<p>\u00a0 \u00a0 \u00a0 \u00a0 \u00a0 \u00a0 \u00a0 \u00a0 \u00a0 \u00a0 \u00a0 \u00a0 \u00a0 \u00a0 \u00a0 \u00a0 \u00a0 \u00a0 \u00a0 \u00a0 \u00a0 \u00a0 \u00a0 \u00a0 \u00a0 \u00a0 \u00a0 \u00a0 \u00a0 \u00a0 \u00a0 \u00a0 \u00a0<strong><em>eres, fuiste, se acostumbra, se dice,<\/em><\/strong><\/p>\n\n\n\n<p>\u00a0 \u00a0 \u00a0 \u00a0 \u00a0 \u00a0 \u00a0 \u00a0 \u00a0 \u00a0 \u00a0 \u00a0 \u00a0 \u00a0 \u00a0 \u00a0 \u00a0 \u00a0 \u00a0 \u00a0 \u00a0 \u00a0 \u00a0 \u00a0 \u00a0 \u00a0 \u00a0 \u00a0 \u00a0 \u00a0 \u00a0 \u00a0 \u00a0<strong><em>ser\u00e1s lo que el tiempo diga, nunca olvido&#8221;&#8230;<\/em><\/strong><\/p>\n\n\n\n<p>\u00a0 \u00a0 \u00a0 \u00a0 \u00a0 \u00a0 \u00a0 \u00a0 \u00a0 \u00a0 \u00a0 \u00a0 \u00a0 \u00a0 \u00a0 \u00a0 \u00a0 \u00a0 \u00a0 \u00a0 \u00a0 \u00a0 \u00a0 \u00a0 \u00a0 \u00a0 \u00a0 \u00a0 \u00a0 \u00a0 \u00a0 \u00a0 \u00a0 \u00a0 \u00a0 \u00a0 \u00a0 \u00a0 \u00a0 \u00a0 \u00a0<strong> \u00a0 \u00a0el\u00edseo<\/strong><\/p>\n\n\n\n<p><strong><em>Cuando decimos que ni Pinochet se atrevi\u00f3 a tanto, como lo ha hecho el presidente de Ecuador Daniel Noboa; ya definitivamente que es decir demasiado; sin embargo, ha sucedido lo impensable; el allanamiento de una embajada de M\u00e9xico de parte del gobierno ecuatoriano.<\/em><\/strong><\/p>\n\n\n\n<p><strong><em>Recordemos que una embajada es un peque\u00f1o pedazo de territorio de cada pa\u00eds ubicado en otro; es una forma de tener presencia y autonom\u00eda, de tal forma que se puedan agilizar las relaciones diplom\u00e1ticas, de amistad y comerciales entre el pa\u00eds anfitri\u00f3n y el que instala su embajada en ese territorio.<\/em><\/strong><\/p>\n\n\n\n<p><strong><em>Durante la Segunda Guerra mundial, como parte del esfuerzo por apoyar a perseguidos del ej\u00e9rcito alem\u00e1n nazi, la embajada de M\u00e9xico en Francia realiz\u00f3 grandes esfuerzos rescatando a muchos jud\u00edos y no jud\u00edos, pero perseguidos por los alemanes. La historia lo ha marcado como una p\u00e1gina de honor y justicia que ha honrado al gobierno mexicano ante el resto del mundo; su derecho de asilo como bandera que presume con orgullo en todo el mundo.<\/em><\/strong><\/p>\n\n\n\n<p><strong><em>Durante el golpe de estado en Chile, el 11 de septiembre de 1973, la embajada de M\u00e9xico en ese pa\u00eds se llen\u00f3 de chilenos perseguidos, que salvaron la vida y llegaron a M\u00e9xico, muchos de ellos se quedaron a vivir en M\u00e9xico, otros regresaron a\u00f1os despu\u00e9s, luego que el dictador Pinochet fue desplazado del poder.<\/em><\/strong><\/p>\n\n\n\n<p><strong><em>M\u00e9xico y su derecho de asilo&#8230;,\u00a0 es un brillo sin duda a su pol\u00edtica exterior; ya ni le menciono la cantidad de argentinos (por muy higaditos que sean a cada rato) que salvaron la vida pidiendo asilo en la embajada de M\u00e9xico en ese pa\u00eds.<\/em><\/strong><\/p>\n\n\n\n<p style=\"font-size:25px\"><strong>\u00bfY&#8230;, si no fue Ecuador, y fue Washington&#8230;?<\/strong><\/p>\n\n\n\n<p><strong><em>Salvo que sea un imb\u00e9cil quien gobierna en ese pa\u00eds, o de plano un idiota (quien no puede o no sabe tomar decisiones), todo nos invita a sostener una hip\u00f3tesis nada rara o descabellada; el haber allanado la embajada de M\u00e9xico de la forma en que se hizo; por los reportes y videos que nos han ofrecido; pareciera que en realidad ha sido un montaje burdo mediante el que se busca continuar con el sometimiento de la regi\u00f3n en funci\u00f3n a los intereses del gobierno de los Estados Unidos.<\/em><\/strong><\/p>\n\n\n\n<p><strong><em>Por desgracia, la regi\u00f3n latinoamericana se encuentra en el centro de la lucha por su control desde los intereses de tres potencias econ\u00f3mico militares: Estados Unidos y su destino manifiesto o Doctrina Monroe (Am\u00e9rica para los\u00a0 americanos); Rusia y sus necesidades de responder a los ataques de Estados Unidos por medio de la OTAN y su agresi\u00f3n constante a sus fronteras de seguridad nacional; y por \u00faltimo China y su necesidad de controlar los recursos naturales de la regi\u00f3n y si se puede del mudo para abastecer sus crecientes ambiciones econ\u00f3micas. China necesita controlar los recursos de Latinoam\u00e9rica y \u00c1frica para su econom\u00eda; por eso su presencia pol\u00edtica ante todo.<\/em><\/strong><\/p>\n\n\n\n<p><strong><em>El movimiento de ultraderecha es la punta de ataque de Washington; con este tipo de gobiernos puede apropiarse de los recursos por medio de las empresas americanas que se quedan con los contratos de explotaci\u00f3n minera, maderera, agr\u00edcola, de petr\u00f3leo, energ\u00eda, agua.<\/em><\/strong><\/p>\n\n\n\n<p><strong><em>Lo importante es apoyan a gobiernos de derecha y ultraderecha que respondan a sus intereses; por eso , incluso se llega a fomentar, incentivar y proteger golpes de estado donde haga falta.<\/em><\/strong><\/p>\n\n\n\n<p><strong><em>No es algo nuevo, se hizo en M\u00e9xico para derrocar a Francisco I. Madero; en la embajada de los Estados Unidos se negoci\u00f3 el ataque de los traidores al gobierno; el resto ya lo sabemos; ahora se recuerda tal evento como\u00a0&#8220;la decena tr\u00e1gica&#8221;; Muerte de Madero y su vice presidente Pino Suarez, ascenso al poder de Victoriano Huerta.<\/em><\/strong><\/p>\n\n\n\n<p><strong><em>En 1973 en Chile se repiti\u00f3 el escenario; la embajada de Estados Unidos apoy\u00f3 el golpe de estado; luego asesor\u00f3 sin disimulo al dictador Pinochet.<\/em><\/strong><\/p>\n\n\n\n<p><strong><em>Bolivia sabe de eso, al ser golpeado el gobierno de Evo Morales; Per\u00fa, donde Washington asesora a la golpista que asume el poder por encima de la raz\u00f3n\u00a0 la legitimidad.<\/em><\/strong><\/p>\n\n\n\n<p><strong><em>M\u00e9xico ha presumido en el mundo su pol\u00edtica de asila a cuanto perseguido pol\u00edtico pida auxilio, y desde luego, est\u00e9 en posibilidades de apoyarle; sin embargo, al ser invadida su embajada en Ecuador, por fuerzas armadas del gobierno del mismo, se rompe esta imagen de respeto con que se deben conducir los gobiernos entre si, mientras no se encuentren en guerra unos contra otros.<\/em><\/strong><\/p>\n\n\n\n<p><strong><em>Ecuador no est\u00e1 en guerra con M\u00e9xico, por tanto no hay razones para conflictos de este tipo; sin embargo, al contar con un gobierno de ultraderecha, formado en las universidades americanas; la probabilidad de que este reaccione a los intereses americanos es alta; Washington sabe que es su momento para apropiarse del control de los recursos naturales de la regi\u00f3n amenazados por China&#8230; \u00a1qu\u00e9 importan las formas diplom\u00e1ticas si la idea es tomar los recursos de los dem\u00e1s&#8230;; as\u00ed lo hicieron al invadir Irak; donde descaradamente se\u00f1alaron que vale m\u00e1s el petr\u00f3leo que iban a controla que vidas humanas.<\/em><\/strong><\/p>\n\n\n\n<p><strong><em>Miley en Argentina, d\u00f3cilmente, y a cambio de su apoyo, ya les ha ofrecido los recursos petroleros; su devoci\u00f3n por Trump lo hace vasallo de la ultraderecha americana; con Bolivia lo intentaron, dieron el golpe contra Morales; en Brasil mandaron a la c\u00e1rcel a Lula, todo con tal de quitarles el control de los recursos; con Pedro Castillo en Per\u00fa fue lo mismo; ahora tienen los contratos mineros, y la usurpadora Dina Boluarte ya les estorba; Venezuela y su petr\u00f3leo es una meta que extra\u00f1an; pero no les ha funcionado su intento golpista.<\/em><\/strong><\/p>\n\n\n\n<p><strong><em>Todos estos eventos tienen un denominador com\u00fan; los intereses de los Estados Unidos, su gobierno y sus empresarios&#8230;; nada nuevo o raro. As\u00ed son las formas absolutista de quienes desean los recursos que\u00a0 tiene el otro.<\/em><\/strong><\/p>\n\n\n\n<p><strong><em>Si el gobierno de Ecuador no est\u00e1 formado por imb\u00e9ciles o idiotas, deben saber que las embajadas son inviolables; que representan un pedazo de tierra de cada pa\u00eds que se instala en ese territorio, a invitaci\u00f3n y aceptaci\u00f3n mutua de una relaci\u00f3n relativamente cordial, diplom\u00e1tica, cultural y comercial.<\/em><\/strong><\/p>\n\n\n\n<p><strong><em>Si esto es as\u00ed; entonces la hip\u00f3tesis que se nos ocurre es que la mano muy larga y pendenciera de Washington y los intereses del mismo est\u00e1n metidos en esta acci\u00f3n m\u00e1s que est\u00fapida y abusiva.<\/em><\/strong><\/p>\n\n\n\n<p><strong><em>M\u00e9xico ha sido honrado en todo el mundo por su inquebrantable pol\u00edtica de\u00a0derecho de asilo;\u00a0y pareciera que realmente la mano que mece la cuna de la ignominia viene del norte; y no de quien aparece como presidente de ese peque\u00f1o y bastante diezmado pa\u00eds.<\/em><\/strong><\/p>\n\n\n\n<p><strong><em>Ser\u00e1 que a veces los ecuatorianos no son tan agresivos (mi antigua amiga ecuatoriana Mercedes as\u00ed me lo hac\u00eda sentir hace a\u00f1os).<\/em><\/strong><\/p>\n\n\n\n<p><strong><em>Es una hip\u00f3tesis, pero la historia condena al gobierno del norte; en pol\u00edtica no hay casualidades, hay acciones que marcan a cada gobierno.<\/em><\/strong><\/p>\n\n\n\n<p style=\"font-size:25px\"><strong>La hip\u00f3tesis es simple&#8230;\u00a0<em>\u00a1es desde Washington idiotas&#8230;!<\/em><\/strong><\/p>\n\n\n\n<p>Anuncio<\/p>\n\n\n\n<figure class=\"wp-block-image\"><img decoding=\"async\" src=\"https:\/\/res.cdn.office.net\/assets\/ads\/adbarmetrochoice.svg\" alt=\"\"\/><\/figure>\n","protected":false},"excerpt":{"rendered":"<p>LA ECONOM\u00cdA Y USTED&#8230; Eliseo Castillo \u00a0 \u00a0 \u00a0 \u00a0 \u00a0 \u00a0 \u00a0 \u00a0 \u00a0 \u00a0 \u00a0 \u00a0 \u00a0 \u00a0 \u00a0 \u00a0 \u00a0 \u00a0 \u00a0 \u00a0 \u00a0 \u00a0 \u00a0 \u00a0 \u00a0 \u00a0 \u00a0 \u00a0 \u00a0 \u00a0 \u00a0 \u00a0 \u00a0 \u00a0 \u00a0 \u00a0 \u00a0 \u00a0 \u00a0 \u00a0 \u00a0 \u00a0 \u00a0 \u00a0 \u00a0 \u00a0 \u00a0 \u00a0 \u00a0 [&hellip;]<\/p>\n","protected":false},"author":2,"featured_media":8999,"comment_status":"open","ping_status":"open","sticky":false,"template":"","format":"standard","meta":{"footnotes":"","_rishi_post_view_count":665},"categories":[1],"tags":[],"class_list":["post-8998","post","type-post","status-publish","format-standard","has-post-thumbnail","hentry","category-opinion"],"comments_count":"0","_links":{"self":[{"href":"https:\/\/elpregonerodezamora.com\/index.php\/wp-json\/wp\/v2\/posts\/8998","targetHints":{"allow":["GET"]}}],"collection":[{"href":"https:\/\/elpregonerodezamora.com\/index.php\/wp-json\/wp\/v2\/posts"}],"about":[{"href":"https:\/\/elpregonerodezamora.com\/index.php\/wp-json\/wp\/v2\/types\/post"}],"author":[{"embeddable":true,"href":"https:\/\/elpregonerodezamora.com\/index.php\/wp-json\/wp\/v2\/users\/2"}],"replies":[{"embeddable":true,"href":"https:\/\/elpregonerodezamora.com\/index.php\/wp-json\/wp\/v2\/comments?post=8998"}],"version-history":[{"count":1,"href":"https:\/\/elpregonerodezamora.com\/index.php\/wp-json\/wp\/v2\/posts\/8998\/revisions"}],"predecessor-version":[{"id":9000,"href":"https:\/\/elpregonerodezamora.com\/index.php\/wp-json\/wp\/v2\/posts\/8998\/revisions\/9000"}],"wp:featuredmedia":[{"embeddable":true,"href":"https:\/\/elpregonerodezamora.com\/index.php\/wp-json\/wp\/v2\/media\/8999"}],"wp:attachment":[{"href":"https:\/\/elpregonerodezamora.com\/index.php\/wp-json\/wp\/v2\/media?parent=8998"}],"wp:term":[{"taxonomy":"category","embeddable":true,"href":"https:\/\/elpregonerodezamora.com\/index.php\/wp-json\/wp\/v2\/categories?post=8998"},{"taxonomy":"post_tag","embeddable":true,"href":"https:\/\/elpregonerodezamora.com\/index.php\/wp-json\/wp\/v2\/tags?post=8998"}],"curies":[{"name":"wp","href":"https:\/\/api.w.org\/{rel}","templated":true}]}}