{"id":8940,"date":"2024-03-15T01:20:02","date_gmt":"2024-03-15T01:20:02","guid":{"rendered":"https:\/\/elpregonerodezamora.com\/?p=8940"},"modified":"2024-03-15T01:20:03","modified_gmt":"2024-03-15T01:20:03","slug":"la-iglesia-y-la-lucha-por-el-poder-mas-claro","status":"publish","type":"post","link":"https:\/\/elpregonerodezamora.com\/index.php\/2024\/03\/15\/la-iglesia-y-la-lucha-por-el-poder-mas-claro\/","title":{"rendered":"LA IGLESIA Y LA LUCHA POR EL PODER\u2026\u00a1 M\u00c1S CLARO\u2026(\u00bf!)!"},"content":{"rendered":"\n<p style=\"font-size:30px\"><strong>LA ECONOM\u00cdA Y USTED&#8230;<\/strong><\/p>\n\n\n\n<p><strong>Eliseo Castillo<\/strong><\/p>\n\n\n\n<p>\u00a0 \u00a0 \u00a0 \u00a0 \u00a0 \u00a0 \u00a0 \u00a0 \u00a0 \u00a0 \u00a0 \u00a0 \u00a0 \u00a0 \u00a0 \u00a0 \u00a0 \u00a0 \u00a0 \u00a0 \u00a0 \u00a0 \u00a0<\/p>\n\n\n\n<p>\u00a0 \u00a0 \u00a0 \u00a0 \u00a0 \u00a0 \u00a0 \u00a0 \u00a0 \u00a0 \u00a0 \u00a0 \u00a0 \u00a0 \u00a0 \u00a0 \u00a0 \u00a0 \u00a0 \u00a0 \u00a0 \u00a0 \u00a0 \u00a0 \u00a0 \u00a0 \u00a0 \u00a0 \u00a0 \u00a0 \u00a0 \u00a0 \u00a0     <strong>DE NOSTALGIA<\/strong><\/p>\n\n\n\n<p>\u00a0 \u00a0 \u00a0 \u00a0 \u00a0 \u00a0 \u00a0 \u00a0 \u00a0 \u00a0 \u00a0 \u00a0 \u00a0 \u00a0 \u00a0 \u00a0 \u00a0 \u00a0 \u00a0 \u00a0 \u00a0 \u00a0 \u00a0 \u00a0 \u00a0<strong><em> \u00a0&#8220;Con las manos llenas de recuerdos,<\/em><\/strong><\/p>\n\n\n\n<p>\u00a0 \u00a0 \u00a0 \u00a0 \u00a0 \u00a0 \u00a0 \u00a0 \u00a0 \u00a0 \u00a0 \u00a0 \u00a0 \u00a0 \u00a0 \u00a0 \u00a0 \u00a0 \u00a0 \u00a0 \u00a0 \u00a0 \u00a0 \u00a0 \u00a0 <strong><em>se surcan las l\u00edneas que marcan el tiempo,<\/em><\/strong><\/p>\n\n\n\n<p>\u00a0 \u00a0 \u00a0 \u00a0 \u00a0 \u00a0 \u00a0 \u00a0 \u00a0 \u00a0 \u00a0 \u00a0 \u00a0 \u00a0 \u00a0 \u00a0 \u00a0 \u00a0 \u00a0 \u00a0 \u00a0 \u00a0 \u00a0 \u00a0 \u00a0 <strong><em>no es que te esperen y se sientan huecas,<\/em><\/strong><\/p>\n\n\n\n<p>\u00a0 \u00a0 \u00a0 \u00a0 \u00a0 \u00a0 \u00a0 \u00a0 \u00a0 \u00a0 \u00a0 \u00a0 \u00a0 \u00a0 \u00a0 \u00a0 \u00a0 \u00a0 \u00a0 \u00a0 \u00a0 \u00a0 \u00a0 \u00a0 \u00a0 <strong><em>simplemente los a\u00f1os se retratan rebeldes,<\/em><\/strong><\/p>\n\n\n\n<p>\u00a0 \u00a0 \u00a0 \u00a0 \u00a0 \u00a0 \u00a0 \u00a0 \u00a0 \u00a0 \u00a0 \u00a0 \u00a0 \u00a0 \u00a0 \u00a0 \u00a0 \u00a0 \u00a0 \u00a0 \u00a0 \u00a0 \u00a0 \u00a0 \u00a0 <strong><em>el paso del tiempo se desvela, te retrata,<\/em><\/strong><\/p>\n\n\n\n<p>\u00a0 \u00a0 \u00a0 \u00a0 \u00a0 \u00a0 \u00a0 \u00a0 \u00a0 \u00a0 \u00a0 \u00a0 \u00a0 \u00a0 \u00a0 \u00a0 \u00a0 \u00a0 \u00a0 \u00a0 \u00a0 \u00a0 \u00a0 \u00a0 \u00a0<strong><em> no es que te extra\u00f1e, s\u00f3lo te espera.<\/em><\/strong><\/p>\n\n\n\n<p>\u00a0 \u00a0 \u00a0 \u00a0 \u00a0 \u00a0 \u00a0 \u00a0 \u00a0 \u00a0 \u00a0 \u00a0 \u00a0 \u00a0 \u00a0 \u00a0 \u00a0 \u00a0 \u00a0 \u00a0 \u00a0 \u00a0 \u00a0 \u00a0 \u00a0 <strong><em>Amor, desde mis manos, si pudiera&#8230;<\/em><\/strong><\/p>\n\n\n\n<p>\u00a0 \u00a0 \u00a0 \u00a0 \u00a0 \u00a0 \u00a0 \u00a0 \u00a0 \u00a0 \u00a0 \u00a0 \u00a0 \u00a0 \u00a0 \u00a0 \u00a0 \u00a0 \u00a0 \u00a0 \u00a0 \u00a0 \u00a0 \u00a0<em> \u00a0 <strong>amor, desde mis labios te pronuncio&#8221;&#8230;<\/strong><\/em><\/p>\n\n\n\n<p>\u00a0 \u00a0 \u00a0 \u00a0 \u00a0 \u00a0 \u00a0 \u00a0 \u00a0 \u00a0 \u00a0 \u00a0 \u00a0 \u00a0 \u00a0 \u00a0 \u00a0 \u00a0 \u00a0 \u00a0 \u00a0 \u00a0 \u00a0 \u00a0 \u00a0 \u00a0 \u00a0 \u00a0 \u00a0 \u00a0 \u00a0 \u00a0 \u00a0 <strong>\u00a0 \u00a0 \u00a0 \u00a0 \u00a0 el\u00edseo<\/strong><\/p>\n\n\n\n<p><strong><em>En esta semana se ha realizado un acto, en al marco de la campa\u00f1a electoral en busca de la presidencia por parte de los tres candidatos (G\u00e1lvez, Sheinbaum y M\u00e1inez) convocados por el episcopado de la iglesia cat\u00f3lica a firmar un acuerdo o pacto para aceptar una lista de se\u00f1alamientos y problemas que aquejan al pa\u00eds. Sin duda, parte de estos son muy reales y lacerantes; deben ser atendidos de inmediato; no hay duda.<\/em><\/strong><\/p>\n\n\n\n<p><strong><em>Lo que realmente se ha consolidado en este acto es lo que se llama\u00a0&#8220;la disputa por el proyecto de naci\u00f3n&#8221;;\u00a0donde, la derecha y ultraderecha se refugia en tres partidos, antes rivales y contendientes ideol\u00f3gicamente (PAN, PRI y PRD), pero que hoy, los intereses pol\u00edticos y econ\u00f3micos los unen, los convierten en aliados, vaya usted a saber, si leales o de ocasi\u00f3n; todo sea por regresar al poder.<\/em><\/strong><\/p>\n\n\n\n<p><strong><em>Su antag\u00f3nica es la uni\u00f3n de tres partidos unidos por el liderazgo de Morena que, dado su impacto actual es la punta de lanza del PT y el Verde ecologista (sabemos que ni es verde, y menos es ecologista, es una familia de vividores de la pol\u00edtica&#8230;, en fin).<\/em><\/strong><\/p>\n\n\n\n<p><strong><em>La tercera opci\u00f3n, no ofrece claridad en su propuesta de gobierno; se asumen como una nueva forma de gobierno; al mismo tiempo que intentan mandar la idea de que son nuevos, y que ofrecen una propuesta muy din\u00e1mica; eso es lo que intenta comunicar el partido Movimiento Ciudadano, que nunca ha logrado generar muchas esperanzas en el electorado; pero insisten en su discurso.<\/em><\/strong><\/p>\n\n\n\n<p><strong><em>La iglesia cat\u00f3lica los ha convocado, y los ha exhibido ante los medios, una forma de manifestar el poder que mantiene la misma; no es f\u00e1cil creer o aceptar que sus fines sean altruistas, y que solamente busca la pacificaci\u00f3n y orden del pa\u00eds; la iglesia cat\u00f3lica tiene memoria e intereses, y cada que se le quitan parte de estos, reacciona consecuentemente; incluso con las armas (La Cristiada, cruel antecedente).<\/em><\/strong><\/p>\n\n\n\n<p><strong>Al firmar el acuerdo, cada candidato mand\u00f3 un mensaje que marca parte de su enfoque; en caso de llegar a ganar las elecciones el 2 de junio.<\/strong><\/p>\n\n\n\n<p><strong><em>Mientras Jorge \u00c1lvarez M\u00e1inez se atiene al discurso reiterativo de que son una opci\u00f3n diferente, y que ofrecen una pol\u00edtica nueva, reitera su respeto a la instituci\u00f3n eclesi\u00e1stica sin duda; todo en un discurso correcto y sin mucha duda. Siempre poniendo por delante la idea de que ellos son realmente una opci\u00f3n nueva a lo que ofrecen las dos contendientes (X\u00f3chitl y Claudia).<\/em><\/strong><\/p>\n\n\n\n<p><strong><em>El mensaje que ofrece la candidata de morena y asociados es pragm\u00e1tico; no busca desviar el rumbo de la pol\u00edtica actual; aunque reconoce que los problemas de inseguridad son reales, no acepta que se est\u00e9 desbordado el gobierno, menos a\u00fan, que se est\u00e9 viviendo con miedo.<\/em><\/strong><\/p>\n\n\n\n<p><strong><em>Claudia propone el continuismo con el gobierno actual; obviamente poniendo su sello personal de gobernar.<\/em><\/strong><\/p>\n\n\n\n<p><strong><em>Desde su pragmatismo (no practica religi\u00f3n alguna, para los que la quieren enredar en temas de juda\u00edsmo, dado su origen), se\u00f1ala que firma el pacto, pero con las aclaraciones pertinentes, que la hacen rechazar las afirmaciones tajantes de la propia iglesia convocante en relaci\u00f3n a la inseguridad y el miedo social.\u00a0<\/em><\/strong><\/p>\n\n\n\n<p style=\"font-size:25px\"><strong>Todo queda claro.<\/strong><\/p>\n\n\n\n<p><strong><em>Y claro queda el discurso de X\u00f3chitl, al se\u00f1alar que firma el acuerdo, y que, de ganar, va a usar este como\u00a0&#8220;su faro gu\u00eda&#8221;.<\/em><\/strong><\/p>\n\n\n\n<p><em><strong>Igual, queda muy claro lo que est\u00e1 en juego.<\/strong><\/em><\/p>\n\n\n\n<p><strong><em>Claudia representa la parte cr\u00edtica al orden establecido por siglos, donde se ha buscado establecer una estado laico y una iglesia practicante de la fe social; pero que no debe intervenir en la pol\u00edtica p\u00fablica; tal es la lucha juarista, cardenista y la actual.\u00a0<\/em><\/strong><\/p>\n\n\n\n<p><strong><em>X\u00f3chitl, por su parte, ofrece el regresarle el poder a la iglesia cat\u00f3lica, seg\u00fan su discurso, d\u00e1ndole m\u00e1s fuerza, que sin duda es lo que la mueve al convocar a este tipo de acuerdos.<\/em><\/strong><\/p>\n\n\n\n<p><strong><em>Lo hemos se\u00f1alado en este espacio; habr\u00eda que deslindar quienes han sido los instigadores m\u00e1s fuertes en contra de la estabilidad social; quienes se van encima de los oponentes pol\u00edticos se\u00f1al\u00e1ndolos como peligros sociales, como comunistas que van a despojar de sus casas a las familias; y sobre todo, donde m\u00e1s le duele al mexicano.., en quitarle su fe en la virgen de Guadalupe&#8230;<\/em><\/strong><\/p>\n\n\n\n<p><strong><em>Sabemos quien se encarga de esta propaganda, sabemos qu\u00e9 es lo que ha buscado en cada campa\u00f1a; hasta hoy no han mostrado que los mueva el amor y el respeto.<\/em><\/strong><\/p>\n\n\n\n<p><strong><em>Al final, la propuesta de la campa\u00f1a queda desnuda, &#8220;sigue la lucha por el proyecto de naci\u00f3n&#8221;; por un lado el conservadurismo que promueve la iglesia cat\u00f3lica y que hace suyo X\u00f3chitl, al declarar que sus principios ser\u00e1n &#8220;su faro&#8221; que la guiar\u00e1 si llega a la presidencia; mientras Claudia propone continuar con el rumbo del actual gobierno, con los ajustes l\u00f3gicos de cada sexenio y personalidad del gobernante en turno, en este caso el de ella.\u00a0<\/em><\/strong><\/p>\n\n\n\n<p><strong><em>M\u00e1inez simplemente se limita a advertir que \u00e9l es diferente y nuevo&#8230;, lo que sea que eso signifique.<\/em><\/strong><\/p>\n\n\n\n<p><strong>As\u00ed de simple, as\u00ed de complejo; las cartas sobre a mesa&#8230;<\/strong><\/p>\n\n\n\n<p><strong><em>Usted, amable lector (a) tome su decisi\u00f3n, use su libertad de elegir, disfrute el gusto de tomar las cosas en sus manos por convencimiento, antes que por desprecio o rechazo. Decida por usted, m\u00e1s que por ellos.<\/em><\/strong><\/p>\n","protected":false},"excerpt":{"rendered":"<p>LA ECONOM\u00cdA Y USTED&#8230; Eliseo Castillo \u00a0 \u00a0 \u00a0 \u00a0 \u00a0 \u00a0 \u00a0 \u00a0 \u00a0 \u00a0 \u00a0 \u00a0 \u00a0 \u00a0 \u00a0 \u00a0 \u00a0 \u00a0 \u00a0 \u00a0 \u00a0 \u00a0 \u00a0 \u00a0 \u00a0 \u00a0 \u00a0 \u00a0 \u00a0 \u00a0 \u00a0 \u00a0 \u00a0 \u00a0 \u00a0 \u00a0 \u00a0 \u00a0 \u00a0 \u00a0 \u00a0 \u00a0 \u00a0 \u00a0 \u00a0 \u00a0 \u00a0 \u00a0 \u00a0 [&hellip;]<\/p>\n","protected":false},"author":2,"featured_media":8941,"comment_status":"open","ping_status":"open","sticky":false,"template":"","format":"standard","meta":{"footnotes":"","_rishi_post_view_count":625},"categories":[1],"tags":[],"class_list":["post-8940","post","type-post","status-publish","format-standard","has-post-thumbnail","hentry","category-opinion"],"comments_count":"0","_links":{"self":[{"href":"https:\/\/elpregonerodezamora.com\/index.php\/wp-json\/wp\/v2\/posts\/8940","targetHints":{"allow":["GET"]}}],"collection":[{"href":"https:\/\/elpregonerodezamora.com\/index.php\/wp-json\/wp\/v2\/posts"}],"about":[{"href":"https:\/\/elpregonerodezamora.com\/index.php\/wp-json\/wp\/v2\/types\/post"}],"author":[{"embeddable":true,"href":"https:\/\/elpregonerodezamora.com\/index.php\/wp-json\/wp\/v2\/users\/2"}],"replies":[{"embeddable":true,"href":"https:\/\/elpregonerodezamora.com\/index.php\/wp-json\/wp\/v2\/comments?post=8940"}],"version-history":[{"count":1,"href":"https:\/\/elpregonerodezamora.com\/index.php\/wp-json\/wp\/v2\/posts\/8940\/revisions"}],"predecessor-version":[{"id":8942,"href":"https:\/\/elpregonerodezamora.com\/index.php\/wp-json\/wp\/v2\/posts\/8940\/revisions\/8942"}],"wp:featuredmedia":[{"embeddable":true,"href":"https:\/\/elpregonerodezamora.com\/index.php\/wp-json\/wp\/v2\/media\/8941"}],"wp:attachment":[{"href":"https:\/\/elpregonerodezamora.com\/index.php\/wp-json\/wp\/v2\/media?parent=8940"}],"wp:term":[{"taxonomy":"category","embeddable":true,"href":"https:\/\/elpregonerodezamora.com\/index.php\/wp-json\/wp\/v2\/categories?post=8940"},{"taxonomy":"post_tag","embeddable":true,"href":"https:\/\/elpregonerodezamora.com\/index.php\/wp-json\/wp\/v2\/tags?post=8940"}],"curies":[{"name":"wp","href":"https:\/\/api.w.org\/{rel}","templated":true}]}}