{"id":8934,"date":"2024-03-15T00:59:01","date_gmt":"2024-03-15T00:59:01","guid":{"rendered":"https:\/\/elpregonerodezamora.com\/?p=8934"},"modified":"2024-03-15T00:59:02","modified_gmt":"2024-03-15T00:59:02","slug":"con-la-iglesia-hemos-topado-en-elecciones","status":"publish","type":"post","link":"https:\/\/elpregonerodezamora.com\/index.php\/2024\/03\/15\/con-la-iglesia-hemos-topado-en-elecciones\/","title":{"rendered":"CON LA IGLESIA HEMOS TOPADO\u2026 EN ELECCIONES"},"content":{"rendered":"\n<p style=\"font-size:30px\"><strong>LAS PEQUE\u00d1AS COSAS&#8230;<\/strong><\/p>\n\n\n\n<p><strong>Eliseo Castillo<\/strong><\/p>\n\n\n\n<p><\/p>\n\n\n\n<p>                                                                    <strong>DALIA<\/strong><\/p>\n\n\n\n<p><strong><em>&#8220;Cierro los ojos mientras te pienso, amiga, \/ cuento los d\u00edas que se alargan, se prodigan, \/ a la distancia y en silencio te bendigo, te nombro, \/ mujer de cualquier d\u00eda, compa\u00f1era en episodios, \u00a1qu\u00e9 ser\u00e1 de ti, de mi, de nosotros! me digo; \/ bendiciones llueven sobre tu frente, \/ bendiciones por haberte conocido&#8230;, te sonr\u00edo; \/ mujer amiga, de aquellos d\u00edas, \/ amiga de siempre&#8221;&#8230;el\u00edseo<\/em><\/strong><\/p>\n\n\n\n<p><strong>Con la iglesia hemos topado Sancho amigo, nos lo recuerda el incansable se\u00f1or de la triste figura y noble hidalgu\u00eda, dadas sus luchas por la libertad y la justicia; as\u00ed se construye la eterna figura del quijote universal.<\/strong><\/p>\n\n\n\n<p><strong><em>Esta semana se anuncia la firma de un acuerdo entre los candidatos a la presidencia, controlado por la iglesia cat\u00f3lica, para atender los problemas nacionales urgentes, que a los ojos de la sociedad son muy fuertes; el primero es la inseguridad sin duda; poca resistencia podemos poner a este tema; sin duda es un c\u00e1ncer penoso, y peligroso que asola al pa\u00eds desde hace a\u00f1os; la menos desde hace dos o tres d\u00e9cadas.<\/em><\/strong><\/p>\n\n\n\n<p><strong><em>Gobiernos van y vienen, promesas se desgranan como mazorcas en el granero; prometer no empobrece, lo que aniquila es tener que pagar&#8230; \u00a1uf, pagar si que empobrece a veces! sobre todo si se le debe a los usureros como Banco Azteca, Elektra o Coppel.<\/em><\/strong><\/p>\n\n\n\n<p><strong>La iglesia cat\u00f3lica, como poder incuestionable en M\u00e9xico, vuelve a ponerse en el centro del debate por el poder; la inseguridad est\u00e1 en todas partes; es penosa realidad y fracaso real del actual gobierno de AMLO.<\/strong><\/p>\n\n\n\n<p><strong><em>El presidente puede decir misa, o lo que se le ocurra, la realidad termina por darle con la puerta en la cara&#8230; \u00a1es la inseguridad el nuevo argumento con el que la iglesia se apodera del discurso pol\u00edtico nacional! como lo han hecho desde antes de que M\u00e9xico fuera independiente; este pa\u00eds se form\u00f3 con un poder absoluto real; el de la iglesia cat\u00f3lica, que por 350 a\u00f1os fue discurso sin r\u00e9plica (1521-1857), hasta que llegaron las Leyes de Reforma juaristas que les limitaron sus funciones (por eso tanto odio contra el presidente Ju\u00e1rez).<\/em><\/strong><\/p>\n\n\n\n<p><strong><em>Desde la aplicaci\u00f3n de las Leyes de Reforma, la iglesia cat\u00f3lica se ha rebelado contra este mandato que la limita en sus funciones; eso los mantiene molestos, acostumbrados como han estado a mandar y controlar sobre las cosas de este pa\u00eds, el tener que limitarse a funciones espirituales como que no les satisface lo suficiente; por eso le agradecen tanto a Carlos Salinas el haberles reintegrado poderes que Ju\u00e1rez les quit\u00f3, por medio de modificaciones a la constituci\u00f3n.<\/em><\/strong><\/p>\n\n\n\n<p><strong>Hoy usan la bandera de la inseguridad, de la que conocen mucho por cierto, si hacemos un recuento hist\u00f3rico nos enteraremos de que han sido de los principales instigadores de la misma.<\/strong><\/p>\n\n\n\n<p><strong><em>En 1988, ante el movimiento cardenista que irrumpe con fuerza, desde la iglesia cat\u00f3lica el serm\u00f3n que enarbolan los sacerdotes; obviamente ordenado desde el episcopado nacional, que seguramente recibe la orden del Vaticano, del ultraconservador Papa Juan Pablo II; con el mensaje de que el comunismo pone en peligro al pa\u00eds; que hay que votar por los que ofrecen certeza y paz; inducen al voto por la derecha para detener al ingeniero C\u00e1rdenas, al que califican de comunista.<\/em><\/strong><\/p>\n\n\n\n<p><strong><em>Esto se repite sistem\u00e1ticamente, cada vez m\u00e1s s\u00f3lido el discurso de los sacerdotes en cada parroquia de pueblo, de ciudad&#8230;, tres sexenios, el ingeniero era una amenaza contra la paz nacional, a los ojos e intereses de la derecha encarnada en Salinas, Zedillo y Fox; luego decidieron que el enemigo segu\u00eda ah\u00ed, oculto en el PRD, pero ahora con el nombre de Andr\u00e9s Manuel L\u00f3pez Obrador.<\/em><\/strong><\/p>\n\n\n\n<p><strong>Un empresario zamorano, en aquellos a\u00f1os, campa\u00f1a del 2000, me coment\u00f3 muy preocupado luego de salir de misa en el templo del Carmen&#8230;: &#8220;profesor, yo ya me estoy preparando para lo que pueda pasar en las elecciones; no sea la de malas que gane C\u00e1rdenas; ya me prepar\u00e9 comprando alimentos para guardar en mi casa, ya ve esas ideas comunistas&#8230;&#8221;<\/strong><\/p>\n\n\n\n<p><strong>Rafa (se llama Rafael&#8230;) lo dec\u00eda con total seguridad, el ingeniero llevar\u00eda al pa\u00eds al caos; el serm\u00f3n del padre hab\u00eda sido inobjetable.<\/strong><\/p>\n\n\n\n<p><strong><em>Hoy pasa lo mismo con AMLO, se le acus\u00f3 de que si llegaba a la presidencia en 2018, impondr\u00eda el comunismo, les quitar\u00eda sus bienes, empezando por su casa; cualquiera que haya ido a misa regularmente sabe de lo que le hablo&#8230;; modositos como son los sacerdotes, comentan que ellos no son los responsables de todo esto; que solamente lo comentan, por que es el sentir de la sociedad.<\/em><\/strong><\/p>\n\n\n\n<p><strong>Lo elemental salta a la vista, la iglesia ha hecho mucho para mantener la idea de la inseguridad como forma de vida en gobiernos que le incomodan&#8230;<\/strong><\/p>\n\n\n\n<p style=\"font-size:25px\"><strong>\u00bfQui\u00e9n genera m\u00e1s violencia&#8230;, el que la aplica por sus intereses inmediatos como crimen organizado y narcotr\u00e1fico; o los que luchan por mantener el poder a todo costo&#8230;?<\/strong><\/p>\n\n\n\n<p style=\"font-size:25px\"><strong>\u00bfQui\u00e9n pesa m\u00e1s en la opini\u00f3n social y la violencia nacional&#8230;: un narco famoso, o un episcopado que ordena mantener y extender el discurso de que el gobierno es malo&#8230;, es comunista&#8230;, y te va a quitar tus cosas, empezando por tu casa?<\/strong><\/p>\n\n\n\n<p><strong><em>A veces los narcos son sanguinarios a extremo; generan violencia, inseguridad, sus actos le quitan el deseo de vivir a muchas personas; envilecen el ambiente de vida; literalmente son unos hijos de puta, que le roban a la sociedad la tranquilidad: secuestros , asesinatos, extorsiones; y una lista vergonzosa de actos los identifican. Totalmente impresentables. Sin duda generan mucha desolaci\u00f3n; el gobierno no ha podido evitarlos, es una realidad, son un c\u00e1ncer que crece.<\/em><\/strong><\/p>\n\n\n\n<p><strong><em>La iglesia en cambio se ha perpetuado en su papel peleando por el poder pol\u00edtico y material por quinientos a\u00f1os, pasaron de ser los amos absolutos de la finanzas nacionales a contendientes por el control de las mismas; la violencia siempre ha sido un instrumento de ataque a sus enemigos; al actual presidente se le atac\u00f3 desde que fue administrador pol\u00edtico de la Ciudad de M\u00e9xico (2000-2006).<\/em><\/strong><\/p>\n\n\n\n<p><strong>Cu\u00e1nta violencia gener\u00f3 la iglesia con el pretexto del cotidiano serm\u00f3n en cada misa?<\/strong><\/p>\n\n\n\n<p><strong>\u00bfCu\u00e1ntas veces se apoy\u00f3 la arenga de AMLO un peligro para M\u00e9xico en voz de los sacerdotes?<\/strong><\/p>\n\n\n\n<p><strong>\u00bfCu\u00e1ntas veces, muchos sacerdotes repitieron que podr\u00edan perder sus casas y ser llevados al comunismo si ese se\u00f1or ganaba las elecciones&#8230;?<\/strong><\/p>\n\n\n\n<p><strong><em>Hoy, en un video presentado en el noticiario de las nueve de la noche en los canales p\u00fablicos (11, 14 y 22, presentado anoche, lunes 11 de marzo, 2024). se puede escuchar a sacerdotes de la pastoral de Guanajuato instruyendo a sus reba\u00f1os de predicadores en contra del presidente, incluso llam\u00e1ndole despectivamente &#8220;narcopresidente&#8221;&#8230;, &#8220;el kakas&#8230;&#8221;.<\/em><\/strong><\/p>\n\n\n\n<p><strong>Obviamente, cada promotor de la iglesia que recibe esa lecci\u00f3n, regresa a su pueblo a promover esta arenga&#8230; \u00a1el presidente es malo; es comunista&#8230;, y su candidata igual!<\/strong><\/p>\n\n\n\n<p><strong>Si nos atrevemos a contestar, cuestion\u00e9monos algo directo&#8230;<\/strong><\/p>\n\n\n\n<p><strong><em>\u00bfqui\u00e9nes son los promotores de la violencia?<\/em><\/strong><\/p>\n\n\n\n<p><strong><em>\u00bftiene la iglesia autoridad moral para enarbolar la bandera de la paz&#8230;?<\/em><\/strong><\/p>\n\n\n\n<p><strong><em>\u00bfcu\u00e1les son sus prendas que la avalan? la historia la condena, la hunde; pero eso no es pol\u00edticamente correcto; es mejor fingir y suponer que efectivamente est\u00e1n muy preocupados con el problema; que nunca le agarraron la pata a la vaca para matarla.<\/em><\/strong><\/p>\n\n\n\n<p><strong>Es mejor ignorar la historia; es mejor ser ignorantes se queremos creer en que las cosas son menos complejas de lo que realmente son.<\/strong><\/p>\n\n\n\n<p><strong><em>La historia de los intereses superan los buenos deseos de la ingenuidad; a veces es mejor ser ingenuos y pensar que efectivamente lo que se busca es la paz; con tanta inseguridad, y con los gobiernos que no han logrado controlar la violencia&#8230;<\/em><\/strong><\/p>\n\n\n\n<p><\/p>\n","protected":false},"excerpt":{"rendered":"<p>LAS PEQUE\u00d1AS COSAS&#8230; Eliseo Castillo DALIA &#8220;Cierro los ojos mientras te pienso, amiga, \/ cuento los d\u00edas que se alargan, se prodigan, \/ a la distancia y en silencio te bendigo, te nombro, \/ mujer de cualquier d\u00eda, compa\u00f1era en episodios, \u00a1qu\u00e9 ser\u00e1 de ti, de mi, de nosotros! me digo; \/ bendiciones llueven sobre [&hellip;]<\/p>\n","protected":false},"author":2,"featured_media":8935,"comment_status":"open","ping_status":"open","sticky":false,"template":"","format":"standard","meta":{"footnotes":"","_rishi_post_view_count":645},"categories":[1],"tags":[],"class_list":["post-8934","post","type-post","status-publish","format-standard","has-post-thumbnail","hentry","category-opinion"],"comments_count":"0","_links":{"self":[{"href":"https:\/\/elpregonerodezamora.com\/index.php\/wp-json\/wp\/v2\/posts\/8934","targetHints":{"allow":["GET"]}}],"collection":[{"href":"https:\/\/elpregonerodezamora.com\/index.php\/wp-json\/wp\/v2\/posts"}],"about":[{"href":"https:\/\/elpregonerodezamora.com\/index.php\/wp-json\/wp\/v2\/types\/post"}],"author":[{"embeddable":true,"href":"https:\/\/elpregonerodezamora.com\/index.php\/wp-json\/wp\/v2\/users\/2"}],"replies":[{"embeddable":true,"href":"https:\/\/elpregonerodezamora.com\/index.php\/wp-json\/wp\/v2\/comments?post=8934"}],"version-history":[{"count":1,"href":"https:\/\/elpregonerodezamora.com\/index.php\/wp-json\/wp\/v2\/posts\/8934\/revisions"}],"predecessor-version":[{"id":8936,"href":"https:\/\/elpregonerodezamora.com\/index.php\/wp-json\/wp\/v2\/posts\/8934\/revisions\/8936"}],"wp:featuredmedia":[{"embeddable":true,"href":"https:\/\/elpregonerodezamora.com\/index.php\/wp-json\/wp\/v2\/media\/8935"}],"wp:attachment":[{"href":"https:\/\/elpregonerodezamora.com\/index.php\/wp-json\/wp\/v2\/media?parent=8934"}],"wp:term":[{"taxonomy":"category","embeddable":true,"href":"https:\/\/elpregonerodezamora.com\/index.php\/wp-json\/wp\/v2\/categories?post=8934"},{"taxonomy":"post_tag","embeddable":true,"href":"https:\/\/elpregonerodezamora.com\/index.php\/wp-json\/wp\/v2\/tags?post=8934"}],"curies":[{"name":"wp","href":"https:\/\/api.w.org\/{rel}","templated":true}]}}