{"id":8930,"date":"2024-03-15T00:48:40","date_gmt":"2024-03-15T00:48:40","guid":{"rendered":"https:\/\/elpregonerodezamora.com\/?p=8930"},"modified":"2024-10-17T23:06:58","modified_gmt":"2024-10-17T23:06:58","slug":"elecciones-el-costo-del-miedo-y-de-los-medios","status":"publish","type":"post","link":"https:\/\/elpregonerodezamora.com\/index.php\/2024\/03\/15\/elecciones-el-costo-del-miedo-y-de-los-medios\/","title":{"rendered":"ELECCIONES, EL COSTO DEL MIEDO Y DE LOS MEDIOS"},"content":{"rendered":"\n<p style=\"font-size:30px\"><strong>LA ECONOM\u00cdA Y USTED&#8230;<\/strong><\/p>\n\n\n\n<p><strong>Eliseo Castillo<\/strong><\/p>\n\n\n\n<p><\/p>\n\n\n\n<p><strong>NOSTALGIA DEL RECUERDO<\/strong><\/p>\n\n\n\n<p><strong><em>&#8220;Cierro mis ojos para verte cerca, sin prisa, \/ la obscuridad. fiel aliada te retrata, \/ en la paz del silencio adivino tu sonrisa, \/ en la prisa del tiempo imagino tu llegada, \/ cierro mis ojos para imaginar que no faltas, \/ cierro mis ojos, abro los brazos&#8230;\/ \u00a1que son tu casa!&#8221;&#8230;el\u00edseo<\/em><\/strong><\/p>\n\n\n\n<p><strong><em>Con una actitud casi enfermiza, usando todos los medios de comunicaci\u00f3n a su alcance, la derecha y la ultraderecha se aferra al poder, se resiste a permitir que la sociedad tenga poder de decisi\u00f3n en lo que le ata\u00f1e al d\u00eda a d\u00eda de sus vidas; la cruda social y de poder que se les manifest\u00f3 en la derrota electoral de 2018, los ha vuelto m\u00e1s reacios, m\u00e1s molestos, pero sobre todo, m\u00e1s groseros con lo que no pueden controlar. El poder en manos de la sociedad en general (lo que se dice, un estado de democracia) al parecer, les incomoda.<\/em><\/strong><\/p>\n\n\n\n<p><strong>Campa\u00f1as sucias, medios de comunicaci\u00f3n manipulando, opinadores usando medios de comunicaci\u00f3n para ofender, pero sobre todo, para mentir&#8230;<\/strong><\/p>\n\n\n\n<p><strong><em>Necesitamos quitarnos de la cabeza la idea de que mentar la madre y gritarlo es un acto de virilidad; no podemos seguir pensando que la persona que lo grita se hace m\u00e1s hombre o m\u00e1s &#8220;macha&#8221;; bien nos vendr\u00eda entender que si se mantiene la idea de que hay que enlodar las campa\u00f1as electorales para llegar al poder, mediante la descalificaci\u00f3n insensata del rival&#8230;<\/em><\/strong><\/p>\n\n\n\n<p><strong><em>Cuando Loret de Mola se mont\u00f3 en la penosa pr\u00e1ctica del &#8220;periodismo mercenario&#8221; (ignoramos si Televisa lo habilit\u00f3 de manera abierta o encubierta; eso solo ellos lo saben) sacrificando personas inocentes a cambio de obtener los beneficios personales; nos sacudi\u00f3 la realidad en que los medios y sus empleados pon\u00edan sus intereses por encima del bien p\u00fablico; no es de extra\u00f1ar entonces, que la propaganda que se presenta a diario en noticiarios, programas de entretenimiento, programas de opini\u00f3n; sin el menor asomo de rubor o pena, los que aparecen ante las c\u00e1maras, o ante el micr\u00f3fono de la radio, o firman columnas en peri\u00f3dicos y espacios de redes sociales; se han dedicado a distorsionar la realidad.<\/em><\/strong><\/p>\n\n\n\n<p><strong><em>En pol\u00edtica y en muchas otras cosas, es normal que la sociedad se divida en varias partes; que unos piensen de una forma u otra, de manera totalmente opuesta; pero que al final, y luego de analizar las opciones, se pueda llegar a un acuerdo de aceptaci\u00f3n y organizaci\u00f3n tal , que las partes decidan seguir formando un grupo humano de convivencia, por medio del respeto registrado en leyes; as\u00ed nacen las constituciones que rigen a cualquier sociedad.<\/em><\/strong><\/p>\n\n\n\n<p><strong><em>A esto, los griegos llamaron democracia, que simplemente traduce el respeto a la posibilidad de pensar diferente, pero al final aceptar lo que opine la mayor\u00eda; siempre y cuando se debatan las ideas en un espacio social o p\u00fablico; por eso se dice que la democracia es el poder y decisi\u00f3n del pueblo.<\/em><\/strong><\/p>\n\n\n\n<p><strong><em>\u00bfPor qu\u00e9 un comunicador (Alazraki) propone hablar mal de morena, aunque no sea cierto, hasta convertirlo en verdad&#8230;, y no se le castiga por incitar a la violencia con mentiras&#8230;?<\/em><\/strong><\/p>\n\n\n\n<p><strong><em>\u00bfPor que un intelectual, en un programa estela de Televisa (J. Casta\u00f1eda) arenga a los seguidores de la derecha para desatar una campa\u00f1a de violencia m\u00e1s fuerte en contra de la candidata Claudia Sheinbaum y del presidente Andr\u00e9s Manuel, con la finalidad de reducir su popularidad&#8230;; y no se le amonesta, no se le castiga&#8230;?<\/em><\/strong><\/p>\n\n\n\n<p><strong><em>\u00bfPor qu\u00e9 un escritor de cierta fama (F. Moreno) declara que los que apoyan a Morena son tontos y no saben votar; y que si pudiera los colgar\u00eda en el z\u00f3calo&#8230;, y sigue tan campante con sus dichos?<\/em><\/strong><\/p>\n\n\n\n<p><strong><em>\u00bfPor que, un periodista de alto nivel de popularidad (R. Riva Palacios) llega al cinismo como periodista, de decir que ante la lucha electoral para desacreditar al presidente AMLO y a la candidata Claudia, hay que mentir, afirmando que en esta elecci\u00f3n la verdad es irrelevante&#8230;; hasta hoy no se le ha castigado, ni siquiera con una llamada de atenci\u00f3n&#8230;?<\/em><\/strong><\/p>\n\n\n\n<p><strong><em>Diferentes medios difamaron de manera grosera la imagen del presidente y de la candidata Claudia acus\u00e1ndoles de colusi\u00f3n con el narco&#8230;; hasta hace seis a\u00f1os, con esta afirmaci\u00f3n, en el mejor de los casos quien lo hiciera se tendr\u00eda que esconder en otro pa\u00eds&#8230;, o amanec\u00eda muerto en cualquier lugar&#8230;; as\u00ed se estilaba la pol\u00edtica en M\u00e9xico.<\/em><\/strong><\/p>\n\n\n\n<p><strong><em>Cuando vemos, escuchamos y leemos la guerra de desinformaci\u00f3n con que nos amanecemos y nos acostamos en contra del &#8220;otro&#8221;, del rival, al que se agrede con mentiras, con enga\u00f1os, con trampas, con la finalidad de desplazarlo del lugar que ocupa; sea cual sea la ideolog\u00eda de por medio, lo que se est\u00e1 logrando con esto es que la sociedad se convierta en reh\u00e9n de los medios, las mentiras como recurso para lastimar, agredir, y en lo posible desplazar a quien no piensa como ellos. Nuevamente se vuelve a usar de manera facciosa la conseja de que &#8220;el fin justifica los medios&#8230;&#8221;; pero al mismo tiempo&#8230; &#8220;el fin justifica a los medios&#8221;.<\/em><\/strong><\/p>\n\n\n\n<p style=\"font-size:25px\"><strong>\u00bfPeriodistas a sueldo&#8230;?<\/strong><\/p>\n\n\n\n<p style=\"font-size:25px\"><strong>\u00bfMedios usados de manera facciosa&#8230;?<\/strong><\/p>\n\n\n\n<p style=\"font-size:25px\"><strong>\u00bfMentir, enga\u00f1ar, a cambio de llegar al poder&#8230;?<\/strong><\/p>\n\n\n\n<p><strong><em>Los tres candidatos por la presidencia tienen derecho y obligaci\u00f3n a ofrecer sus mejores argumentos para convencer a los electores de que les apoyen; que voten por ellos (dos mujeres y un hombre). El electorado tiene el derecho de decidir por quien votar; al mismo tiempo tiene el derecho de recibir informaci\u00f3n seria, respetable; y no la lista de mentiras y agresiones con las que se ha ido llenando la campa\u00f1a electoral.<\/em><\/strong><\/p>\n\n\n\n<p><strong><em>Es normal que en las campa\u00f1as promocionales se busque magnificar las campa\u00f1as de una persona aspirante a la presidencia; y, que al mismo tiempo se rechacen las posibles cualidades de sus adversarios&#8230;; es normal, as\u00ed son las campa\u00f1as electorales, llam\u00e9mosles decentes; pero lo que sucede hoy en esta campa\u00f1a es una guerra de lodo, basura y mierda; que lejos de ofrecer opciones reales a lo que propone un adversario pol\u00edtico, s\u00f3lo se limitan a lanzar mentiras, groser\u00edas y descalificaciones usando los medios y a periodistas, que, evidentemente se est\u00e1n poniendo a sueldo.<\/em><\/strong><\/p>\n\n\n\n<p><strong><em>Esto ser\u00eda imposible en democracia; pero sobre todo, en un estado totalitario resultar\u00eda imposible imaginarlo; regularmente costar\u00eda el cierre de los medios: cierre de televisoras, radio y peri\u00f3dicos&#8230;<\/em><\/strong><\/p>\n\n\n\n<p><strong><em>Esto no es democracia por desgracia; o en todo caso es una forma de la llamada kakistocracia : el poder en manos de los peores&#8230;<\/em><\/strong><\/p>\n\n\n\n<p style=\"font-size:25px\"><strong>El poder en manos del mercado, el que paga m\u00e1s&#8230;; la sociedad, no cuenta, s\u00f3lo sirve para votar.<\/strong><\/p>\n","protected":false},"excerpt":{"rendered":"<p>LA ECONOM\u00cdA Y USTED&#8230; Eliseo Castillo NOSTALGIA DEL RECUERDO &#8220;Cierro mis ojos para verte cerca, sin prisa, \/ la obscuridad. fiel aliada te retrata, \/ en la paz del silencio adivino tu sonrisa, \/ en la prisa del tiempo imagino tu llegada, \/ cierro mis ojos para imaginar que no faltas, \/ cierro mis ojos, [&hellip;]<\/p>\n","protected":false},"author":2,"featured_media":8932,"comment_status":"open","ping_status":"open","sticky":false,"template":"","format":"standard","meta":{"footnotes":"","_rishi_post_view_count":777},"categories":[1],"tags":[],"class_list":["post-8930","post","type-post","status-publish","format-standard","has-post-thumbnail","hentry","category-opinion"],"comments_count":"0","_links":{"self":[{"href":"https:\/\/elpregonerodezamora.com\/index.php\/wp-json\/wp\/v2\/posts\/8930","targetHints":{"allow":["GET"]}}],"collection":[{"href":"https:\/\/elpregonerodezamora.com\/index.php\/wp-json\/wp\/v2\/posts"}],"about":[{"href":"https:\/\/elpregonerodezamora.com\/index.php\/wp-json\/wp\/v2\/types\/post"}],"author":[{"embeddable":true,"href":"https:\/\/elpregonerodezamora.com\/index.php\/wp-json\/wp\/v2\/users\/2"}],"replies":[{"embeddable":true,"href":"https:\/\/elpregonerodezamora.com\/index.php\/wp-json\/wp\/v2\/comments?post=8930"}],"version-history":[{"count":2,"href":"https:\/\/elpregonerodezamora.com\/index.php\/wp-json\/wp\/v2\/posts\/8930\/revisions"}],"predecessor-version":[{"id":8933,"href":"https:\/\/elpregonerodezamora.com\/index.php\/wp-json\/wp\/v2\/posts\/8930\/revisions\/8933"}],"wp:featuredmedia":[{"embeddable":true,"href":"https:\/\/elpregonerodezamora.com\/index.php\/wp-json\/wp\/v2\/media\/8932"}],"wp:attachment":[{"href":"https:\/\/elpregonerodezamora.com\/index.php\/wp-json\/wp\/v2\/media?parent=8930"}],"wp:term":[{"taxonomy":"category","embeddable":true,"href":"https:\/\/elpregonerodezamora.com\/index.php\/wp-json\/wp\/v2\/categories?post=8930"},{"taxonomy":"post_tag","embeddable":true,"href":"https:\/\/elpregonerodezamora.com\/index.php\/wp-json\/wp\/v2\/tags?post=8930"}],"curies":[{"name":"wp","href":"https:\/\/api.w.org\/{rel}","templated":true}]}}