{"id":8915,"date":"2024-03-07T00:28:51","date_gmt":"2024-03-07T00:28:51","guid":{"rendered":"https:\/\/elpregonerodezamora.com\/?p=8915"},"modified":"2024-03-07T00:28:51","modified_gmt":"2024-03-07T00:28:51","slug":"campanas-de-odio-pluris-de-verguenza","status":"publish","type":"post","link":"https:\/\/elpregonerodezamora.com\/index.php\/2024\/03\/07\/campanas-de-odio-pluris-de-verguenza\/","title":{"rendered":"CAMPA\u00d1AS DE ODIO, PLURIS DE VERG\u00dcENZA"},"content":{"rendered":"\n<p style=\"font-size:30px\"><strong>LA ECONOM\u00cdA Y USTED&#8230;<\/strong><\/p>\n\n\n\n<p><strong>Eliseo Castillo<\/strong><\/p>\n\n\n\n<p>\u00a0 \u00a0 \u00a0 \u00a0 \u00a0 \u00a0 \u00a0 \u00a0 \u00a0 \u00a0 \u00a0 \u00a0 \u00a0 \u00a0 \u00a0 \u00a0 \u00a0 \u00a0 \u00a0 \u00a0 \u00a0 \u00a0 \u00a0 \u00a0 \u00a0 \u00a0<\/p>\n\n\n\n<p>\u00a0 \u00a0 \u00a0 \u00a0 \u00a0 \u00a0 \u00a0 \u00a0 \u00a0 \u00a0 \u00a0 \u00a0 \u00a0 \u00a0 \u00a0 \u00a0 \u00a0 \u00a0 \u00a0 \u00a0 \u00a0 \u00a0 \u00a0 \u00a0 \u00a0 \u00a0 \u00a0 \u00a0 \u00a0 \u00a0 \u00a0 \u00a0 \u00a0 \u00a0 \u00a0 \u00a0<strong> CARMEN, AMIGA<\/strong><\/p>\n\n\n\n<p>\u00a0 \u00a0 \u00a0 \u00a0 \u00a0 \u00a0 \u00a0 \u00a0 \u00a0 \u00a0 \u00a0 \u00a0 \u00a0 \u00a0 \u00a0 \u00a0 \u00a0 \u00a0 \u00a0 \u00a0 \u00a0 \u00a0 \u00a0 \u00a0 \u00a0 \u00a0 \u00a0 \u00a0 <strong><em>\u00a0&#8220;Con el cari\u00f1o y temor del vac\u00edo y olvido,<\/em><\/strong><\/p>\n\n\n\n<p>\u00a0 \u00a0 \u00a0 \u00a0 \u00a0 \u00a0 \u00a0 \u00a0 \u00a0 \u00a0 \u00a0 \u00a0 \u00a0 \u00a0 \u00a0 \u00a0 \u00a0 \u00a0 \u00a0 \u00a0 \u00a0 \u00a0 \u00a0 \u00a0 \u00a0 \u00a0 \u00a0 \u00a0 \u00a0<strong><em>vuelves a mi mente en reiterados espacios,<\/em><\/strong><\/p>\n\n\n\n<p>\u00a0 \u00a0 \u00a0 \u00a0 \u00a0 \u00a0 \u00a0 \u00a0 \u00a0 \u00a0 \u00a0 \u00a0 \u00a0 \u00a0 \u00a0 \u00a0 \u00a0 \u00a0 \u00a0 \u00a0 \u00a0 \u00a0 \u00a0 \u00a0 \u00a0 \u00a0 \u00a0 \u00a0 \u00a0<strong><em>amiga de entonces, de tiempos idos,<\/em><\/strong><\/p>\n\n\n\n<p>\u00a0 \u00a0 \u00a0 \u00a0 \u00a0 \u00a0 \u00a0 \u00a0 \u00a0 \u00a0 \u00a0 \u00a0 \u00a0 \u00a0 \u00a0 \u00a0 \u00a0 \u00a0 \u00a0 \u00a0 \u00a0 \u00a0 \u00a0 \u00a0 \u00a0 \u00a0 \u00a0 \u00a0 \u00a0<strong><em>Carmen regazo&#8230;, Luc\u00eda remanso,<\/em><\/strong><\/p>\n\n\n\n<p>\u00a0 \u00a0 \u00a0 \u00a0 \u00a0 \u00a0 \u00a0 \u00a0 \u00a0 \u00a0 \u00a0 \u00a0 \u00a0 \u00a0 \u00a0 \u00a0 \u00a0 \u00a0 \u00a0 \u00a0 \u00a0 \u00a0 \u00a0 \u00a0 \u00a0 \u00a0 \u00a0 \u00a0 \u00a0<strong><em>amiga de entonces, dulce abrazo,<\/em><\/strong><\/p>\n\n\n\n<p>\u00a0 \u00a0 \u00a0 \u00a0 \u00a0 \u00a0 \u00a0 \u00a0 \u00a0 \u00a0 \u00a0 \u00a0 \u00a0 \u00a0 \u00a0 \u00a0 \u00a0 \u00a0 \u00a0 \u00a0 \u00a0 \u00a0 \u00a0 \u00a0 \u00a0 \u00a0 \u00a0 \u00a0 \u00a0<strong><em>a la distancia, suenan tus risas casi imbatibles,<\/em><\/strong><\/p>\n\n\n\n<p>\u00a0 \u00a0 \u00a0 \u00a0 \u00a0 \u00a0 \u00a0 \u00a0 \u00a0 \u00a0 \u00a0 \u00a0 \u00a0 \u00a0 \u00a0 \u00a0 \u00a0 \u00a0 \u00a0 \u00a0 \u00a0 \u00a0 \u00a0 \u00a0 \u00a0 \u00a0 \u00a0 \u00a0 \u00a0<strong><em>se hace el silencio, mientras te pienso,<\/em><\/strong><\/p>\n\n\n\n<p>\u00a0 \u00a0 \u00a0 \u00a0 \u00a0 \u00a0 \u00a0 \u00a0 \u00a0 \u00a0 \u00a0 \u00a0 \u00a0 \u00a0 \u00a0 \u00a0 \u00a0 \u00a0 \u00a0 \u00a0 \u00a0 \u00a0 \u00a0 \u00a0 \u00a0 \u00a0 \u00a0 \u00a0 \u00a0<strong><em>a la distancia, amiga de entonces,\u00a0<\/em><\/strong><\/p>\n\n\n\n<p>\u00a0 \u00a0 \u00a0 \u00a0 \u00a0 \u00a0 \u00a0 \u00a0 \u00a0 \u00a0 \u00a0 \u00a0 \u00a0 \u00a0 \u00a0 \u00a0 \u00a0 \u00a0 \u00a0 \u00a0 \u00a0 \u00a0 \u00a0 \u00a0 \u00a0 \u00a0 \u00a0 \u00a0 \u00a0<strong><em>mis brazos vuelan, te est\u00e1n buscando.<\/em><\/strong><\/p>\n\n\n\n<p>\u00a0 \u00a0 \u00a0 \u00a0 \u00a0 \u00a0 \u00a0 \u00a0 \u00a0 \u00a0 \u00a0 \u00a0 \u00a0 \u00a0 \u00a0 \u00a0 \u00a0 \u00a0 \u00a0 \u00a0 \u00a0 \u00a0 \u00a0 \u00a0 \u00a0 \u00a0 \u00a0 \u00a0 \u00a0<strong><em>Carmen&#8230;, amiga&#8230;, a tu recuerdo&#8221;&#8230;<\/em><\/strong><\/p>\n\n\n\n<p>\u00a0 \u00a0 \u00a0 \u00a0 \u00a0 \u00a0 \u00a0 \u00a0 \u00a0 \u00a0 \u00a0 \u00a0 \u00a0 \u00a0 \u00a0 \u00a0 \u00a0 \u00a0 \u00a0 \u00a0 \u00a0 \u00a0 \u00a0 \u00a0 \u00a0 \u00a0 \u00a0 \u00a0 \u00a0 \u00a0 \u00a0 \u00a0 \u00a0 \u00a0 \u00a0 \u00a0 \u00a0 <strong>\u00a0 \u00a0el\u00edseo<\/strong><\/p>\n\n\n\n<p><strong><em>No se que es peor para el ciudadano com\u00fan que cada d\u00eda sale a su trabajo, o lo que tenga que hacer, cuando a toda hora se tiene que &#8220;tragar&#8221; los miles de promocionales en que los candidatos a puestos p\u00fablicos est\u00e1n abarrotando los espacios de comunicaci\u00f3n, ya sea escritos, o en la radio y televisi\u00f3n; o la lista de &#8220;vividores&#8221; de la pol\u00edtica, que gracias a la posibilidad de reelecci\u00f3n se sufre.\u00a0<\/em><\/strong><\/p>\n\n\n\n<p><strong><em>Ni qu\u00e9 decir de la lista de candidatos\u00a0plurinominales,\u00a0tan codiciada por todos los aspirantes de los partidos; regalo inmerecido para vividores del presupuesto sin trabajar, par\u00e1sitos de la pol\u00edtica; y en no pocas ocasiones, aut\u00e9nticas verg\u00fcenzas sociales, quienes, sin rubor, van a ocupar un lugar en el congreso federal,\u00a0 o en los estados.<\/em><\/strong><\/p>\n\n\n\n<p style=\"font-size:25px\"><strong><em>La guerra sucia, como s\u00edntoma de descomposici\u00f3n de la pol\u00edtica&#8230;<\/em><\/strong><\/p>\n\n\n\n<p><strong><em>No es posible que pueda afirmar sin rubor que la campa\u00f1a pol\u00edtico electoral sea un ejercicio democr\u00e1tico y ciudadano, cuando no se hace el menor esfuerzo para mandar mensajes con propuestas aportativas en favor de la sociedad.<\/em><\/strong><\/p>\n\n\n\n<p><strong><em>Toda campa\u00f1a electoral debe ser una negociaci\u00f3n entre el candidato y el posible elector; hay que tratar de conquistarle con propuestas m\u00e1s o menos realizables; m\u00e1s o menos sensatas, que de alguna forma mantengan el buen deseo del electorado. Los candidatos deben tratar de &#8220;enamorar&#8221; con buenas promesas a quienes tiene credencial de elector.<\/em><\/strong><\/p>\n\n\n\n<p><strong><em>Por desgracia, lo que vemos y escuchamos es una verg\u00fcenza, y una violaci\u00f3n al derecho a ser informados; guerra de mentiras, campa\u00f1as de lodo (mierda informativa) con las que se busca ensuciar al opositor pol\u00edtico, al que se pone en el lugar de un aut\u00e9ntico enemigo, y no como un contendiente pol\u00edtico.<\/em><\/strong><\/p>\n\n\n\n<p><strong><em>Con la campa\u00f1a electoral de 2006 se destapa la traici\u00f3n al electorado mediante el abuso del vocabulario y tom\u00e1ndolo de reh\u00e9n que deb\u00eda escuchar y tragarse cuantas mentiras le dieran por diversos medios.<\/em><\/strong><\/p>\n\n\n\n<p><strong><em>Hoy, lo \u00fanico que atestiguamos es que la degradaci\u00f3n moral y legal es lo que predomina; no importa los medios&#8230;, solamente interesan los resultados; con la consigna de que: al rival hay que destruirlo&#8230;, a como diera lugar, al costo que sea.<\/em><\/strong><\/p>\n\n\n\n<p><strong><em>Las campa\u00f1as,\u00a0 son cada vez menos propositivas, y m\u00e1s violentas; y por desgracia tienen raz\u00f3n los que afirman que el narcotr\u00e1fico tiene infiltrada en muchas regiones; pero aclaremos, como lo hemos dicho&#8230;, los narcos no financian a un partido espec\u00edfico; ellos, los grupos armados y criminales meten dinero en cada regi\u00f3n, dependiendo de sus intereses; pero sobre todo de d\u00f3nde pueden penetrar m\u00e1s las instituciones y apoderarse de los recursos p\u00fablicos.<\/em><\/strong><\/p>\n\n\n\n<p><strong><em>Los narcos no tienen partido pol\u00edtico declarado, tienen inter\u00e9s en el control de los flujos de dinero, los mueva quien los mueva; son capaces de infiltrar una campa\u00f1a con personal en todos los partidos pol\u00edticos; y de alguna forma (no es complicado) hacer llegar dinero para apostarle a todos los candidatos de la contienda&#8230;\u00a0<\/em><\/strong><\/p>\n\n\n\n<p><strong>\u00bfA qui\u00e9n apoyan en este caso&#8230;? a ninguno, a sus intereses; lo que importa es que el que gane les deba algo&#8230;; no es tema de colores partidistas&#8230;, es negocio.<\/strong><\/p>\n\n\n\n<p style=\"font-size:25px\"><strong>Los pluris&#8230;<\/strong><\/p>\n\n\n\n<p><strong><em>Es una forma de seguir viviendo del presupuesto p\u00fablico; se brinca de la senadur\u00eda a la diputaci\u00f3n&#8230;, luego se regresa a la senadur\u00eda y despu\u00e9s a la diputaci\u00f3n..; claro, en lo que se aspira a una gubernatura&#8230;, y quien quita, a algo m\u00e1s&#8230;<\/em><\/strong><\/p>\n\n\n\n<p><strong><em>En las plurinominales se acomodan buenas personas y representantes sociales como forma de disfrazar la real intenci\u00f3n de esta lista de personas&#8230;; lo que importa es que se acomoden los pol\u00edticos que socialmente son impresentables en las plazas p\u00fablicas\u00a0 en la regi\u00f3n.<\/em><\/strong><\/p>\n\n\n\n<p><strong><em>Las listas en esta ocasi\u00f3n, como en anteriores, las ocupan personajes que incluso son pr\u00f3fugos de la justicia, probadamente con delitos por resolver ante la sociedad.\u00a0\u00a0<\/em><\/strong><\/p>\n\n\n\n<p><strong><em>Cabeza de Vaca, Anaya, Beltrones y su hija; Monreal, Lili Tellez; &#8220;fin\u00edsimas&#8221; personas que deber\u00edan ser enjuiciados en tribunales antes que ser premiados con un puesto p\u00fablico. Son personas impresentables que se replican en cada Estado y sus congresos; en Michoac\u00e1n pasa lo mismo; dan pena varias personas que est\u00e1n acomodadas en la lista de plurinominales para diputados y senadores; a cual m\u00e1s de impresentables; sea del PAN, PRI, PRD, Morena, PT, Verde, PES. Apenas ve usted la lista y dan ganas de re\u00edr de tristeza, para no ofender a sus castos o\u00eddos.\u00a0<\/em><\/strong><\/p>\n\n\n\n<p><strong><em>Cuando Jes\u00fas Sambrano, impresentable l\u00edder de lo que queda del PRD, partido en proceso de extinci\u00f3n, declar\u00f3 que los berrinches y amenazas de Silvano Aureoles eran por que exig\u00eda la candidatura de la senadur\u00eda por Michoac\u00e1n&#8230; \u00a1para su hermano Antonio!<\/em><\/strong><\/p>\n\n\n\n<p><strong>Bueno, \u00e9l lo dijo, aqu\u00ed s\u00f3lo lo comentamos.<\/strong><\/p>\n\n\n\n<p style=\"font-size:18px\"><strong>AMLO, peligro para M\u00e9xico&#8230;<\/strong><\/p>\n\n\n\n<p><strong>Vicente Fox&#8230;: s\u00ed intervine en la campa\u00f1a de 2006, pero lo hice por M\u00e9xico, para detener a Andr\u00e9s Manuel&#8230;<\/strong><\/p>\n\n\n\n<p><strong>Jorge Casta\u00f1eda&#8230;; al Peje hay que detenerlo a como d\u00e9 lugar, cueste lo que cueste&#8230;<\/strong><\/p>\n\n\n\n<p><strong>Jorge Casta\u00f1eda&#8230;; me extra\u00f1a que aun no veo una campa\u00f1a sucia fuerte&#8230;, pero fuerte en verdad en contra de Claudia y de Andr\u00e9s Manuel.<\/strong><\/p>\n\n\n\n<p><strong>Felipe Calder\u00f3n&#8230;; yo gan\u00e9&#8230;, haiga sido, como haiga sido&#8230;<\/strong><\/p>\n\n\n\n<p><strong>Narcopresidente&#8230;, Claudia, narcocandidata.<\/strong><\/p>\n\n\n\n<p><strong><em>Con esta degradaci\u00f3n de ideas, ni c\u00f3mo pensar en que las campa\u00f1as electorales tienen un sentido informativo social; son un periodo de degradaci\u00f3n del idioml, de las ideas; desprecio por el electorado, ofensa a su inteligencia; pero sobre todo, una verg\u00fcenza cultural de una clase pol\u00edtica que dice defender la democracia.\u00a0<\/em><\/strong><\/p>\n\n\n\n<p style=\"font-size:25px\"><strong>En todo caso&#8230;\u00bfcu\u00e1l&#8230;?<\/strong><\/p>\n\n\n\n<p><strong><em>Gran parte de la propaganda electoral busca embrutecer a la sociedad, m\u00e1s que informar; y las listas de plurinominales, buena parte de los que aparecen en ella, primero deber\u00edan pasar por los tribunales y pagar sus delitos, que los tienen; los puestos p\u00fablicos solamente les sirven para tener poder y ser intocables&#8230;<\/em><\/strong><\/p>\n\n\n\n<p style=\"font-size:25px\"><strong>Verg\u00fcenza de esta sociedad nacional&#8230;<\/strong><\/p>\n","protected":false},"excerpt":{"rendered":"<p>LA ECONOM\u00cdA Y USTED&#8230; Eliseo Castillo \u00a0 \u00a0 \u00a0 \u00a0 \u00a0 \u00a0 \u00a0 \u00a0 \u00a0 \u00a0 \u00a0 \u00a0 \u00a0 \u00a0 \u00a0 \u00a0 \u00a0 \u00a0 \u00a0 \u00a0 \u00a0 \u00a0 \u00a0 \u00a0 \u00a0 \u00a0 \u00a0 \u00a0 \u00a0 \u00a0 \u00a0 \u00a0 \u00a0 \u00a0 \u00a0 \u00a0 \u00a0 \u00a0 \u00a0 \u00a0 \u00a0 \u00a0 \u00a0 \u00a0 \u00a0 \u00a0 \u00a0 \u00a0 \u00a0 [&hellip;]<\/p>\n","protected":false},"author":2,"featured_media":8916,"comment_status":"open","ping_status":"open","sticky":false,"template":"","format":"standard","meta":{"footnotes":"","_rishi_post_view_count":652},"categories":[1],"tags":[],"class_list":["post-8915","post","type-post","status-publish","format-standard","has-post-thumbnail","hentry","category-opinion"],"comments_count":"0","_links":{"self":[{"href":"https:\/\/elpregonerodezamora.com\/index.php\/wp-json\/wp\/v2\/posts\/8915","targetHints":{"allow":["GET"]}}],"collection":[{"href":"https:\/\/elpregonerodezamora.com\/index.php\/wp-json\/wp\/v2\/posts"}],"about":[{"href":"https:\/\/elpregonerodezamora.com\/index.php\/wp-json\/wp\/v2\/types\/post"}],"author":[{"embeddable":true,"href":"https:\/\/elpregonerodezamora.com\/index.php\/wp-json\/wp\/v2\/users\/2"}],"replies":[{"embeddable":true,"href":"https:\/\/elpregonerodezamora.com\/index.php\/wp-json\/wp\/v2\/comments?post=8915"}],"version-history":[{"count":1,"href":"https:\/\/elpregonerodezamora.com\/index.php\/wp-json\/wp\/v2\/posts\/8915\/revisions"}],"predecessor-version":[{"id":8917,"href":"https:\/\/elpregonerodezamora.com\/index.php\/wp-json\/wp\/v2\/posts\/8915\/revisions\/8917"}],"wp:featuredmedia":[{"embeddable":true,"href":"https:\/\/elpregonerodezamora.com\/index.php\/wp-json\/wp\/v2\/media\/8916"}],"wp:attachment":[{"href":"https:\/\/elpregonerodezamora.com\/index.php\/wp-json\/wp\/v2\/media?parent=8915"}],"wp:term":[{"taxonomy":"category","embeddable":true,"href":"https:\/\/elpregonerodezamora.com\/index.php\/wp-json\/wp\/v2\/categories?post=8915"},{"taxonomy":"post_tag","embeddable":true,"href":"https:\/\/elpregonerodezamora.com\/index.php\/wp-json\/wp\/v2\/tags?post=8915"}],"curies":[{"name":"wp","href":"https:\/\/api.w.org\/{rel}","templated":true}]}}