{"id":8912,"date":"2024-03-05T22:31:38","date_gmt":"2024-03-05T22:31:38","guid":{"rendered":"https:\/\/elpregonerodezamora.com\/?p=8912"},"modified":"2024-03-05T22:31:38","modified_gmt":"2024-03-05T22:31:38","slug":"ensuciar-politica-y-no-pagar-impuestos","status":"publish","type":"post","link":"https:\/\/elpregonerodezamora.com\/index.php\/2024\/03\/05\/ensuciar-politica-y-no-pagar-impuestos\/","title":{"rendered":"ENSUCIAR POL\u00cdTICA Y NO PAGAR IMPUESTOS\u00a0 \u00a0"},"content":{"rendered":"\n<p style=\"font-size:30px\"><strong>LAS PEQUE\u00d1AS COSAS&#8230;<\/strong><\/p>\n\n\n\n<p><strong>Eliseo Castillo<\/strong><\/p>\n\n\n\n<p>\u00a0 \u00a0 \u00a0 \u00a0 \u00a0 \u00a0 \u00a0 \u00a0 \u00a0 \u00a0 \u00a0 \u00a0 \u00a0 \u00a0 \u00a0 \u00a0 \u00a0 \u00a0 \u00a0 \u00a0 \u00a0 \u00a0 \u00a0 \u00a0 \u00a0 \u00a0 \u00a0 \u00a0<\/p>\n\n\n\n<p>\u00a0 \u00a0 \u00a0 \u00a0 \u00a0 \u00a0 \u00a0 \u00a0 \u00a0 \u00a0 \u00a0 \u00a0 \u00a0 \u00a0 \u00a0 \u00a0 \u00a0 \u00a0 \u00a0 \u00a0 \u00a0 \u00a0 \u00a0 \u00a0 \u00a0 \u00a0 \u00a0 \u00a0 \u00a0 \u00a0 \u00a0 \u00a0 \u00a0 \u00a0 \u00a0 \u00a0 <strong>AMIGA DE AYER, HOY<\/strong><\/p>\n\n\n\n<p>\u00a0 \u00a0 \u00a0 \u00a0 \u00a0 \u00a0 \u00a0 \u00a0 \u00a0 \u00a0 \u00a0 \u00a0 \u00a0 \u00a0 \u00a0 \u00a0 \u00a0 \u00a0 \u00a0 \u00a0 \u00a0 \u00a0 \u00a0 \u00a0 \u00a0 \u00a0 \u00a0 \u00a0 <strong><em>&#8220;Con la nostalgia de los d\u00edas vividos, las cosas idas,<\/em><\/strong><\/p>\n\n\n\n<p>\u00a0 \u00a0 \u00a0 \u00a0 \u00a0 \u00a0 \u00a0 \u00a0 \u00a0 \u00a0 \u00a0 \u00a0 \u00a0 \u00a0 \u00a0 \u00a0 \u00a0 \u00a0 \u00a0 \u00a0 \u00a0 \u00a0 \u00a0 \u00a0 \u00a0 \u00a0 \u00a0 \u00a0 <strong><em>amiga de entonces, manos sin duda c\u00f3mplices,<\/em><\/strong><\/p>\n\n\n\n<p>\u00a0 \u00a0 \u00a0 \u00a0 \u00a0 \u00a0 \u00a0 \u00a0 \u00a0 \u00a0 \u00a0 \u00a0 \u00a0 \u00a0 \u00a0 \u00a0 \u00a0 \u00a0 \u00a0 \u00a0 \u00a0 \u00a0 \u00a0 \u00a0 \u00a0 \u00a0 \u00a0 \u00a0 <strong><em>a tiempo que no te veo, hoy te bendigo, amiga,<\/em><\/strong><\/p>\n\n\n\n<p>\u00a0 \u00a0 \u00a0 \u00a0 \u00a0 \u00a0 \u00a0 \u00a0 \u00a0 \u00a0 \u00a0 \u00a0 \u00a0 \u00a0 \u00a0 \u00a0 \u00a0 \u00a0 \u00a0 \u00a0 \u00a0 \u00a0 \u00a0 \u00a0 \u00a0 \u00a0 \u00a0 \u00a0 <strong><em>amor, a veces saboreado a prisa, casi a escondidas,<\/em><\/strong><\/p>\n\n\n\n<p>\u00a0 \u00a0 \u00a0 \u00a0 \u00a0 \u00a0 \u00a0 \u00a0 \u00a0 \u00a0 \u00a0 \u00a0 \u00a0 \u00a0 \u00a0 \u00a0 \u00a0 \u00a0 \u00a0 \u00a0 \u00a0 \u00a0 \u00a0 \u00a0 \u00a0 \u00a0 \u00a0 \u00a0<strong><em>amor de entonces, de cada instante, a veces m\u00eda,<\/em><\/strong><\/p>\n\n\n\n<p>\u00a0 \u00a0 \u00a0 \u00a0 \u00a0 \u00a0 \u00a0 \u00a0 \u00a0 \u00a0 \u00a0 \u00a0 \u00a0 \u00a0 \u00a0 \u00a0 \u00a0 \u00a0 \u00a0 \u00a0 \u00a0 \u00a0 \u00a0 \u00a0 \u00a0 \u00a0 \u00a0 \u00a0<strong><em>amiga de ayer que extra\u00f1o, a tu recuerdo, bendita m\u00eda.<\/em><\/strong><\/p>\n\n\n\n<p>\u00a0 \u00a0 \u00a0 \u00a0 \u00a0 \u00a0 \u00a0 \u00a0 \u00a0 \u00a0 \u00a0 \u00a0 \u00a0 \u00a0 \u00a0 \u00a0 \u00a0 \u00a0 \u00a0 \u00a0 \u00a0 \u00a0 \u00a0 \u00a0 \u00a0 \u00a0 \u00a0 \u00a0 \u00a0 \u00a0 \u00a0 \u00a0 \u00a0 \u00a0 \u00a0 \u00a0 \u00a0 \u00a0 \u00a0 \u00a0 \u00a0 \u00a0<strong>el\u00edseo<\/strong><\/p>\n\n\n\n<p><strong><em>La derecha pol\u00edtica y empresarial, nunca se ha caracterizado por ser muy defensora de los derechos sociales, mucho menos de aceptar que les gobierne alguien que no sea de su ralea o condici\u00f3n social; ya de cumplir con sus compromisos fiscales ni qu\u00e9 decir&#8230;<\/em><\/strong><\/p>\n\n\n\n<p><strong><em>Hist\u00f3ricamente la derecha ha sido &#8220;golpista sistem\u00e1tica&#8221;; cada que no acepta un gobierno, entre las opciones que maneja est\u00e1 la posibilidad de eliminar al mandatario en turno; en eso, la derecha internacional es su maestra indudable: Trump, su m\u00e1xima expresi\u00f3n; mientras los gobiernos de imposici\u00f3n en Bolivia contra Evo Morales; en Per\u00fa, contra Pedro Catillo, en Brasil, contra Lula; en fin, ejemplos rudos de la realidad grosera.<\/em><\/strong><\/p>\n\n\n\n<p style=\"font-size:25px\"><strong>Guerra de lodo en la pol\u00edtica, y aceptar deber impuestos y no pagarlos&#8230;, por sus&#8230;&#8221;esos&#8221;.<\/strong><\/p>\n\n\n\n<p><strong><em>Mientras la izquierda, regularmente busca el poder por medio de las urnas, incluso llegando al extremo de tomar las armas en utop\u00edas justicieras, mediante las que se supone que se lucha por el poder, para, supuestamente hacer mejores gobiernos; la derecha definitivamente se organiza en funci\u00f3n a obtener el poder mediante campa\u00f1as de financiamiento mercenario, para evitar que sus intereses sean tocados.<\/em><\/strong><\/p>\n\n\n\n<p><strong><em>A Salinas y su pol\u00edtica privatizadora se le quem\u00f3 incienso, se le elev\u00f3 al nivel de un gran estadista que les entreg\u00f3 lo mejor de las empresas p\u00fablicas nacionales; con lo que la riqueza de pocos, contrast\u00f3 m\u00e1s que nunca con la pobreza de muchos. No importaba eso; lo fundamental era controlar la econom\u00eda y el reparto de sus utilidades; los intelectuales que pod\u00edan criticar tal tarea, estaban penosamente domesticados por medio de d\u00e1divas llamadas &#8220;becas&#8221;.<\/em><\/strong><\/p>\n\n\n\n<p><strong><em>Lo que vemos hoy con la guerra de desprestigio contra al candidata de la izquierda; Claudia Sheinbaum es una muestra de como reacciona esta fracci\u00f3n ideol\u00f3gica; se resiste a pagar impuestos, y es capaz de financiar las m\u00e1s obscuras tareas violentas contra los gobiernos que le pongan en la obligaci\u00f3n legal de pagar sus deudas.<\/em><\/strong><\/p>\n\n\n\n<p><strong><em>Por cierto, los grandes millonarios de Alemania, en buena porci\u00f3n le han pedido al gobierno que les cobre m\u00e1s impuestos; conscientes de que son beneficiarios de las mejores oportunidades para acumular riqueza; pero sobre todo, reconociendo que han usado a la naturaleza en su favor, quit\u00e1ndole condiciones de vida al resto de la sociedad; no ofrecen m\u00e1s que lo justo&#8230;, regresar algo de lo que obtienen.<\/em><\/strong><\/p>\n\n\n\n<p><strong>En M\u00e9xico es al rev\u00e9s; el se\u00f1or Salinas Pliego, haciendo gala de su soberbia, lanza en cadena nacional por todos los canales de su televisora (tv-azteca) a la misma hora, su preg\u00f3n claramente despectivo del cl\u00e1sico empresario poderoso&#8230;:\u00a0<em>acepta que debe impuestos desde el gobierno de Fox, pero no los paga, prefiere ampararse contra su obligaci\u00f3n de cumplir fiscalmente&#8230;, su argumento es que: los debe, pero no los paga por que el gobierno se los roba&#8230;<\/em><\/strong><\/p>\n\n\n\n<p><strong><em>Mientras gobern\u00f3 la derecha, se dedic\u00f3 a evadir el pago de los mismos mediante amparos y buenas relaciones pol\u00edticas; todo estaba bien, nadie lo iba a molestar; para eso est\u00e1n las buenas relaciones, y sobre todo, la reciprocidad en los favores&#8230;\u00a0si amor con amor se paga, favor con favor tambi\u00e9n.<\/em><\/strong><\/p>\n\n\n\n<p><strong><em>Hoy que se le cobra lo que debe, prefiere lanzar su molestia por medio de su televisora se\u00f1alando que si, que si los debe, pero no los va a pagar&#8230;, para que no se los roben. Aqu\u00ed funciona la arenga espa\u00f1ola\u00a0 tan socorrida de&#8230; \u00a1al ladr\u00f3n, al ladr\u00f3n&#8230;!<\/em><\/strong><\/p>\n\n\n\n<p><strong><em>Cuando a todas horas se acusa al presidente AMLO de ser una mala influencia para el pa\u00eds, se est\u00e1 aplicando lo que desde Washington a la pol\u00edtica llamada del\u00a0&#8220;golpe blando&#8221;,\u00a0como forma de ir debilitando a los gobiernos que no responden a sus intereses; incluso desde 2017, antes de que ganara la elecci\u00f3n, y con las preferencias electorales a su favor, el actual presidente era atacado sistem\u00e1ticamente; siempre se le ha visto como una persona que no es de su clase, no est\u00e1 a su altura; no luce el despilfarro cl\u00e1sico de los pol\u00edticos mexicanos, que al final terminan reparti\u00e9ndole a los empresarios la riqueza nacional.<\/em><\/strong><\/p>\n\n\n\n<p><strong><em>Claudia narco-candidata; Claudia un peligro para M\u00e9xico; Claudia Nazi&#8230;; y todos los calificativos posibles, son parte de la guerra de lodo y basura, mediante la cual se intenta evitar que la cient\u00edfica llegue al poder. Para ellos, la democracia, esa por la que dicen salir a la calle a marchar no les importa; es irrelevante, cuando mucho es un instrumento de ataque en pos de sus intereses.<\/em><\/strong><\/p>\n\n\n\n<p><strong><em>Para ellos, el fraude de 1988, el de 2006, el de 2012, son fraudes en defensa de sus intereses, los que est\u00e1n por encima del bien nacional; para ellos, no se acepta la democracia popular; el voto social no vale si este es a favor de grupos que no les benefician; como lo se\u00f1al\u00f3 de manera vergonzosa el escritor de derecha Mario Vargas Llosa&#8230;, el que considera que de nada sirve que la gente vote, si no saben votar bien; con eso est\u00e1n sentenciando a la supuesta democracia&#8230;\u00a0&#8220;s\u00f3lo es democracia cuando gana el grupo que convenga; en caso contrario, no debe contar el voto&#8230;; \u00a1porque la gente no supo votar&#8230;, no vot\u00f3 bien!<\/em><\/strong><\/p>\n\n\n\n<p><strong><em>Esta es una realidad penosa, ofende pensar que los que deber\u00edan ser ejemplo de ciudadan\u00eda, como lo afirmaron hace unos d\u00edas&#8230;, los blancos saben m\u00e1s, merecen m\u00e1s por que tienen mas educaci\u00f3n, m\u00e1s acceso a la escuela&#8230;<\/em><\/strong><\/p>\n\n\n\n<p style=\"font-size:25px\"><strong>\u00bfM\u00e1s educaci\u00f3n&#8230;?<\/strong><\/p>\n\n\n\n<p><strong><em>Lo que estamos viendo es una soberbia golpista a la que no renuncian; primero sus intereses; y si tienen que volver a cometer otro fraude electoral lo van a hacer; y si tiene que seguir tirando lodo contra la candidata Claudia, lo van a seguir haciendo; diciendo tonter\u00eda como las que lanz\u00f3 el se\u00f1or Salinas Pliego al reconocer que debe muchos miles de millones de pesos; con datos del SAT, su deuda anda por los 38 000 millones de pesos; pero que no los va a pagar&#8230;, por que se los roban&#8230;<\/em><\/strong><\/p>\n\n\n\n<p style=\"font-size:25px\"><strong>\u00a1Al ladr\u00f3n, al ladr\u00f3n&#8230;!<\/strong><\/p>\n","protected":false},"excerpt":{"rendered":"<p>LAS PEQUE\u00d1AS COSAS&#8230; Eliseo Castillo \u00a0 \u00a0 \u00a0 \u00a0 \u00a0 \u00a0 \u00a0 \u00a0 \u00a0 \u00a0 \u00a0 \u00a0 \u00a0 \u00a0 \u00a0 \u00a0 \u00a0 \u00a0 \u00a0 \u00a0 \u00a0 \u00a0 \u00a0 \u00a0 \u00a0 \u00a0 \u00a0 \u00a0 \u00a0 \u00a0 \u00a0 \u00a0 \u00a0 \u00a0 \u00a0 \u00a0 \u00a0 \u00a0 \u00a0 \u00a0 \u00a0 \u00a0 \u00a0 \u00a0 \u00a0 \u00a0 \u00a0 \u00a0 \u00a0 \u00a0 [&hellip;]<\/p>\n","protected":false},"author":2,"featured_media":8913,"comment_status":"open","ping_status":"open","sticky":false,"template":"","format":"standard","meta":{"footnotes":"","_rishi_post_view_count":579},"categories":[1],"tags":[],"class_list":["post-8912","post","type-post","status-publish","format-standard","has-post-thumbnail","hentry","category-opinion"],"comments_count":"0","_links":{"self":[{"href":"https:\/\/elpregonerodezamora.com\/index.php\/wp-json\/wp\/v2\/posts\/8912","targetHints":{"allow":["GET"]}}],"collection":[{"href":"https:\/\/elpregonerodezamora.com\/index.php\/wp-json\/wp\/v2\/posts"}],"about":[{"href":"https:\/\/elpregonerodezamora.com\/index.php\/wp-json\/wp\/v2\/types\/post"}],"author":[{"embeddable":true,"href":"https:\/\/elpregonerodezamora.com\/index.php\/wp-json\/wp\/v2\/users\/2"}],"replies":[{"embeddable":true,"href":"https:\/\/elpregonerodezamora.com\/index.php\/wp-json\/wp\/v2\/comments?post=8912"}],"version-history":[{"count":1,"href":"https:\/\/elpregonerodezamora.com\/index.php\/wp-json\/wp\/v2\/posts\/8912\/revisions"}],"predecessor-version":[{"id":8914,"href":"https:\/\/elpregonerodezamora.com\/index.php\/wp-json\/wp\/v2\/posts\/8912\/revisions\/8914"}],"wp:featuredmedia":[{"embeddable":true,"href":"https:\/\/elpregonerodezamora.com\/index.php\/wp-json\/wp\/v2\/media\/8913"}],"wp:attachment":[{"href":"https:\/\/elpregonerodezamora.com\/index.php\/wp-json\/wp\/v2\/media?parent=8912"}],"wp:term":[{"taxonomy":"category","embeddable":true,"href":"https:\/\/elpregonerodezamora.com\/index.php\/wp-json\/wp\/v2\/categories?post=8912"},{"taxonomy":"post_tag","embeddable":true,"href":"https:\/\/elpregonerodezamora.com\/index.php\/wp-json\/wp\/v2\/tags?post=8912"}],"curies":[{"name":"wp","href":"https:\/\/api.w.org\/{rel}","templated":true}]}}