{"id":8905,"date":"2024-02-29T23:18:08","date_gmt":"2024-02-29T23:18:08","guid":{"rendered":"https:\/\/elpregonerodezamora.com\/?p=8905"},"modified":"2024-02-29T23:18:09","modified_gmt":"2024-02-29T23:18:09","slug":"mas-michoacan-entrego-registro-como-pre-candidato-a-francisco-javier-herrera-escobar-en-jacona","status":"publish","type":"post","link":"https:\/\/elpregonerodezamora.com\/index.php\/2024\/02\/29\/mas-michoacan-entrego-registro-como-pre-candidato-a-francisco-javier-herrera-escobar-en-jacona\/","title":{"rendered":"M\u00e1s Michoac\u00e1n entreg\u00f3 registro como pre candidato a Francisco Javier Herrera Escobar, en Jacona"},"content":{"rendered":"\n<p><strong><em>Jacona, Mich., 29\/febrero\/2024.- Luego de entregar la constancia de registro como precandidato que aspira a la candidatura oficial por el partido M\u00e1s Michoac\u00e1n de creciente creaci\u00f3n, Jorge Hern\u00e1ndez \u00c1lvarez, en Zamora; toc\u00f3 el turno a Francisco Javier Herrera Escobar recibir similar documento, en evento que tuvo lugar en la ciudad de Jacona, cont\u00e1ndose con la asistencia de personalidades como profesionistas, productores del campo, agroindustriales, comerciantes, ex alcaldes, ex diputados, j\u00f3venes y mujeres con exitosa trayectoria y diversas personalidades de esta municipalidad.<\/em><\/strong><\/p>\n\n\n\n<p><strong><em>La reuni\u00f3n fue encabezada por el l\u00edder moral del partido M\u00e1s Michoac\u00e1n, licenciado Jes\u00fas Reyna Garc\u00eda, quien destac\u00f3 que ese nuevo instituto pol\u00edtico naci\u00f3 precisamente en una reuni\u00f3n que tuvo lugar en Jacona; lugar que, junto con el municipio de Zamora, son de los mejor organizados de la entidad, y donde podr\u00eda darse resultados positivos en el proceso electoral del presente a\u00f1o.<\/em><\/strong><\/p>\n\n\n\n<p><strong><em>Dijo que los precandidatos de ambos municipios, son excelentes propuestas, por lo que, de lograr el triunfo electoral, tanto Zamora, como Jacona, tienen amplias oportunidades de crecer y desarrollarse de manera positiva en todas sus clases sociales, porque son hombres se trabajo y comprometidos con todos los estratos sociales, con la gente trabajadora, con los deportistas, con los profesionistas, con campesinos y obreros, con la gente que busca de manera honrada una mejor forma de vivir.<\/em><\/strong><\/p>\n\n\n\n<p><strong><em>Fue claro al subrayar, que M\u00e1s Michoac\u00e1n, es un instituto pol\u00edtico que ha nacido para gobernar con respeto total y absoluto a los michoacanos; que es un partido pol\u00edtico honrado, con gente de mucha experiencia respaldada con j\u00f3venes emprendedores y mujeres exitosas, lo que garantiza un gobierno altamente positivo, con propuestas concretas y con un plan de trabajo que saldr\u00e1 siempre en base a las necesidades y propuestas que haga la poblaci\u00f3n.<\/em><\/strong><\/p>\n\n\n\n<p><strong><em>En el evento pol\u00edtico hicieron acto de presencia los ex alcaldes jaconenses: Antonio Ch\u00e1vez Cacho, Jos\u00e9 Artemio Castillo Reyes, Sergio Antonio Garc\u00eda Mart\u00ednez y Gregorio Rodiles Duarte; as\u00ed como el ex diputado locales del Distrito de Jacona, el ingeniero David Huirache B\u00e9jar; productores del campo y agroindustriales, destacando gran cantidad de j\u00f3venes de ambos sexos.<\/em><\/strong><\/p>\n\n\n\n<p><strong><em>El programa estuvo a cargo coordinador de campa\u00f1a, Jes\u00fas Garc\u00eda Maldonado, as\u00ed como del licenciado Ezequiel Hern\u00e1ndez Arteaga y la licenciada Gabriela Ceja Herrera, quienes encabezan el movimiento formal de M\u00e1s Michoac\u00e1n en la entidad; cont\u00e1ndose con la participaci\u00f3n y coordinaci\u00f3n de la Comisi\u00f3n Ejecutiva Municipal, que encabeza Mar\u00eda Eugenia Garc\u00eda Reyes.<\/em><\/strong><\/p>\n\n\n\n<p><strong><em>De nueva cuenta y tal como ya se hab\u00eda dado a conocer con anterioridad, se recalc\u00f3 que la Comisi\u00f3n Ejecutiva Municipal de M\u00e1s Michoac\u00e1n, ha llevado a cabo importantes reuniones con l\u00edderes de colonias, fraccionamientos, comunidades, tenencias y rancher\u00edas; as\u00ed como con l\u00edderes sindicales, profesionistas, clubes deportivos, entre otras agrupaciones, con la finalidad de promover la plataforma de trabajo, en su intenci\u00f3n por aumentar poco a poco, tanto la militancia, como el n\u00famero de simpatizantes, que, a estas alturas es ya muy importante, porque han logrado convencer a la sociedad, increment\u00e1ndose de manera muy importante el n\u00famero de militantes y simpatizantes, \u201cpor que est\u00e1n convencidos de que M\u00e1s Michoac\u00e1n es el partido pol\u00edtico con la mejor oferta, que colocar\u00e1 a los mejores candidatos, en busca de un triunfo contundente en todos los municipios michoacanos donde se ha consolidado, como en Zamora y Jacona, por dar un ejemplo\u201d.<\/em><\/strong><\/p>\n\n\n\n<p><strong><em>Se dijo que las comisiones correspondientes, est\u00e1n concentr\u00e1ndose en un quehacer pol\u00edtico de respeto absoluto y que no tratar\u00e1n de ganar la simpat\u00eda del pueblo con descalificaciones de ninguna naturaleza hacia otros partidos pol\u00edticos, ni a personas en lo particular.<\/em><\/strong><\/p>\n\n\n\n<p><strong><em>La presencia de los ex alcaldes: licenciado Sergio Anonio Garc\u00eda Mart\u00ednez, Jos\u00e9 Artemio Castillo Reyes, Antonio Ch\u00e1vez Cacho y c.p. Gregorio Rodiles Duarte; as\u00ed como del presidente del Consejo Coordinador Empresarial de Zamora y la regi\u00f3n, Contador Jes\u00fas Fern\u00e1ndez Arias; y del precandidato a la alcald\u00eda por M\u00e1s Michoac\u00e1n en Zamora, Jorge Hern\u00e1ndez \u00c1lvarez; empresarios, comerciantes, j\u00f3venes profesionistas, lideres sindicales y amas de casa, fue considerado como un claro indicativo del crecimiento, de la aceptaci\u00f3n y la consolidaci\u00f3n que M\u00e1s Michoac\u00e1n est\u00e1 logrando en Jacona, de cara al proceso electoral en el que por primera vez se participar\u00e1, en la historia pol\u00edtica de la entidad.<\/em><\/strong><\/p>\n\n\n\n<p><strong><em>Por su parte, el pre candidato para contender por la alcald\u00eda de Zamora, el productor del campo, Jorge Hern\u00e1ndez \u00c1lvarez, al hacer uso de la palabra, invit\u00f3 a los asistentes al trascendental evento, a trabajar con fuerza, de manera contundente y determinaci\u00f3n, para que se consolide con un triunfo electoral el proyecto pol\u00edtico de M\u00e1s Michoac\u00e1n.<\/em><\/strong><\/p>\n\n\n\n<p><strong><em>Importante resulta subrayar, que el pre candidato para la alcald\u00eda jaconense por este instituto pol\u00edtico, Francisco Javier Herrera Escobar, es hombre del campo, que ha crecido entre los surcos, haciendo producir la tierra para generar empleos, tanto en las parcelas, como en la agroindustria, as\u00ed como en mercados donde se comercializan los productos que cultivan.<\/em><\/strong><\/p>\n\n\n\n<p style=\"font-size:25px\"><strong>Vive con una tradici\u00f3n familiar cien por ciento campesina, consolidando su prestigio como familias respetuosas dedicadas totalmente al trabajo<\/strong><\/p>\n\n\n\n<p><strong><em>Fueron varias las participaciones que se tuvieron en el hist\u00f3rico acto pol\u00edtico, todas ellas con propuestas firmes, s\u00f3lidas, propositivas, incluyentes, con el \u00fanico inter\u00e9s de sumar cada d\u00eda m\u00e1s militantes y simpatizantes; quedando en claro que los jaconenses merecen respeto, con autoridades que realmente respeten a la poblaci\u00f3n, con sus creencias y militancias; que se trabaje sin banderas pol\u00edticas y con servicio y trato de calidad siempre enmarcado con el respeto.<\/em><\/strong><\/p>\n\n\n\n<p><strong>Nota de Arturo CEJA ARELLANO<\/strong><\/p>\n\n\n\n<p><strong>(Fotograf\u00edas de: Karem CASTRO)<\/strong><\/p>\n","protected":false},"excerpt":{"rendered":"<p>Jacona, Mich., 29\/febrero\/2024.- Luego de entregar la constancia de registro como precandidato que aspira a la candidatura oficial por el partido M\u00e1s Michoac\u00e1n de creciente creaci\u00f3n, Jorge Hern\u00e1ndez \u00c1lvarez, en Zamora; toc\u00f3 el turno a Francisco Javier Herrera Escobar recibir similar documento, en evento que tuvo lugar en la ciudad de Jacona, cont\u00e1ndose con la [&hellip;]<\/p>\n","protected":false},"author":2,"featured_media":8906,"comment_status":"open","ping_status":"open","sticky":false,"template":"","format":"standard","meta":{"footnotes":"","_rishi_post_view_count":844},"categories":[197],"tags":[413],"class_list":["post-8905","post","type-post","status-publish","format-standard","has-post-thumbnail","hentry","category-politica","tag-mas-michoacan-entrego-registro-como-pre-candidato-a-francisco-javier-herrera-escobar"],"comments_count":"0","_links":{"self":[{"href":"https:\/\/elpregonerodezamora.com\/index.php\/wp-json\/wp\/v2\/posts\/8905","targetHints":{"allow":["GET"]}}],"collection":[{"href":"https:\/\/elpregonerodezamora.com\/index.php\/wp-json\/wp\/v2\/posts"}],"about":[{"href":"https:\/\/elpregonerodezamora.com\/index.php\/wp-json\/wp\/v2\/types\/post"}],"author":[{"embeddable":true,"href":"https:\/\/elpregonerodezamora.com\/index.php\/wp-json\/wp\/v2\/users\/2"}],"replies":[{"embeddable":true,"href":"https:\/\/elpregonerodezamora.com\/index.php\/wp-json\/wp\/v2\/comments?post=8905"}],"version-history":[{"count":1,"href":"https:\/\/elpregonerodezamora.com\/index.php\/wp-json\/wp\/v2\/posts\/8905\/revisions"}],"predecessor-version":[{"id":8907,"href":"https:\/\/elpregonerodezamora.com\/index.php\/wp-json\/wp\/v2\/posts\/8905\/revisions\/8907"}],"wp:featuredmedia":[{"embeddable":true,"href":"https:\/\/elpregonerodezamora.com\/index.php\/wp-json\/wp\/v2\/media\/8906"}],"wp:attachment":[{"href":"https:\/\/elpregonerodezamora.com\/index.php\/wp-json\/wp\/v2\/media?parent=8905"}],"wp:term":[{"taxonomy":"category","embeddable":true,"href":"https:\/\/elpregonerodezamora.com\/index.php\/wp-json\/wp\/v2\/categories?post=8905"},{"taxonomy":"post_tag","embeddable":true,"href":"https:\/\/elpregonerodezamora.com\/index.php\/wp-json\/wp\/v2\/tags?post=8905"}],"curies":[{"name":"wp","href":"https:\/\/api.w.org\/{rel}","templated":true}]}}