{"id":8899,"date":"2024-02-27T19:42:37","date_gmt":"2024-02-27T19:42:37","guid":{"rendered":"https:\/\/elpregonerodezamora.com\/?p=8899"},"modified":"2024-02-27T19:42:37","modified_gmt":"2024-02-27T19:42:37","slug":"lodo-electoral-cancelacion-de-elecciones","status":"publish","type":"post","link":"https:\/\/elpregonerodezamora.com\/index.php\/2024\/02\/27\/lodo-electoral-cancelacion-de-elecciones\/","title":{"rendered":"LODO ELECTORAL\u2026 \u00a1CANCELACI\u00d3N DE ELECCIONES!"},"content":{"rendered":"\n<p style=\"font-size:30px\"><strong>LAS PEQUE\u00d1AS COSAS&#8230;<\/strong><\/p>\n\n\n\n<p><strong>Eliseo Castillo<\/strong><\/p>\n\n\n\n<p>\u00a0 \u00a0 \u00a0 \u00a0 \u00a0 \u00a0 \u00a0 \u00a0 \u00a0 \u00a0 \u00a0 \u00a0 \u00a0 \u00a0 \u00a0 \u00a0 \u00a0 \u00a0 \u00a0 \u00a0 \u00a0 \u00a0 \u00a0 \u00a0 \u00a0 <\/p>\n\n\n\n<p>\u00a0 \u00a0 \u00a0 \u00a0 \u00a0 \u00a0 \u00a0 \u00a0 \u00a0 \u00a0 \u00a0 \u00a0 \u00a0 \u00a0 \u00a0 \u00a0 \u00a0 \u00a0 \u00a0 \u00a0 \u00a0 \u00a0 \u00a0 \u00a0 \u00a0 \u00a0 \u00a0 \u00a0 \u00a0 \u00a0 \u00a0 \u00a0 \u00a0 \u00a0 \u00a0 \u00a0 \u00a0<strong> DEL CAMINO<\/strong><\/p>\n\n\n\n<p>\u00a0 \u00a0 \u00a0 \u00a0 \u00a0 \u00a0 \u00a0 \u00a0 \u00a0 \u00a0 \u00a0 \u00a0 \u00a0 \u00a0 \u00a0 \u00a0 \u00a0 \u00a0 \u00a0 \u00a0 \u00a0 \u00a0 \u00a0 \u00a0 \u00a0 \u00a0 \u00a0<strong><em> &#8220;Sonr\u00edes,\u00a0 el eco de tu encanto me inunda,<\/em><\/strong><\/p>\n\n\n\n<p>\u00a0 \u00a0 \u00a0 \u00a0 \u00a0 \u00a0 \u00a0 \u00a0 \u00a0 \u00a0 \u00a0 \u00a0 \u00a0 \u00a0 \u00a0 \u00a0 \u00a0 \u00a0 \u00a0 \u00a0 \u00a0 \u00a0 \u00a0 \u00a0 \u00a0 \u00a0 \u00a0 <strong><em>me hace menos cierto, m\u00e1s humano,<\/em><\/strong><\/p>\n\n\n\n<p>\u00a0 \u00a0 \u00a0 \u00a0 \u00a0 \u00a0 \u00a0 \u00a0 \u00a0 \u00a0 \u00a0 \u00a0 \u00a0 \u00a0 \u00a0 \u00a0 \u00a0 \u00a0 \u00a0 \u00a0 \u00a0 \u00a0 \u00a0 \u00a0 \u00a0 \u00a0 \u00a0 <strong><em>me miras, y lejos de perderme en sue\u00f1os inseguros,<\/em><\/strong><\/p>\n\n\n\n<p>\u00a0 \u00a0 \u00a0 \u00a0 \u00a0 \u00a0 \u00a0 \u00a0 \u00a0 \u00a0 \u00a0 \u00a0 \u00a0 \u00a0 \u00a0 \u00a0 \u00a0 \u00a0 \u00a0 \u00a0 \u00a0 \u00a0 \u00a0 \u00a0 \u00a0 \u00a0 <strong><em>\u00a0tu certeza es mi camino, mi paso no vacila,<\/em><\/strong><\/p>\n\n\n\n<p>\u00a0 \u00a0 \u00a0 \u00a0 \u00a0 \u00a0 \u00a0 \u00a0 \u00a0 \u00a0 \u00a0 \u00a0 \u00a0 \u00a0 \u00a0 \u00a0 \u00a0 \u00a0 \u00a0 \u00a0 \u00a0 \u00a0 \u00a0 \u00a0 \u00a0 \u00a0 \u00a0<strong><em>por donde vas te sigo, amor de ayer,<\/em><\/strong><\/p>\n\n\n\n<p>\u00a0 \u00a0 \u00a0 \u00a0 \u00a0 \u00a0 \u00a0 \u00a0 \u00a0 \u00a0 \u00a0 \u00a0 \u00a0 \u00a0 \u00a0 \u00a0 \u00a0 \u00a0 \u00a0 \u00a0 \u00a0 \u00a0 \u00a0 \u00a0 \u00a0 \u00a0 \u00a0<strong><em>por donde vas, voy contigo&#8221;&#8230;<\/em><\/strong><\/p>\n\n\n\n<p>\u00a0 \u00a0 \u00a0 \u00a0 \u00a0 \u00a0 \u00a0 \u00a0 \u00a0 \u00a0 \u00a0 \u00a0 \u00a0 \u00a0 \u00a0 \u00a0 \u00a0 \u00a0 \u00a0 \u00a0 \u00a0 \u00a0 \u00a0 \u00a0 \u00a0 \u00a0 \u00a0 \u00a0 \u00a0 \u00a0 \u00a0 \u00a0 \u00a0 \u00a0 \u00a0 \u00a0 \u00a0 \u00a0 \u00a0 \u00a0 \u00a0<strong>el\u00edseo<\/strong><\/p>\n\n\n\n<p><strong><em>En un mensaje en instagram, con eso de que las redes sociales son ahora el veh\u00edculo m\u00e1s \u00e1gil para hacer llegar los mensajes a m\u00e1s personas, se hace alusi\u00f3n a algo que se viene cocinando desde hace meses; al menos desde que la derecha pol\u00edtica acept\u00f3 que no cuenta con una opci\u00f3n real para contender en la actual campa\u00f1a pol\u00edtica por la presidencia (la invenci\u00f3n de una supuesta nueva &#8220;virgen&#8221; de Guadalupe, en la presencia de la ingeniera (confesamente tramposa) X\u00f3chitl G\u00e1lvez no ha sido lo que intentaron construir: una falsa opci\u00f3n electoral); la escritora y presentadora Sabina Berman deja bien planteado lo que se viene cocinando, ante la poca popularidad de la candidata de derecha; sus palabras resumen muchas cosas que preocupan, si entendemos de historia&#8230;<\/em><\/strong><\/p>\n\n\n\n<p><em><strong>X\u00d3CHITL: &#8230; &#8220;LA ANULACI\u00d3N de los comicios&#8230;&#8221;. Bajo nuestras narices y desde ahora se orquesta el intento de anular las elecciones.<\/strong><\/em><\/p>\n\n\n\n<p><em><strong>\u00bfCreen que vivimos hoy polarizados? Esp\u00e9rense a que se forme &#8220;el gobierno en el exilio&#8221;. Lo que no pueden ganar en las urnas, quieren ganarlo en la narrativa, aun si se llevan al pa\u00eds entre las patas&#8221;<\/strong><\/em><\/p>\n\n\n\n<p><em><strong>@sabinaberman<\/strong><\/em><\/p>\n\n\n\n<p><em><strong>Citado por: Enrique Galv\u00e1n Ochoa; peri\u00f3dico La Jornada, lunes 26 de febrero, 2024, pag.6<\/strong><\/em><\/p>\n\n\n\n<p><strong><em>Desde hace meses en claro que la oposici\u00f3n no cuenta con una persona con la imagen adecuada para lograr convencer al electorado de que abandone su apoyo al presidente AMLO; es una t\u00e1ctica practicada durante todo el sexenio; de hecho incluso desde antes; desde 2017, cuando se vio que en las intenciones del voto, este aventajaba con buena ventaja a los tres candidatos de derecha que se presentaron por parte del PRI, PAN, PRD y el independiente (el llamado &#8220;Bronco&#8221;, que result\u00f3 una penosa caricatura de mal gusto de la pol\u00edtica seria).<\/em><\/strong><\/p>\n\n\n\n<p><strong><em>Lo importante era detener la llegada a la presidencia de AMLO, como areng\u00f3 desde su columna y en programas de opini\u00f3n en Televisa, el opin\u00f3logo Jorge Casta\u00f1eda: a Andr\u00e9s Manuel hay que detenerlo como sea, por las buenas o por las malas.<\/em><\/strong><\/p>\n\n\n\n<p><strong><em>Hay datos de que un grupo de empresarios se reunieron con el presidente Pe\u00f1a Nieto para exigir que interviniera y cancelara la elecci\u00f3n&#8230;; si ya lo hab\u00edan hecho en 1988, en 2006, y en 2012&#8230;; \u00bfporqu\u00e9 iban a permitir que el electorado se saliera con la suya respetando su voto&#8230;?<\/em><\/strong><\/p>\n\n\n\n<p><strong><em>Desde hace m\u00e1s de un a\u00f1o, las empresas especializadas en medici\u00f3n de intenci\u00f3n electoral dan una ventaja abismal a los candidatos oficialistas; y en la confrontaci\u00f3n por la preferencia electoral entre los partidos Morena, PAN, PRI, es muy clara; el primero siempre (en el \u00faltimo a\u00f1o, 2023) ha recibido un apoyo aparente de entre el 45 al 60 por ciento; dependiendo de la encuestadora; mientras que le PAN, segunda fuerza innegable; y l\u00edder de la derecha conservadora; heredera de las viejas pugnas por el control del poder y la econom\u00eda desde 1821, en que se inicia este pa\u00eds como tal; este partido cuenta con un apoyo que va del 15 al 20 por ciento; mientras que el hist\u00f3rico PRI, generador de fraudes electorales sistem\u00e1ticos, hoy apenas se apoya en un porcentaje que va del 8 al 15 por ciento.<\/em><\/strong><\/p>\n\n\n\n<p><strong><em>Dentro de estas tres opciones se acomodan como pueden y de manera mercantil los llamados partidos enanos o chaparros, o simplemente peque\u00f1os: PRD, Verde, P del Trabajo; que como la aventurera de la canci\u00f3n&#8230; tratan de vender caro su amor para mantener su registro, y su caudal de millones de pesos para vivir como reyes&#8230;\u00a1con el dinero p\u00fablico!<\/em><\/strong><\/p>\n\n\n\n<p><strong><em>Un a\u00f1o despu\u00e9s, ha quedado claro que la distancia entre la candidata oficial (Morena) y la opositora es tan alta que, lejos de despertar euforia, ha despertado alertas en los grupos empresariales y de opini\u00f3n que han apoyado con su dinero, y la poca popularidad que aun les puede quedar&#8230;<\/em><\/strong><\/p>\n\n\n\n<p><strong><em>La distancia entre la candidata oficial Claudia Sheinbaum y la opositora X\u00f3chitl, en lugar de acortarse se alarga; mientras que la presencia del candidato de Movimiento Ciudadano es tan testimonial, que en el mejor de los casos, aspira a mantener el registro del partido.<\/em><\/strong><\/p>\n\n\n\n<p><strong><em>Han intentado de todo; ayer era calificar al presidente de &#8220;loco tropical&#8221;, de aldeano y provinciano; hoy definitivamente han vuelto a contratar a Max Cortazar&#8230;, el creador de la campa\u00f1a negra del 2006 de &#8230;\u00a0&#8220;AMLO, un peligro para M\u00e9xico&#8221;,\u00a0preludio inevitable al gran fraude pol\u00edtico que impuso a Felipe Calder\u00f3n y su sed de sangre.<\/em><\/strong><\/p>\n\n\n\n<p><strong><em>En esta \u00faltima semana las encuestas han demostrado que, luego de la guerra sucia que han tirado contra el presidente AMLO y contra la candidata Claudia, lejos de ser menos favorables, resulta que los han fortificado; los mejores resultados para la candidata X\u00f3chitl los ofrece el peri\u00f3dico El Financiero, que la ubican a 20 puntos por detr\u00e1s de Claudia; mientras que el candidato Jorge \u00c1lvarez\u00a0 de MC es muy m\u00ednimo en el apoyo electoral; en el extremo est\u00e1n encuestas como la de De Las Eras, que le otorga una ventaja a Claudia de hasta 50 puntos&#8230;, situaci\u00f3n capaz de desmotivar a cualquiera que est\u00e9 involucrado en el tema.<\/em><\/strong><\/p>\n\n\n\n<p style=\"font-size:25px\"><strong>El hoy de la campa\u00f1a&#8230;<\/strong><\/p>\n\n\n\n<p><strong>Ante la incapacidad de hacer crecer a su candidata, poco atractiva por donde se le quiera ver, la derecha pol\u00edtica ha desatado una nueva campa\u00f1a, una vez que ha visto desmontadas sus mentiras de: Narco presidente, narco candidata, y otras declaraciones sin pruebas suficientes o necesarias, han decidido iniciar una campa\u00f1a de informaci\u00f3n de que, ante la violencia, inseguridad nacional, el fracaso de la econom\u00eda nacional (aunque esta est\u00e9 mejor que los \u00faltimos 36 a\u00f1os), el descr\u00e9dito internacional (aunque hoy seamos mejor vistos que hace 36 a\u00f1os); en fin, han decidido montar el nuevo espect\u00e1culo por medio de los rumores en los medios de comunicaci\u00f3n diversos y con todo un ej\u00e9rcito de comunicadores y algunos periodistas (hay muchos que sin serlo se presentan como tales) con el que van a intentar poner en la mente de la sociedad&#8230;\u00a0<em>que no hay condiciones para que se celebren las elecciones del 2 de junio&#8230;; que la elecci\u00f3n debe ser anulada&#8230;; y que les guste o no, esto no es justo, y se debe anular&#8230;<\/em><\/strong><\/p>\n\n\n\n<p><strong>\u00bfA qu\u00e9 le suena la consigna tan socorrida y aplaudida de que&#8230;:\u00a0<em>Jalisco nunca pierde, y cuando pierde arrebata&#8230;?<\/em>\u00a0<\/strong><\/p>\n\n\n\n<p><strong><em>Es lo malo de seguir siendo rehenes de este tipo de estupideces negacionistas de la realidad&#8230;<\/em><\/strong><\/p>\n\n\n\n<p><strong><em>Prep\u00e1rese para miles de anuncios en que le van a volver loco (a) con basura electoral en la radio, la televisi\u00f3n, internet, peri\u00f3dicos, paredes&#8230;; ya ver\u00e1 que aprender\u00e1 a odiar un poquito a la pol\u00edtica, pero sobre todo a los y las malas pol\u00edticas&#8230;<\/em><\/strong><\/p>\n\n\n\n<p><strong><em>Pro sobre todo prep\u00e1rese por que le van a inducir a que acepte que no hay condiciones para las elecciones del 2 de junio&#8230;es tanta la ventaja de la candidata oficial, que es mejor arrebatar lo posible&#8230;;\u00a0haiga sido como haiga sido, dir\u00eda Calder\u00f3n; o hay que detenerlos como sea, por las buenas o por las malas, dir\u00eda J.G. Casta\u00f1eda; o como lo se\u00f1ala Alasraki, hay que decir cosas malas de Morena, aunque no sea cierto, hasta convertirlas en verdades&#8230;; o finalmente como lo dio Riva Palacio&#8230;, la verdad es irrelevante.<\/em><\/strong><\/p>\n\n\n\n<p><em><strong>La nueva campa\u00f1a es para anular la elecci\u00f3n&#8230;;<\/strong>\u00a0<strong>\u00a1y acaban de marchar para defender la democracia&#8230;! &#8220;su&#8221; democracia; la del ni\u00f1o rico que quiere todos los juguetes, y al final termina arrebatando hasta las cajas de lo juguetes, aunque se le diga que son basura&#8230;<\/strong><\/em><\/p>\n\n\n\n<p><\/p>\n\n\n\n<p>Anuncio<\/p>\n\n\n\n<figure class=\"wp-block-image\"><img decoding=\"async\" src=\"https:\/\/res.cdn.office.net\/assets\/ads\/adbarmetrochoice.svg\" alt=\"\"\/><\/figure>\n","protected":false},"excerpt":{"rendered":"<p>LAS PEQUE\u00d1AS COSAS&#8230; Eliseo Castillo \u00a0 \u00a0 \u00a0 \u00a0 \u00a0 \u00a0 \u00a0 \u00a0 \u00a0 \u00a0 \u00a0 \u00a0 \u00a0 \u00a0 \u00a0 \u00a0 \u00a0 \u00a0 \u00a0 \u00a0 \u00a0 \u00a0 \u00a0 \u00a0 \u00a0 \u00a0 \u00a0 \u00a0 \u00a0 \u00a0 \u00a0 \u00a0 \u00a0 \u00a0 \u00a0 \u00a0 \u00a0 \u00a0 \u00a0 \u00a0 \u00a0 \u00a0 \u00a0 \u00a0 \u00a0 \u00a0 \u00a0 \u00a0 \u00a0 \u00a0 [&hellip;]<\/p>\n","protected":false},"author":2,"featured_media":8900,"comment_status":"open","ping_status":"open","sticky":false,"template":"","format":"standard","meta":{"footnotes":"","_rishi_post_view_count":687},"categories":[1],"tags":[],"class_list":["post-8899","post","type-post","status-publish","format-standard","has-post-thumbnail","hentry","category-opinion"],"comments_count":"0","_links":{"self":[{"href":"https:\/\/elpregonerodezamora.com\/index.php\/wp-json\/wp\/v2\/posts\/8899","targetHints":{"allow":["GET"]}}],"collection":[{"href":"https:\/\/elpregonerodezamora.com\/index.php\/wp-json\/wp\/v2\/posts"}],"about":[{"href":"https:\/\/elpregonerodezamora.com\/index.php\/wp-json\/wp\/v2\/types\/post"}],"author":[{"embeddable":true,"href":"https:\/\/elpregonerodezamora.com\/index.php\/wp-json\/wp\/v2\/users\/2"}],"replies":[{"embeddable":true,"href":"https:\/\/elpregonerodezamora.com\/index.php\/wp-json\/wp\/v2\/comments?post=8899"}],"version-history":[{"count":1,"href":"https:\/\/elpregonerodezamora.com\/index.php\/wp-json\/wp\/v2\/posts\/8899\/revisions"}],"predecessor-version":[{"id":8901,"href":"https:\/\/elpregonerodezamora.com\/index.php\/wp-json\/wp\/v2\/posts\/8899\/revisions\/8901"}],"wp:featuredmedia":[{"embeddable":true,"href":"https:\/\/elpregonerodezamora.com\/index.php\/wp-json\/wp\/v2\/media\/8900"}],"wp:attachment":[{"href":"https:\/\/elpregonerodezamora.com\/index.php\/wp-json\/wp\/v2\/media?parent=8899"}],"wp:term":[{"taxonomy":"category","embeddable":true,"href":"https:\/\/elpregonerodezamora.com\/index.php\/wp-json\/wp\/v2\/categories?post=8899"},{"taxonomy":"post_tag","embeddable":true,"href":"https:\/\/elpregonerodezamora.com\/index.php\/wp-json\/wp\/v2\/tags?post=8899"}],"curies":[{"name":"wp","href":"https:\/\/api.w.org\/{rel}","templated":true}]}}