{"id":8883,"date":"2024-02-21T18:15:39","date_gmt":"2024-02-21T18:15:39","guid":{"rendered":"https:\/\/elpregonerodezamora.com\/?p=8883"},"modified":"2024-02-21T18:15:40","modified_gmt":"2024-02-21T18:15:40","slug":"crecer-no-basta-sin-una-politica-social","status":"publish","type":"post","link":"https:\/\/elpregonerodezamora.com\/index.php\/2024\/02\/21\/crecer-no-basta-sin-una-politica-social\/","title":{"rendered":"CRECER NO BASTA\u2026 SIN UNA POL\u00cdTICA SOCIAL"},"content":{"rendered":"\n<p style=\"font-size:30px\"><strong>LA ECONOM\u00cdA Y USTED&#8230;<\/strong><\/p>\n\n\n\n<p>Eliseo Castillo<\/p>\n\n\n\n<p>\u00a0 \u00a0 \u00a0 \u00a0 \u00a0 \u00a0 \u00a0 \u00a0 \u00a0 \u00a0 \u00a0 \u00a0 \u00a0 \u00a0 \u00a0 \u00a0 \u00a0 \u00a0 \u00a0 \u00a0 \u00a0 \u00a0 \u00a0 \u00a0 \u00a0 \u00a0 \u00a0 \u00a0<\/p>\n\n\n\n<p>\u00a0 \u00a0 \u00a0 \u00a0 \u00a0 \u00a0 \u00a0 \u00a0 \u00a0 \u00a0 \u00a0 \u00a0 \u00a0 \u00a0 \u00a0 \u00a0 \u00a0 \u00a0 \u00a0 \u00a0 \u00a0 \u00a0 \u00a0 \u00a0 \u00a0 \u00a0 \u00a0 \u00a0 \u00a0 \u00a0 \u00a0 \u00a0 \u00a0 \u00a0 \u00a0 <strong>TUS MANOS VUELAN<\/strong><\/p>\n\n\n\n<p>\u00a0 \u00a0 \u00a0 \u00a0 \u00a0 \u00a0 \u00a0 \u00a0 \u00a0 \u00a0 \u00a0 \u00a0 \u00a0 \u00a0 \u00a0 \u00a0 \u00a0 \u00a0 \u00a0 \u00a0 \u00a0 \u00a0 \u00a0 \u00a0 \u00a0 \u00a0 <strong><em>\u00a0 \u00a0 \u00a0&#8220;Ayer, por esas cosas que suceden,<\/em><\/strong><\/p>\n\n\n\n<p>\u00a0 \u00a0 \u00a0 \u00a0 \u00a0 \u00a0 \u00a0 \u00a0 \u00a0 \u00a0 \u00a0 \u00a0 \u00a0 \u00a0 \u00a0 \u00a0 \u00a0 \u00a0 \u00a0 \u00a0 \u00a0 \u00a0 \u00a0 \u00a0 \u00a0 \u00a0 \u00a0 \u00a0 <strong><em>\u00a0cosas comunes entre hombres y mujeres,<\/em><\/strong><\/p>\n\n\n\n<p>\u00a0 \u00a0 \u00a0 \u00a0 \u00a0 \u00a0 \u00a0 \u00a0 \u00a0 \u00a0 \u00a0 \u00a0 \u00a0 \u00a0 \u00a0 \u00a0 \u00a0 \u00a0 \u00a0 \u00a0 \u00a0 \u00a0 \u00a0 \u00a0 \u00a0 \u00a0 \u00a0 \u00a0 <strong><em>\u00a0nos dimos con la puerta en los sue\u00f1os,<\/em><\/strong><\/p>\n\n\n\n<p>\u00a0 \u00a0 \u00a0 \u00a0 \u00a0 \u00a0 \u00a0 \u00a0 \u00a0 \u00a0 \u00a0 \u00a0 \u00a0 \u00a0 \u00a0 \u00a0 \u00a0 \u00a0 \u00a0 \u00a0 \u00a0 \u00a0 \u00a0 \u00a0 \u00a0 \u00a0 \u00a0 \u00a0 <strong><em>\u00a0restregamos la palabra&#8230;\u00a1no te quiero&#8230;!<\/em><\/strong><\/p>\n\n\n\n<p>\u00a0 \u00a0 \u00a0 \u00a0 \u00a0 \u00a0 \u00a0 \u00a0 \u00a0 \u00a0 \u00a0 \u00a0 \u00a0 \u00a0 \u00a0 \u00a0 \u00a0 \u00a0 \u00a0 \u00a0 \u00a0 \u00a0 \u00a0 \u00a0 \u00a0 \u00a0 \u00a0 \u00a0<strong><em> \u00a0y con la carga de la historia en com\u00fan,<\/em><\/strong><\/p>\n\n\n\n<p>\u00a0 \u00a0 \u00a0 \u00a0 \u00a0 \u00a0 \u00a0 \u00a0 \u00a0 \u00a0 \u00a0 \u00a0 \u00a0 \u00a0 \u00a0 \u00a0 \u00a0 \u00a0 \u00a0 \u00a0 \u00a0 \u00a0 \u00a0 \u00a0 \u00a0 \u00a0 \u00a0<strong><em> \u00a0 \u00a0iniciamos la marcha hacia el olvido.<\/em><\/strong><\/p>\n\n\n\n<p>\u00a0 \u00a0 \u00a0 \u00a0 \u00a0 \u00a0 \u00a0 \u00a0 \u00a0 \u00a0 \u00a0 \u00a0 \u00a0 \u00a0 \u00a0 \u00a0 \u00a0 \u00a0 \u00a0 \u00a0 \u00a0 \u00a0 \u00a0 \u00a0 \u00a0 \u00a0 \u00a0 \u00a0 \u00a0<strong><em>Ayer, amor de tiempos idos,<\/em><\/strong><\/p>\n\n\n\n<p>\u00a0 \u00a0 \u00a0 \u00a0 \u00a0 \u00a0 \u00a0 \u00a0 \u00a0 \u00a0 \u00a0 \u00a0 \u00a0 \u00a0 \u00a0 \u00a0 \u00a0 \u00a0 \u00a0 \u00a0 \u00a0 \u00a0 \u00a0 \u00a0 \u00a0 \u00a0 \u00a0 \u00a0 \u00a0<strong><em>tus manos no fueron alas imbatibles,<\/em><\/strong><\/p>\n\n\n\n<p>\u00a0 \u00a0 \u00a0 \u00a0 \u00a0 \u00a0 \u00a0 \u00a0 \u00a0 \u00a0 \u00a0 \u00a0 \u00a0 \u00a0 \u00a0 \u00a0 \u00a0 \u00a0 \u00a0 \u00a0 \u00a0 \u00a0 \u00a0 \u00a0 \u00a0 \u00a0 \u00a0 \u00a0 <strong><em>\u00a0fueron manos de mujer decepcionada;<\/em><\/strong><\/p>\n\n\n\n<p>\u00a0 \u00a0 \u00a0 \u00a0 \u00a0 \u00a0 \u00a0 \u00a0 \u00a0 \u00a0 \u00a0 \u00a0 \u00a0 \u00a0 \u00a0 \u00a0 \u00a0 \u00a0 \u00a0 \u00a0 \u00a0 \u00a0 \u00a0 \u00a0 \u00a0 \u00a0 \u00a0 \u00a0 <strong><em>\u00a0las m\u00edas, de por s\u00ed, nunca volaron&#8221;&#8230;<\/em><\/strong><\/p>\n\n\n\n<p>\u00a0 \u00a0 \u00a0 \u00a0 \u00a0 \u00a0 \u00a0 \u00a0 \u00a0 \u00a0 \u00a0 \u00a0 \u00a0 \u00a0 \u00a0 \u00a0 \u00a0 \u00a0 \u00a0 \u00a0 \u00a0 \u00a0 \u00a0 \u00a0 \u00a0 \u00a0 \u00a0 \u00a0 \u00a0 \u00a0 \u00a0 \u00a0 \u00a0 \u00a0 \u00a0 \u00a0 \u00a0 \u00a0 \u00a0<strong> \u00a0el\u00edseo<\/strong><\/p>\n\n\n\n<p><strong><em>Durante la marcha rosa, elaborada este domingo 18 de febrero por los grupos abiertamente a favor de la candidata del PRIANDR (PRI-PAN- PRD), se manifestaron los deseos e intereses de los grupos enfocados hacia la derecha pol\u00edtica, los que al sentirse afectados en sus evidentes intereses pol\u00edticos y econ\u00f3micos, se fueron directamente contra el actual gobierno; nada nuevo; as\u00ed es la pol\u00edtica en todo el mundo; nada especial; cada grupo manifiesta sus derechos y ambiciones;\u00a0 los de la derecha nacional no tienen por qu\u00e9 ser diferentes. Econom\u00eda y poder est\u00e1n de por medio; movilizar a sus seguidores no ten\u00eda otra finalidad.<\/em><\/strong><\/p>\n\n\n\n<p><strong><em>Cuando su &#8220;flamante nuevo orador&#8221; Lorenzo C\u00f3rdova; el mismo que jur\u00f3 ser autoridad neutral confiable en la presidencia del INE se puso a criticar a quien no pensara como \u00e9l, como los miles de asistentes al z\u00f3calo, muchas cosas quedaron totalmente claras; ha sido parte de la derecha pol\u00edtica; ahora se explica perfectamente sus ataques reiterados contra el actual gobierno siendo presidente del citado INE; al margen de su obligaci\u00f3n moral y legal.\u00a0<\/em><\/strong><\/p>\n\n\n\n<p><strong><em>Cuando en su discurso incendiario se puso a defender, dentro de lo que llam\u00f3 &#8220;su&#8221; democracia, la de ellos, que se parecen mucho a los supremacistas que apoyan a Donald Trump; ni qu\u00e9 decir del momento en que defendi\u00f3 las candidaturas plurinominales&#8230;\u00a1con eso se terminan las especulaciones! el poder por el poder mismo; el control de la econom\u00eda es fundamental.<\/em><\/strong><\/p>\n\n\n\n<p style=\"font-size:25px\"><strong>Este es el tema&#8230;, este es el problema.<\/strong><\/p>\n\n\n\n<p><strong><em>El debate en relaci\u00f3n a la creaci\u00f3n de riqueza nacional se entra en esta lucha que se ve cada d\u00eda entre estos grupos organizados en derredor del PRIANDR contra cada pol\u00edtica que intente proponer o imponer el actual gobierno; sistem\u00e1ticamente van a rechazar toda propuesta; al margen de que ellos no ofrezcan alternativas, limit\u00e1ndose a exclamar que\u00a0&#8220;antes todo era mejor&#8230;, porque lo hac\u00edan ellos&#8230;; que el lado correcto de la historia es estar con ellos, y contra el gobierno actual&#8221;.<\/em><\/strong><\/p>\n\n\n\n<p><strong><em>Nada nuevo, es el debate entre las ideas propuestas por la actual administraci\u00f3n y los que quedaron fuera; un compa\u00f1ero de trabajo en la UNIVA-Zamora, cada que se quedaba sin contrato de trabajo en la misma, me dec\u00eda con su enfoque de fil\u00f3sofo y sic\u00f3logo&#8230; \u00a1esta es una mierda de universidad; una simple escuela patito&#8230;!<\/em><\/strong><\/p>\n\n\n\n<p><strong><em>No es que le faltara raz\u00f3n en algunas expresiones; simplemente que lo hac\u00eda\u00a0 a la sombra de la molestia de quedarse sin contrato para los siguientes cuatro meses (as\u00ed son los contratos en UNIVA&#8230;, por cuatro meses, renovables seg\u00fan los intereses del jefe(a) que te toque).<\/em><\/strong><\/p>\n\n\n\n<p><strong><em>Pero ni le cuento cuando en algunos cuatrimestres le asignaban una buena carga de trabajo; de inmediato me interceptaba para comentarme con entusiasmo que estaba muy atento a los buenos resultados de la UNIVA; en algunas ocasiones consideraba que todo estaba muy bien en la universidad&#8230;; se le ve\u00eda fresco, activo, sonriente; todo estaba bien, ten\u00eda lo que quer\u00eda, estar dentro del sistema de beneficios.<\/em><\/strong><\/p>\n\n\n\n<p><strong><em>A eso se refiri\u00f3 el discurso y marcha del domingo 18 de febrero; hay un rencor y reproche que se confunde con intereses personales&#8230;\u00a0\u00a1este maldito gobierno nos quita lo que nos pertenece por derecho de sangre&#8230;, es un derecho patrimonial&#8230;!<\/em><\/strong><\/p>\n\n\n\n<p><strong><em>Como si la piel blanca siguiera siendo un derecho universal, en la marcha se vio el clasismo con que se manifiestan estas personas asumiendo que siendo blancas, son mejores; lo dijeron incluso en la entrevista que les hizo un reportero, rubio por cierto; donde un par de se\u00f1oras de piel blanca argumentaron que los morenos no tiene la misma capacidad intelectual, y que adem\u00e1s, dado su color, no han tenido oportunidades como ellos&#8230;, los blancos.<\/em><\/strong><\/p>\n\n\n\n<p><strong><em>Generar riqueza nacional no es suficiente cuando no se tiene un plan de socializar los beneficios por medio de inversi\u00f3n p\u00fablica en servicios,\u00a0 educaci\u00f3n gratuita, medicina social, seguridad, salarios. Sin estas acciones de poco sirve saber que se ha crecido econ\u00f3micamente seg\u00fan el PIB nacional; por ejemplo, entre 1954 y 1980 M\u00e9xico creci\u00f3 a un promedio de entre 5 y 8 por ciento anual; pero mientras se generaba una clase empresarial muy rica; se acumulaba un ej\u00e9rcito de pobres, algunos muy pobres.<\/em><\/strong><\/p>\n\n\n\n<p><strong><em>La clase empresarial se mal acostumbr\u00f3 a ganar mucho dinero poniendo poco de su parte; era el negocio dorado de los ricos de piel blanca que se acostumbraron a que ellos eran (siguen pens\u00e1ndolo hoy algunos, o muchos).<\/em><\/strong><\/p>\n\n\n\n<p><strong><em>Desde hace a\u00f1os, M\u00e9xico es el tercer o cuarto pa\u00eds con m\u00e1s ricos en el mundo, lejos se verse como una forma inmoral de acumulaci\u00f3n de riqueza en pocas manos ante unos 50 millones de pobres; lo presumen como un gran logro; como si eso le diera brillo y orgullo al pa\u00eds; incluso en los noticiarios de la televisi\u00f3n abierta se presume este suceso, y se exhibe la revista\u00a0 Forbes, la m\u00e1s famosa del medio, donde aparecen estas personas (hombres y mujeres) code\u00e1ndose con los m\u00e1s ricos del mundo) .<\/em><\/strong><\/p>\n\n\n\n<p style=\"font-size:25px\"><strong>\u00bfDe qu\u00e9 sirve tener super ricos con tantos pobres&#8230;?<\/strong><\/p>\n\n\n\n<p><strong><em>A M\u00e9xico le sirve de poco tener en las listas de Forbes a hombres y mujeres muy ricos (as) lo que necesita es pol\u00edticas sociales que permitan reorganizar y redistribuir en lo posible parte de los recursos que se generan; sin pol\u00edticas de redistribuci\u00f3n es poco lo que se puede hablar de bueno, de tener a &#8220;blanquitos-ganadinero&#8221; presumiendo su \u00e9xito. El verles en la plaza p\u00fablica reclamando el regreso a los tiempos en que ellos ten\u00edan el poder es normal; tiene sentido, pelean por sus derechos; ya usted tendr\u00e1 su postura al respecto.<\/em><\/strong><\/p>\n\n\n\n<p><strong><em>El discurso de rencor escuchado por el inefable Lorenzo C\u00f3rdova es solamente la forma en que intentan alojar en los medios la idea de que ellos son mejores que los que est\u00e1n en el poder&#8230;; como dijo una se\u00f1ora, a los morenitos no se les dieron las mismas oportunidades&#8230;\u00a1pobres&#8230;!<\/em><\/strong><\/p>\n\n\n\n<p><strong>Claro, un servidor, como g\u00fcero de rancho, creo que no califico para estar en el reparto de las grandes fortunas&#8230;, \u00a1l\u00e1stima Margarito!<\/strong><\/p>\n\n\n\n<p>Anuncio<\/p>\n\n\n\n<figure class=\"wp-block-image\"><img decoding=\"async\" src=\"https:\/\/res.cdn.office.net\/assets\/ads\/adbarmetrochoice.svg\" alt=\"\"\/><\/figure>\n","protected":false},"excerpt":{"rendered":"<p>LA ECONOM\u00cdA Y USTED&#8230; Eliseo Castillo \u00a0 \u00a0 \u00a0 \u00a0 \u00a0 \u00a0 \u00a0 \u00a0 \u00a0 \u00a0 \u00a0 \u00a0 \u00a0 \u00a0 \u00a0 \u00a0 \u00a0 \u00a0 \u00a0 \u00a0 \u00a0 \u00a0 \u00a0 \u00a0 \u00a0 \u00a0 \u00a0 \u00a0 \u00a0 \u00a0 \u00a0 \u00a0 \u00a0 \u00a0 \u00a0 \u00a0 \u00a0 \u00a0 \u00a0 \u00a0 \u00a0 \u00a0 \u00a0 \u00a0 \u00a0 \u00a0 \u00a0 \u00a0 \u00a0 [&hellip;]<\/p>\n","protected":false},"author":2,"featured_media":8884,"comment_status":"open","ping_status":"open","sticky":false,"template":"","format":"standard","meta":{"footnotes":"","_rishi_post_view_count":687},"categories":[1],"tags":[],"class_list":["post-8883","post","type-post","status-publish","format-standard","has-post-thumbnail","hentry","category-opinion"],"comments_count":"0","_links":{"self":[{"href":"https:\/\/elpregonerodezamora.com\/index.php\/wp-json\/wp\/v2\/posts\/8883","targetHints":{"allow":["GET"]}}],"collection":[{"href":"https:\/\/elpregonerodezamora.com\/index.php\/wp-json\/wp\/v2\/posts"}],"about":[{"href":"https:\/\/elpregonerodezamora.com\/index.php\/wp-json\/wp\/v2\/types\/post"}],"author":[{"embeddable":true,"href":"https:\/\/elpregonerodezamora.com\/index.php\/wp-json\/wp\/v2\/users\/2"}],"replies":[{"embeddable":true,"href":"https:\/\/elpregonerodezamora.com\/index.php\/wp-json\/wp\/v2\/comments?post=8883"}],"version-history":[{"count":1,"href":"https:\/\/elpregonerodezamora.com\/index.php\/wp-json\/wp\/v2\/posts\/8883\/revisions"}],"predecessor-version":[{"id":8885,"href":"https:\/\/elpregonerodezamora.com\/index.php\/wp-json\/wp\/v2\/posts\/8883\/revisions\/8885"}],"wp:featuredmedia":[{"embeddable":true,"href":"https:\/\/elpregonerodezamora.com\/index.php\/wp-json\/wp\/v2\/media\/8884"}],"wp:attachment":[{"href":"https:\/\/elpregonerodezamora.com\/index.php\/wp-json\/wp\/v2\/media?parent=8883"}],"wp:term":[{"taxonomy":"category","embeddable":true,"href":"https:\/\/elpregonerodezamora.com\/index.php\/wp-json\/wp\/v2\/categories?post=8883"},{"taxonomy":"post_tag","embeddable":true,"href":"https:\/\/elpregonerodezamora.com\/index.php\/wp-json\/wp\/v2\/tags?post=8883"}],"curies":[{"name":"wp","href":"https:\/\/api.w.org\/{rel}","templated":true}]}}