{"id":8877,"date":"2024-02-20T21:59:13","date_gmt":"2024-02-20T21:59:13","guid":{"rendered":"https:\/\/elpregonerodezamora.com\/?p=8877"},"modified":"2024-02-20T21:59:14","modified_gmt":"2024-02-20T21:59:14","slug":"no-fue-una-marcha-mas-fue-su-marcha","status":"publish","type":"post","link":"https:\/\/elpregonerodezamora.com\/index.php\/2024\/02\/20\/no-fue-una-marcha-mas-fue-su-marcha\/","title":{"rendered":"NO FUE UNA MARCHA M\u00c1S, FUE &#8220;SU&#8221; MARCHA"},"content":{"rendered":"\n<p style=\"font-size:35px\"><strong>LAS PEQUE\u00d1AS COSAS&#8230;<\/strong><\/p>\n\n\n\n<p><strong>Eliseo Castillo<\/strong><\/p>\n\n\n\n<p>\u00a0 \u00a0 \u00a0 \u00a0 \u00a0 \u00a0 \u00a0 \u00a0 \u00a0 \u00a0 \u00a0 \u00a0 \u00a0 \u00a0 \u00a0 \u00a0 \u00a0 \u00a0 \u00a0 \u00a0 \u00a0 \u00a0 \u00a0 \u00a0 \u00a0 \u00a0 \u00a0 \u00a0 \u00a0 \u00a0 \u00a0<\/p>\n\n\n\n<p>\u00a0 \u00a0 \u00a0 \u00a0 \u00a0 \u00a0 \u00a0 \u00a0 \u00a0 \u00a0 \u00a0 \u00a0 \u00a0 \u00a0 \u00a0 \u00a0 \u00a0 \u00a0 \u00a0 \u00a0 \u00a0 \u00a0 \u00a0 \u00a0 \u00a0 \u00a0 \u00a0 \u00a0 \u00a0 \u00a0 \u00a0 \u00a0 \u00a0 \u00a0 \u00a0 \u00a0 \u00a0 \u00a0 <strong>A TU RECUERDO<\/strong><\/p>\n\n\n\n<p>\u00a0 \u00a0 \u00a0 \u00a0 \u00a0 \u00a0 \u00a0 \u00a0 \u00a0 \u00a0 \u00a0 \u00a0 \u00a0 \u00a0 \u00a0 \u00a0 \u00a0 \u00a0 \u00a0 \u00a0 \u00a0 \u00a0 \u00a0 \u00a0 \u00a0 \u00a0 \u00a0 \u00a0 \u00a0 \u00a0 \u00a0 <strong><em>&#8220;Desde aquel d\u00eda algo triste y nublado,<\/em><\/strong><\/p>\n\n\n\n<p>\u00a0 \u00a0 \u00a0 \u00a0 \u00a0 \u00a0 \u00a0 \u00a0 \u00a0 \u00a0 \u00a0 \u00a0 \u00a0 \u00a0 \u00a0 \u00a0 \u00a0 \u00a0 \u00a0 \u00a0 \u00a0 \u00a0 \u00a0 \u00a0 \u00a0 \u00a0 \u00a0 \u00a0 \u00a0 \u00a0 \u00a0 <strong><em>algo apagado por el inevitable llanto,<\/em><\/strong><\/p>\n\n\n\n<p>\u00a0 \u00a0 \u00a0 \u00a0 \u00a0 \u00a0 \u00a0 \u00a0 \u00a0 \u00a0 \u00a0 \u00a0 \u00a0 \u00a0 \u00a0 \u00a0 \u00a0 \u00a0 \u00a0 \u00a0 \u00a0 \u00a0 \u00a0 \u00a0 \u00a0 \u00a0 \u00a0 \u00a0 \u00a0 \u00a0 \u00a0 <strong><em>regresa y huye, se aposenta, se desata,<\/em><\/strong><\/p>\n\n\n\n<p>\u00a0 \u00a0 \u00a0 \u00a0 \u00a0 \u00a0 \u00a0 \u00a0 \u00a0 \u00a0 \u00a0 \u00a0 \u00a0 \u00a0 \u00a0 \u00a0 \u00a0 \u00a0 \u00a0 \u00a0 \u00a0 \u00a0 \u00a0 \u00a0 \u00a0 \u00a0 \u00a0 \u00a0 \u00a0 \u00a0 \u00a0 <strong><em>de tu amor, nunca te calificar\u00e9 de ingrata,<\/em><\/strong><\/p>\n\n\n\n<p>\u00a0 \u00a0 \u00a0 \u00a0 \u00a0 \u00a0 \u00a0 \u00a0 \u00a0 \u00a0 \u00a0 \u00a0 \u00a0 \u00a0 \u00a0 \u00a0 \u00a0 \u00a0 \u00a0 \u00a0 \u00a0 \u00a0 \u00a0 \u00a0 \u00a0 \u00a0 \u00a0 \u00a0 \u00a0 \u00a0 \u00a0<strong><em>amante y defensora de tu espacio,<\/em><\/strong><\/p>\n\n\n\n<p>\u00a0 \u00a0 \u00a0 \u00a0 \u00a0 \u00a0 \u00a0 \u00a0 \u00a0 \u00a0 \u00a0 \u00a0 \u00a0 \u00a0 \u00a0 \u00a0 \u00a0 \u00a0 \u00a0 \u00a0 \u00a0 \u00a0 \u00a0 \u00a0 \u00a0 \u00a0 \u00a0 \u00a0 \u00a0 \u00a0 \u00a0<strong><em>nunca olvido, nunca desprecio ingrato,<\/em><\/strong><\/p>\n\n\n\n<p>\u00a0 \u00a0 \u00a0 \u00a0 \u00a0 \u00a0 \u00a0 \u00a0 \u00a0 \u00a0 \u00a0 \u00a0 \u00a0 \u00a0 \u00a0 \u00a0 \u00a0 \u00a0 \u00a0 \u00a0 \u00a0 \u00a0 \u00a0 \u00a0 \u00a0 \u00a0 \u00a0 \u00a0 \u00a0 \u00a0 \u00a0<strong><em>tu recuerdo, amor, recuerdo grato&#8221;&#8230;\u00a0<\/em><\/strong><\/p>\n\n\n\n<p>\u00a0 \u00a0 \u00a0 \u00a0 \u00a0 \u00a0 \u00a0 \u00a0 \u00a0 \u00a0 \u00a0 \u00a0 \u00a0 \u00a0 \u00a0 \u00a0 \u00a0 \u00a0 \u00a0 \u00a0 \u00a0 \u00a0 \u00a0 \u00a0 \u00a0 \u00a0 \u00a0 \u00a0 \u00a0 \u00a0 \u00a0 \u00a0 \u00a0 \u00a0 \u00a0 \u00a0 \u00a0 \u00a0 \u00a0 <strong>el\u00edseo<\/strong><\/p>\n\n\n\n<p><strong><em>Con una entrevista &#8220;banquetera&#8221;, se le hace una pregunta elemental a Lorenzo C\u00f3rdova, orador oficial y defensor a ultranza de los ideales\u00a0 conservadores, por los que el movimiento\u00a0 que dice representar, ha luchado por doscientos a\u00f1os&#8230;<\/em><\/strong><\/p>\n\n\n\n<p><em><strong>\u00bfEsta en riesgo la democracia&#8230;?<\/strong><\/em><\/p>\n\n\n\n<p><strong><em>\u00a1No, para nada&#8230;!<\/em><\/strong><\/p>\n\n\n\n<p><em><strong>(Esta respuesta se puede ver en el sitio web.: Rompeviento)<\/strong><\/em><\/p>\n\n\n\n<p><strong><em>Unos minutos antes, este nuevo adalid de las causas conservadoras, y expresidente del INE, al que jur\u00f3 defender y representar dignamente, y que al final convirti\u00f3 en mera tribuna pol\u00edtica contra el gobierno actual; en unos minutos cambi\u00f3 de forma de actuar; y el que estaba en el templete gritando, vociferando que la democracia est\u00e1 en peligro; que lo que se ha ganado en la lucha de los \u00faltimos cuarenta a\u00f1os hay que defenderlo en contra del dictador sin escr\u00fapulos, en que sin duda, seg\u00fan el movimiento que representa, se ha convertido el presidente AMLO.<\/em><\/strong><\/p>\n\n\n\n<p><strong>\u00bfQu\u00e9 pas\u00f3&#8230;, por qu\u00e9 la misma persona alterada grit\u00f3 por varios minutos que habr\u00eda que defender &#8220;su&#8221; democracia contra los embates del malvado dictador AMLO, que lo \u00fanico que quiere es convertir al pa\u00eds en otro Venezuela (lo que sea que esto signifique); y apenas termina de gritar y se baja del escenario y su actitud es otra; como un actor que ha terminado su trabajo actuando para su publico, y luego en una entrevista de pasadita, simplemente dice que&#8230;\u00a1para nada! que la democracia goza de cabal salud&#8230;?<\/strong><\/p>\n\n\n\n<p><strong><em>En la entrega de ayer se lo coment\u00e9, hoy lo comprobamos&#8230;, la marcha del domingo 18 de febrero, con los asistentes que hayan sido, el reporte oficial se\u00f1ala que fueron 90 mil; los organizadores dicen que fueron 700 mil (el presidente del PRD Michoac\u00e1n dice que fueron 300 mil en la plaza de la constituci\u00f3n (z\u00f3calo)); al final hay una realidad; fueron muchos, sin duda, los reunidos en el centro de la capital, y algunos miles en las ciudades del interior del pa\u00eds. Digamos que fue un \u00e9xito para los convocantes.<\/em><\/strong><\/p>\n\n\n\n<p style=\"font-size:25px\"><strong>Si la democracia no est\u00e1 en riesgo, como lo grit\u00f3 desde la tribuna el aprendiz de actor Lorenzo C\u00f3rdova&#8230; \u00a1pero qu\u00e9 necesidad&#8230;!<\/strong><\/p>\n\n\n\n<p><strong><em>El discurso contiene los temas fundamentales que est\u00e1n en el centro de la lucha; los intereses de los conservadores que no aceptan permitir que las clases populares tengan acceso a los beneficios de los bienes y servicios, v\u00eda poder de compra (mejores salarios y prestaciones sociales).\u00a0<\/em><\/strong><\/p>\n\n\n\n<p><strong><em>Pero, fundamentalmente se mantiene la lucha por el poder que nunca ha quedado plenamente resuelto desde 1821 en que se inicia la vida independiente del pa\u00eds en relaci\u00f3n a la corona espa\u00f1ola.<\/em><\/strong><\/p>\n\n\n\n<p><strong><em>Sigue siendo la misma lucha por controlar las decisiones e intereses de M\u00e9xico, pasando por los bienes econ\u00f3micos que tanto les atraen (sobre todo al Alto Clero cat\u00f3lico, y a un selecto grupo de empresarios muy ligados al mismo).<\/em><\/strong><\/p>\n\n\n\n<p><strong><em>Resulta que la arenga de que\u00a0&#8220;mi democracia no se toca&#8221;,\u00a0es un mero mensaje pol\u00edtico y electorero tratando de catapultar a su candidata, la ingeniera (plagiadora de su tesis, y traficante de influencias aprovechando su puesto pol\u00edtico, aceptado por ella misma) X\u00f3chitl G\u00e1lvez; ya que con el apoyo actual con que cuenta la misma, siendo muy importante, y pudiendo llegar, seg\u00fan las encuestas hasta a unos 15 millones de electores dispuestos a votar por ella; cantidad que no es poca cosa; pero que sin duda, en este momento no alcanza para llegar a la presidencia; ya que para ello, se requieren al menos entre 25 y 30 millones de votos para aspirar a ganar las elecciones del 2 de junio; recordemos que AMLO gan\u00f3 con 30 millones (54 por ciento de los votos); y si partimos de que son tres candidatos, podr\u00eda ser necesario alcanzar un 45 por ciento se puede aspirar a la presidencia.<\/em><\/strong><\/p>\n\n\n\n<p><strong><em>En fin, la marcha realmente ten\u00eda un s\u00f3lo fin, tratar de reforzar la candidatura de X\u00f3chitl G\u00e1lvez; la pantalla de la supuesta defensa de &#8220;su&#8221; democracia qued\u00f3 descubierta y sin defensa con la respuesta a pregunta al paso de este sitio web.Rompeviento&#8230;<\/em><\/strong><\/p>\n\n\n\n<p><strong>\u00bfEst\u00e1 en riesgo la democracia&#8230;?<\/strong><\/p>\n\n\n\n<p><strong><em>\u00a1no, para nada&#8230;!<\/em><\/strong><\/p>\n\n\n\n<p><strong>No hay forma de ocultar la realidad, es la lucha por el poder entre conservadores que se sienten desplazados del mismo; y los liberales, que lo ostentan hoy, desde 2018.<\/strong><\/p>\n\n\n\n<p><strong><em>Nada est\u00e1 escrito hasta este momento de los posibles resultados de las elecciones del pr\u00f3ximo 2 de junio; son dos proyectos de naci\u00f3n; dos formas de ver la vida nacional; cada uno de los tres candidatos sabe que necesita entre 25 a 30 millones de votos para aspirar a ganar la presidencia; lo normal es que en un par de meses, Movimiento Ciudadano &#8220;negocie&#8221; con el PRIANDR (PRI_PAN_PRD) para unir su seguidores con el af\u00e1n l\u00f3gico de llegar al poder&#8230; &#8220;haiga sido como haiga sido&#8221; (dir\u00eda el fil\u00f3sofo del ron Felipe Calder\u00f3n).<\/em><\/strong><\/p>\n\n\n\n<p><strong>\u00bfY la marcha por la democracia&#8230;?<\/strong><\/p>\n\n\n\n<p><strong>\u00a1Es el petate del muerto, o la carabina de Ambrosio&#8230;!<\/strong><\/p>\n","protected":false},"excerpt":{"rendered":"<p>LAS PEQUE\u00d1AS COSAS&#8230; Eliseo Castillo \u00a0 \u00a0 \u00a0 \u00a0 \u00a0 \u00a0 \u00a0 \u00a0 \u00a0 \u00a0 \u00a0 \u00a0 \u00a0 \u00a0 \u00a0 \u00a0 \u00a0 \u00a0 \u00a0 \u00a0 \u00a0 \u00a0 \u00a0 \u00a0 \u00a0 \u00a0 \u00a0 \u00a0 \u00a0 \u00a0 \u00a0 \u00a0 \u00a0 \u00a0 \u00a0 \u00a0 \u00a0 \u00a0 \u00a0 \u00a0 \u00a0 \u00a0 \u00a0 \u00a0 \u00a0 \u00a0 \u00a0 \u00a0 \u00a0 \u00a0 [&hellip;]<\/p>\n","protected":false},"author":2,"featured_media":8878,"comment_status":"open","ping_status":"open","sticky":false,"template":"","format":"standard","meta":{"footnotes":"","_rishi_post_view_count":650},"categories":[1],"tags":[],"class_list":["post-8877","post","type-post","status-publish","format-standard","has-post-thumbnail","hentry","category-opinion"],"comments_count":"0","_links":{"self":[{"href":"https:\/\/elpregonerodezamora.com\/index.php\/wp-json\/wp\/v2\/posts\/8877","targetHints":{"allow":["GET"]}}],"collection":[{"href":"https:\/\/elpregonerodezamora.com\/index.php\/wp-json\/wp\/v2\/posts"}],"about":[{"href":"https:\/\/elpregonerodezamora.com\/index.php\/wp-json\/wp\/v2\/types\/post"}],"author":[{"embeddable":true,"href":"https:\/\/elpregonerodezamora.com\/index.php\/wp-json\/wp\/v2\/users\/2"}],"replies":[{"embeddable":true,"href":"https:\/\/elpregonerodezamora.com\/index.php\/wp-json\/wp\/v2\/comments?post=8877"}],"version-history":[{"count":1,"href":"https:\/\/elpregonerodezamora.com\/index.php\/wp-json\/wp\/v2\/posts\/8877\/revisions"}],"predecessor-version":[{"id":8879,"href":"https:\/\/elpregonerodezamora.com\/index.php\/wp-json\/wp\/v2\/posts\/8877\/revisions\/8879"}],"wp:featuredmedia":[{"embeddable":true,"href":"https:\/\/elpregonerodezamora.com\/index.php\/wp-json\/wp\/v2\/media\/8878"}],"wp:attachment":[{"href":"https:\/\/elpregonerodezamora.com\/index.php\/wp-json\/wp\/v2\/media?parent=8877"}],"wp:term":[{"taxonomy":"category","embeddable":true,"href":"https:\/\/elpregonerodezamora.com\/index.php\/wp-json\/wp\/v2\/categories?post=8877"},{"taxonomy":"post_tag","embeddable":true,"href":"https:\/\/elpregonerodezamora.com\/index.php\/wp-json\/wp\/v2\/tags?post=8877"}],"curies":[{"name":"wp","href":"https:\/\/api.w.org\/{rel}","templated":true}]}}