{"id":8871,"date":"2024-02-19T18:48:49","date_gmt":"2024-02-19T18:48:49","guid":{"rendered":"https:\/\/elpregonerodezamora.com\/?p=8871"},"modified":"2024-02-19T18:48:49","modified_gmt":"2024-02-19T18:48:49","slug":"la-marcha-por-sudemocracia","status":"publish","type":"post","link":"https:\/\/elpregonerodezamora.com\/index.php\/2024\/02\/19\/la-marcha-por-sudemocracia\/","title":{"rendered":"LA MARCHA POR &#8220;SU&#8221;DEMOCRACIA"},"content":{"rendered":"\n<p style=\"font-size:30px\"><strong>LA CONOM\u00cdA Y USTED&#8230;<\/strong><\/p>\n\n\n\n<p><strong>Eliseo Castillo<\/strong><\/p>\n\n\n\n<p>\u00a0 \u00a0 \u00a0 \u00a0 \u00a0 \u00a0 \u00a0 \u00a0 \u00a0 \u00a0 \u00a0 \u00a0 \u00a0 \u00a0 \u00a0 \u00a0 \u00a0 \u00a0 \u00a0 \u00a0 \u00a0 \u00a0 \u00a0 \u00a0 \u00a0 \u00a0 \u00a0 \u00a0 \u00a0 \u00a0 \u00a0<\/p>\n\n\n\n<p>\u00a0 \u00a0 \u00a0 \u00a0 \u00a0 \u00a0 \u00a0 \u00a0 \u00a0 \u00a0 \u00a0 \u00a0 \u00a0 \u00a0 \u00a0 \u00a0 \u00a0 \u00a0 \u00a0 \u00a0 \u00a0 \u00a0 \u00a0 \u00a0 \u00a0 \u00a0 \u00a0 \u00a0 \u00a0 \u00a0 \u00a0 \u00a0 \u00a0 \u00a0 \u00a0 \u00a0 \u00a0 \u00a0 \u00a0<strong> \u00a0SER AMIGO<\/strong><\/p>\n\n\n\n<p>\u00a0 \u00a0 \u00a0 \u00a0 \u00a0 \u00a0 \u00a0 \u00a0 \u00a0 \u00a0 \u00a0 \u00a0 \u00a0 \u00a0 \u00a0 \u00a0 \u00a0 \u00a0 \u00a0 \u00a0 \u00a0 \u00a0 \u00a0 \u00a0 \u00a0 \u00a0 \u00a0 \u00a0 \u00a0 \u00a0 \u00a0 \u00a0 <strong><em>&#8220;Con el sendero tanto andado,<\/em><\/strong><\/p>\n\n\n\n<p>\u00a0 \u00a0 \u00a0 \u00a0 \u00a0 \u00a0 \u00a0 \u00a0 \u00a0 \u00a0 \u00a0 \u00a0 \u00a0 \u00a0 \u00a0 \u00a0 \u00a0 \u00a0 \u00a0 \u00a0 \u00a0 \u00a0 \u00a0 \u00a0 \u00a0 \u00a0 \u00a0 \u00a0 \u00a0 \u00a0 \u00a0 <strong><em>\u00a0 tanto caminado y vivido sin mesura,<\/em><\/strong><\/p>\n\n\n\n<p>\u00a0 \u00a0 \u00a0 \u00a0 \u00a0 \u00a0 \u00a0 \u00a0 \u00a0 \u00a0 \u00a0 \u00a0 \u00a0 \u00a0 \u00a0 \u00a0 \u00a0 \u00a0 \u00a0 \u00a0 \u00a0 \u00a0 \u00a0 \u00a0 \u00a0 \u00a0 \u00a0 \u00a0 \u00a0 \u00a0 \u00a0 \u00a0<strong><em> el clamor de la vida en com\u00fan sorprende,<\/em><\/strong><\/p>\n\n\n\n<p>\u00a0 \u00a0 \u00a0 \u00a0 \u00a0 \u00a0 \u00a0 \u00a0 \u00a0 \u00a0 \u00a0 \u00a0 \u00a0 \u00a0 \u00a0 \u00a0 \u00a0 \u00a0 \u00a0 \u00a0 \u00a0 \u00a0 \u00a0 \u00a0 \u00a0 \u00a0 \u00a0 \u00a0 \u00a0 \u00a0 \u00a0 \u00a0 <strong><em>la prisa del tiempo se hace latente;<\/em><\/strong><\/p>\n\n\n\n<p>\u00a0 \u00a0 \u00a0 \u00a0 \u00a0 \u00a0 \u00a0 \u00a0 \u00a0 \u00a0 \u00a0 \u00a0 \u00a0 \u00a0 \u00a0 \u00a0 \u00a0 \u00a0 \u00a0 \u00a0 \u00a0 \u00a0 \u00a0 \u00a0 \u00a0 \u00a0 \u00a0 \u00a0 \u00a0 \u00a0 \u00a0 \u00a0 <strong><em>amigo desde entonces, desde aquellos a\u00f1os,<\/em><\/strong><\/p>\n\n\n\n<p>\u00a0 \u00a0 \u00a0 \u00a0 \u00a0 \u00a0 \u00a0 \u00a0 \u00a0 \u00a0 \u00a0 \u00a0 \u00a0 \u00a0 \u00a0 \u00a0 \u00a0 \u00a0 \u00a0 \u00a0 \u00a0 \u00a0 \u00a0 \u00a0 \u00a0 \u00a0 \u00a0 \u00a0 \u00a0 \u00a0 \u00a0 \u00a0 <strong><em>palabra que no muere y se renueva, amigo,<\/em><\/strong><\/p>\n\n\n\n<p>\u00a0 \u00a0 \u00a0 \u00a0 \u00a0 \u00a0 \u00a0 \u00a0 \u00a0 \u00a0 \u00a0 \u00a0 \u00a0 \u00a0 \u00a0 \u00a0 \u00a0 \u00a0 \u00a0 \u00a0 \u00a0 \u00a0 \u00a0 \u00a0 \u00a0 \u00a0 \u00a0 \u00a0 \u00a0 \u00a0 \u00a0 \u00a0 <strong><em>tantas veces te nombro, te llamo tanto,<\/em><\/strong><\/p>\n\n\n\n<p>\u00a0 \u00a0 \u00a0 \u00a0 \u00a0 \u00a0 \u00a0 \u00a0 \u00a0 \u00a0 \u00a0 \u00a0 \u00a0 \u00a0 \u00a0 \u00a0 \u00a0 \u00a0 \u00a0 \u00a0 \u00a0 \u00a0 \u00a0 \u00a0 \u00a0 \u00a0 \u00a0 \u00a0 \u00a0 \u00a0 \u00a0 \u00a0 <strong><em>amigo de hoy, rostro sin tiempo, me digo,<\/em><\/strong><\/p>\n\n\n\n<p>\u00a0 \u00a0 \u00a0 \u00a0 \u00a0 \u00a0 \u00a0 \u00a0 \u00a0 \u00a0 \u00a0 \u00a0 \u00a0 \u00a0 \u00a0 \u00a0 \u00a0 \u00a0 \u00a0 \u00a0 \u00a0 \u00a0 \u00a0 \u00a0 \u00a0 \u00a0 \u00a0 \u00a0 \u00a0 \u00a0 \u00a0 \u00a0 <strong><em>bendici\u00f3n de vida,\u00a0 mutuo camino&#8221;&#8230;<\/em><\/strong><\/p>\n\n\n\n<p>\u00a0 \u00a0 \u00a0 \u00a0 \u00a0 \u00a0 \u00a0 \u00a0 \u00a0 \u00a0 \u00a0 \u00a0 \u00a0 \u00a0 \u00a0 \u00a0 \u00a0 \u00a0 \u00a0 \u00a0 \u00a0 \u00a0 \u00a0 \u00a0 \u00a0 \u00a0 \u00a0 \u00a0 \u00a0 \u00a0 \u00a0 \u00a0 \u00a0 \u00a0 \u00a0 \u00a0 \u00a0 \u00a0 \u00a0 \u00a0 \u00a0 \u00a0    <strong>el\u00edseo<\/strong><\/p>\n\n\n\n<p><strong><em>Con la consigna perfectamente aclarada, la derecha mexicana realiz\u00f3 este domingo 18 de febrero de 2024, la marcha mediante la cu\u00e1l se intenta relanzar la imagen de su candidata a la presidencia del pa\u00eds; la senadora X\u00f3chitl G\u00e1lvez; sin duda la movilizaci\u00f3n realizada por los partidos pol\u00edticos que conforman el frente de derecha PRIANDR (PAN-PRI-PRD) pueden dormir satisfechos; la derecha pol\u00edtica se encuentra gozando de buena salud; las fotograf\u00edas subidas a los medios de comunicaci\u00f3n as\u00ed lo manifiestan; ni que decir del discurso de uno de sus abanderados; el que se ostent\u00f3 como presidente del INE y prometi\u00f3 ser neutral, Lorenzo C\u00f3rdova, quien abiertamente ha dicho lo que en la pr\u00e1ctica fue: un pol\u00edtico que defiende los intereses de la derecha ideol\u00f3gica.\u00a0<\/em><\/strong><\/p>\n\n\n\n<p><strong><em>En la pr\u00e1ctica no hay peor enemigo que el que se disfraza de amigo o no enemigo; no es que sea f\u00e1cil defenderse de los enemigos o adversarios; lo que sucede es que estos son personas que sin ocultarse manifiestan su rechazo y de ellos se puede estar atentos; no enga\u00f1an, son lo que son. El problema es cuando hay personajes como este que ostenta la bandera de conveniencia en cada momento; resulta complicado saber en que momento dar\u00e1n un golpe; regularmente por la espalda.\u00a0<\/em><\/strong><\/p>\n\n\n\n<p style=\"font-size:25px\"><strong>Mi democracia no se toca&#8230;<\/strong><\/p>\n\n\n\n<p><strong><em>Con esta consigna, miles, decenas, quiz\u00e1 centenas de miles de personas salieron a marchar convocados por los partidos pol\u00edticos y por las instituciones afines a su pensamiento; varios de los ministros de la Suprema Corte de Justicia, quienes traicionando la confianza del pueblo puesta en sus personas han decidido tomar partido convocando al personal que trabaja en la instituci\u00f3n para que salieran a marchar; esto qued\u00f3 plenamente demostrado con las cartulinas que se fijaron en las puertas de las oficinas, record\u00e1ndoles la citada macha. De los partidos PRIANDR ya ni qu\u00e9 decir; se vio perfectamente como grupos de esos partidos se dieron vuelo en la manifestaci\u00f3n.<\/em><\/strong><\/p>\n\n\n\n<p><strong><em>Desde luego, menci\u00f3n especial se lleva la fundaci\u00f3n\u00a0&#8220;Mexicanos contra la corrupci\u00f3n&#8221;;\u00a0abiertamente financiada por el gobierno de los Estados Unidos; y que su funci\u00f3n b\u00e1sica consiste en infiltrar los gobiernos para tenerlos controlados desde dentro; para su trabajo, va contratando personal de pocos escr\u00fapulos; o parafraseando a\u00a0 Groucho Marx&#8230;, con escr\u00fapulos a la medida de quien los necesitara; as\u00ed es como esta agrupaci\u00f3n abiertamente se manifiesta apoyando a la derecha y en contra de los gobiernos que no respondan a los intereses de quien los financia; el gobierno de los Estados Unidos.<\/em><\/strong><\/p>\n\n\n\n<p><strong>Es la derecha mexicana que sali\u00f3 a reclamar por sus intereses, sin adjetivos&#8230;<\/strong><\/p>\n\n\n\n<p style=\"font-size:25px\"><strong>\u00bfQu\u00e9 es lo que defienden estos grupos&#8230;?<\/strong><\/p>\n\n\n\n<p><strong><em>Defienden lo que se ten\u00eda desde antes de la independencia, lo que acumularon de poder y control econ\u00f3mico desde 1521 hasta 1821, y lo que han defendido hasta hoy 2024. Es la defensa de su intereses, leg\u00edtimos o no, pero intereses al fin.<\/em><\/strong><\/p>\n\n\n\n<p><strong><em>As\u00ed es la derecha internacional, por eso se manifestaron satisfechos con el triunfo de Milei en Argentina; apoyan la intenci\u00f3n de Trump con su regreso a la presidencia de los Estados Unidos; apoyan abiertamente la agresi\u00f3n de el gobierno de Israel contra Palestina; y siguen convencidos de que el gobierno de Ucrania es dem\u00f3crata.<\/em><\/strong><\/p>\n\n\n\n<p><strong><em>As\u00ed es la derecha nacional e internacional; capaz de decir, como lo se\u00f1al\u00f3 uno de sus corifeos favoritos (Sergio Sarmiento) cuando afirm\u00f3 sin empacho que el agua deber\u00eda ser privatizada, que esta no tiene por que ser manejada como un derecho de la humanidad; que debe ser una mercanc\u00eda como cualquier otra&#8230;, que la compre el que la necesite o la desee&#8230;.<\/em><\/strong><\/p>\n\n\n\n<p><strong>Dicho de otra forma, que el que no tenga dinero y tenga sed, que se joda y muera de sed por pobre&#8230;, o, por pobre pendejo.<\/strong><\/p>\n\n\n\n<p><strong>Esto es la derecha; capas de gritar<\/strong>\u00a0<strong><em>&#8220;Mi democracia no se toca&#8221;, se\u00f1alando perfectamente que se refieren a la forma en que ellos ven sus derechos; que no incluyen a los que no piensan como ellos.<\/em><\/strong><\/p>\n\n\n\n<p><strong><em>Al grito de &#8220;vivimos en una dictadura&#8221;, se dedican a lanzar lodo&#8230;, y como no han logrado encontrar una sola prueba contra sus enemigos pol\u00edticos, usan las redes para lanzar improperios sin pruebas, usando la ret\u00f3rica de uno de sus organizadores con m\u00e1s rencor; el propagandista Carlos Alasraki (a veces lo escribo con &#8220;y&#8221; al final, me parece m\u00e1s coherente, pero se escribe con la &#8220;i&#8221; seg\u00fan lo usa el mismo) lo ha dejado bien claro&#8230;\u00a0hay que hablar mal de Morena, aunque sean mentiras, hasta que se conviertan en verdades&#8230;<\/em><\/strong><\/p>\n\n\n\n<p><strong><em>Por eso ahora, ante la imposibilidad de obtener algo que les permita hablar mal con pruebas en las manos, han decidido mantener la guerra de desinformaci\u00f3n y mentiras, con el mensaje de que el presidente AMLO es un narcopresidente. Al margen de que han sido desmentidos plenamente, se mantienen en la tesis de Joseph Goebbels (promotor de Hitler) hay que repetir miles de veces una mentira&#8230;, hasta volverla una verdad social.<\/em><\/strong><\/p>\n\n\n\n<p><strong><em>Ayer se manifest\u00f3 la gran mentira durante la\u00a0 marcha de la derecha&#8230;; dijeron que era una movilizaci\u00f3n sin partidos pol\u00edticos; \u00a1y lo que predominaba era la movilizaci\u00f3n de los tres partidos unidos en la lucha por el poder, fueron perfectamente localizados los grupos del PRI, PAN y PRD!; ya no enga\u00f1an a nadie, es obvio el inter\u00e9s que les mueve; el regreso al poder; el regreso de sus privilegios; la creencia de que ellos son superiores; y como lo se\u00f1al\u00f3 una persona en la macha (se\u00f1ora) que este presidente nos quiere mandar a ser uno de los pa\u00edses del tercer mundo&#8230;\u00a0\u00a1la se\u00f1ora ignora que eso hemos sido desde que M\u00e9xico existe; o desde que se ha establecido la distinci\u00f3n de los mundos (primer y tercer mundo)!<\/em><\/strong><\/p>\n\n\n\n<p><strong><em>Al final, es mejor que se quiten la m\u00e1scara, son la derecha que sali\u00f3 a machar en defensa de su candidata; la misma que se fue a pedirle al gobierno de los Estados Unidos que intervenga en las elecciones del 2 de junio, pues considera que puede haber un gran fraude en su contra; es decir, parece que la se\u00f1ora se siente ganadora de la misma, y que supone que pueden tratar de arrebatarle el triunfo.<\/em><\/strong><\/p>\n\n\n\n<p><strong><em>Claro que se vale manifestarse, hasta mintiendo; l\u00e1stima que su grado de agresi\u00f3n no los deja muy bien parados; as\u00ed es la derecha, cada vez se parece m\u00e1s a la ultraderecha; les pasa lo que a los jud\u00edos&#8230;, con su grosera respuesta al grupo pol\u00edtico Hamas, cada vez se parecen m\u00e1s a lo que tanto se detesta; cada vez justifican m\u00e1s a Hitler con su acci\u00f3n violenta.<\/em><\/strong><\/p>\n\n\n\n<p><strong>Esto es la derecha, que solo piensa en sus derechos individuales y lo que el mercado quiera hacer con los recursos sociales.<\/strong><\/p>\n\n\n\n<p><strong><em>Fue muy bien se\u00f1alada su arenga\u00a0&#8220;mi democracia no se toca&#8221;, con eso queda perfectamente identificada su visi\u00f3n de pa\u00eds; s\u00f3lo la de ellos.<\/em><\/strong><\/p>\n\n\n\n<p><strong><em>Desde luego, con el \u00e9xito obtenido en la movilizaci\u00f3n, sin duda se sienten ganadores de las elecciones del 2 de junio; sus promotores pueden suponer que ganaran la presidencia con una candidata que en lugar de aspirar a tal puesto deber\u00eda estar declarando en relaci\u00f3n a un delito de tr\u00e1fico de influencias con que amas\u00f3 su fortuna de mas de 1500 millones de pesos; y ya del plagio de su tesis&#8230;, hasta da flojera, luego de que personalmente reconoci\u00f3 que es un plagio con la frase&#8230; &#8220;la pendeji\u00e9&#8221;, cualquier agregado es innecesario. Al buen entendedor&#8230;, o a confesi\u00f3n de parte, relevo de pruebas.<\/em><\/strong><\/p>\n\n\n\n<p><strong>As\u00ed es la derecha&#8230;<\/strong><\/p>\n\n\n\n<p><strong>\u00bfY usted&#8230;?<\/strong><\/p>\n","protected":false},"excerpt":{"rendered":"<p>LA CONOM\u00cdA Y USTED&#8230; Eliseo Castillo \u00a0 \u00a0 \u00a0 \u00a0 \u00a0 \u00a0 \u00a0 \u00a0 \u00a0 \u00a0 \u00a0 \u00a0 \u00a0 \u00a0 \u00a0 \u00a0 \u00a0 \u00a0 \u00a0 \u00a0 \u00a0 \u00a0 \u00a0 \u00a0 \u00a0 \u00a0 \u00a0 \u00a0 \u00a0 \u00a0 \u00a0 \u00a0 \u00a0 \u00a0 \u00a0 \u00a0 \u00a0 \u00a0 \u00a0 \u00a0 \u00a0 \u00a0 \u00a0 \u00a0 \u00a0 \u00a0 \u00a0 \u00a0 \u00a0 [&hellip;]<\/p>\n","protected":false},"author":2,"featured_media":8872,"comment_status":"open","ping_status":"open","sticky":false,"template":"","format":"standard","meta":{"footnotes":"","_rishi_post_view_count":609},"categories":[1],"tags":[],"class_list":["post-8871","post","type-post","status-publish","format-standard","has-post-thumbnail","hentry","category-opinion"],"comments_count":"0","_links":{"self":[{"href":"https:\/\/elpregonerodezamora.com\/index.php\/wp-json\/wp\/v2\/posts\/8871","targetHints":{"allow":["GET"]}}],"collection":[{"href":"https:\/\/elpregonerodezamora.com\/index.php\/wp-json\/wp\/v2\/posts"}],"about":[{"href":"https:\/\/elpregonerodezamora.com\/index.php\/wp-json\/wp\/v2\/types\/post"}],"author":[{"embeddable":true,"href":"https:\/\/elpregonerodezamora.com\/index.php\/wp-json\/wp\/v2\/users\/2"}],"replies":[{"embeddable":true,"href":"https:\/\/elpregonerodezamora.com\/index.php\/wp-json\/wp\/v2\/comments?post=8871"}],"version-history":[{"count":1,"href":"https:\/\/elpregonerodezamora.com\/index.php\/wp-json\/wp\/v2\/posts\/8871\/revisions"}],"predecessor-version":[{"id":8873,"href":"https:\/\/elpregonerodezamora.com\/index.php\/wp-json\/wp\/v2\/posts\/8871\/revisions\/8873"}],"wp:featuredmedia":[{"embeddable":true,"href":"https:\/\/elpregonerodezamora.com\/index.php\/wp-json\/wp\/v2\/media\/8872"}],"wp:attachment":[{"href":"https:\/\/elpregonerodezamora.com\/index.php\/wp-json\/wp\/v2\/media?parent=8871"}],"wp:term":[{"taxonomy":"category","embeddable":true,"href":"https:\/\/elpregonerodezamora.com\/index.php\/wp-json\/wp\/v2\/categories?post=8871"},{"taxonomy":"post_tag","embeddable":true,"href":"https:\/\/elpregonerodezamora.com\/index.php\/wp-json\/wp\/v2\/tags?post=8871"}],"curies":[{"name":"wp","href":"https:\/\/api.w.org\/{rel}","templated":true}]}}