{"id":8868,"date":"2024-02-19T18:13:35","date_gmt":"2024-02-19T18:13:35","guid":{"rendered":"https:\/\/elpregonerodezamora.com\/?p=8868"},"modified":"2024-02-19T18:13:36","modified_gmt":"2024-02-19T18:13:36","slug":"posponen-asamblea-estatal-de-cronistas-que-se-desarrollaria-en-jacona","status":"publish","type":"post","link":"https:\/\/elpregonerodezamora.com\/index.php\/2024\/02\/19\/posponen-asamblea-estatal-de-cronistas-que-se-desarrollaria-en-jacona\/","title":{"rendered":"Posponen Asamblea Estatal de Cronistas que se desarrollar\u00eda en Jacona"},"content":{"rendered":"\n<p><strong><em>Redacci\u00f3n \/ El Pregonero TV<\/em><\/strong><\/p>\n\n\n\n<p><strong>Jacona, Mich., 19\/febrero\/2024.- Como resultado de la carga de trabajo que desarrolla en este momento la directiva de la Asociaci\u00f3n de Cronistas por Michoac\u00e1n y algunos de sus cronistas agremiados, ha sido suspendida la XLII Asamblea Estatal Ordinaria, que ten\u00eda como fecha celebrarse en este municipio el pasado s\u00e1bado s\u00e1bado 17 del presente mes.<\/strong><\/p>\n\n\n\n<p><strong>As\u00ed lo dio a conocer el presidente de esta agrupaci\u00f3n hist\u00f3rica-cultural, Maestro Arturo Villase\u00f1or; quien, sin embargo, se\u00f1al\u00f3 que la asamblea en Jacona ser\u00e1 reprogramada, tentativamente para el mes de junio, con la promesa de que ser\u00e1 una asamblea de alto nivel, toda vez que vendr\u00e1n desde Morelia conferenciantes de gran prestigio, que se unir\u00e1n en el mismo programa, a los conferenciantes jaconenses que ya hab\u00eda sido programados, todo con el apoyo y presencia de la Secretar\u00eda de Cultura de Michoac\u00e1n.<\/strong><\/p>\n\n\n\n<p><strong>\u201cEl de Jacona ser\u00e1 un evento sin precedentes, porque adem\u00e1s de la Asociaci\u00f3n de Cronistas por Michoac\u00e1n, participar\u00e1 el gobierno de Michoac\u00e1n a trav\u00e9s de la Secretar\u00eda de Cultura; ser\u00e1n invitadas autoridades de los tres niveles, y porque Jacona lo merece, toda vez que un evento de esta naturaleza no se ha llevado a cabo en este lugar, donde existe gran entusiasmo y buena organizaci\u00f3n, del Cronista Comunitario, Maestro Arturo Ceja Arellano\u201d, subray\u00f3 el l\u00edder de los Cronistas de Michoac\u00e1n.<\/strong><\/p>\n\n\n\n<p><strong>Sobre el motivo de la suspensi\u00f3n de la asamblea que se desarrollar\u00eda en Jacona el pr\u00f3ximo s\u00e1bado, recalc\u00f3 que, al celebrarse el 8\u00ba. Aniversario de la agrupaci\u00f3n que representa, se encuentran en plena organizaci\u00f3n del Coloquio Nacional de Cronistas que se desarrollar\u00e1 en la ciudad de P\u00e1tzcuaro para el pr\u00f3ximo mes de Mayo, al que ha sido invitado para que desarrolle un tema sobre Historia y Tradiciones de Jacona, el Cronista Comunitario Arturo Ceja Arellano.<\/strong><\/p>\n\n\n\n<p><strong>De igual forma, el Maestro Arturo Villase\u00f1or a\u00f1adi\u00f3 que, en este momento, los Cronistas Michoacanos se encuentran trabajando con la Secretar\u00eda de Cultura del gobierno de Michoac\u00e1n, en la elaboraci\u00f3n de las Monograf\u00edas de los municipios de la entidad, trabajo que no se ha desarrollado en mucho tiempo, y que en un primer paquete ya han sido aprobadas cinco se las quince que fueron presentadas.<\/strong><\/p>\n\n\n\n<p><strong>Para el segundo paquete, se\u00f1al\u00f3 que ser\u00e1n tomadas en cuenta otras Monograf\u00edas, entre ellas la de Jacona, elaborada durante el trienio anterior y actualmente actualizada, por el Cronista Comunitario, Arturo Ceja Arellano.<\/strong><\/p>\n\n\n\n<p><strong>\u201cSe trata de un trabajo muy importante, que la Secretar\u00eda de Cultura del gobierno de Michoac\u00e1n encomend\u00f3 a la Asociaci\u00f3n de Cronistas por Michoac\u00e1n; de ah\u00ed la importancia que estriba el hecho de que los Ayuntamientos Municipales y se sumen al trabajo de nuestra agrupaci\u00f3n\u201d, concluy\u00f3<\/strong><\/p>\n","protected":false},"excerpt":{"rendered":"<p>Redacci\u00f3n \/ El Pregonero TV Jacona, Mich., 19\/febrero\/2024.- Como resultado de la carga de trabajo que desarrolla en este momento la directiva de la Asociaci\u00f3n de Cronistas por Michoac\u00e1n y algunos de sus cronistas agremiados, ha sido suspendida la XLII Asamblea Estatal Ordinaria, que ten\u00eda como fecha celebrarse en este municipio el pasado s\u00e1bado s\u00e1bado [&hellip;]<\/p>\n","protected":false},"author":2,"featured_media":8869,"comment_status":"open","ping_status":"open","sticky":false,"template":"","format":"standard","meta":{"footnotes":"","_rishi_post_view_count":696},"categories":[77],"tags":[],"class_list":["post-8868","post","type-post","status-publish","format-standard","has-post-thumbnail","hentry","category-arte-y-cultura"],"comments_count":"0","_links":{"self":[{"href":"https:\/\/elpregonerodezamora.com\/index.php\/wp-json\/wp\/v2\/posts\/8868","targetHints":{"allow":["GET"]}}],"collection":[{"href":"https:\/\/elpregonerodezamora.com\/index.php\/wp-json\/wp\/v2\/posts"}],"about":[{"href":"https:\/\/elpregonerodezamora.com\/index.php\/wp-json\/wp\/v2\/types\/post"}],"author":[{"embeddable":true,"href":"https:\/\/elpregonerodezamora.com\/index.php\/wp-json\/wp\/v2\/users\/2"}],"replies":[{"embeddable":true,"href":"https:\/\/elpregonerodezamora.com\/index.php\/wp-json\/wp\/v2\/comments?post=8868"}],"version-history":[{"count":1,"href":"https:\/\/elpregonerodezamora.com\/index.php\/wp-json\/wp\/v2\/posts\/8868\/revisions"}],"predecessor-version":[{"id":8870,"href":"https:\/\/elpregonerodezamora.com\/index.php\/wp-json\/wp\/v2\/posts\/8868\/revisions\/8870"}],"wp:featuredmedia":[{"embeddable":true,"href":"https:\/\/elpregonerodezamora.com\/index.php\/wp-json\/wp\/v2\/media\/8869"}],"wp:attachment":[{"href":"https:\/\/elpregonerodezamora.com\/index.php\/wp-json\/wp\/v2\/media?parent=8868"}],"wp:term":[{"taxonomy":"category","embeddable":true,"href":"https:\/\/elpregonerodezamora.com\/index.php\/wp-json\/wp\/v2\/categories?post=8868"},{"taxonomy":"post_tag","embeddable":true,"href":"https:\/\/elpregonerodezamora.com\/index.php\/wp-json\/wp\/v2\/tags?post=8868"}],"curies":[{"name":"wp","href":"https:\/\/api.w.org\/{rel}","templated":true}]}}