{"id":8849,"date":"2024-02-13T19:10:46","date_gmt":"2024-02-13T19:10:46","guid":{"rendered":"https:\/\/elpregonerodezamora.com\/?p=8849"},"modified":"2024-02-13T19:10:46","modified_gmt":"2024-02-13T19:10:46","slug":"aguachicoleo-una-pesadilla-anunciada","status":"publish","type":"post","link":"https:\/\/elpregonerodezamora.com\/index.php\/2024\/02\/13\/aguachicoleo-una-pesadilla-anunciada\/","title":{"rendered":"AGUACHICOLEO UNA PESADILLA ANUNCIADA"},"content":{"rendered":"\n<p style=\"font-size:30px\"><strong>LAS PEQUE\u00d1AS COSAS&#8230;<\/strong><\/p>\n\n\n\n<p><strong>Eliseo Castillo<\/strong><\/p>\n\n\n\n<p>\u00a0 \u00a0 \u00a0 \u00a0 \u00a0 \u00a0 \u00a0 \u00a0 \u00a0 \u00a0 \u00a0 \u00a0 \u00a0 \u00a0 \u00a0 \u00a0 \u00a0 \u00a0 \u00a0 \u00a0 \u00a0 \u00a0 \u00a0 \u00a0 \u00a0 \u00a0 \u00a0 <\/p>\n\n\n\n<p>\u00a0 \u00a0 \u00a0 \u00a0 \u00a0 \u00a0 \u00a0 \u00a0 \u00a0 \u00a0 \u00a0 \u00a0 \u00a0 \u00a0 \u00a0 \u00a0 \u00a0 \u00a0 \u00a0 \u00a0 \u00a0 \u00a0 \u00a0 \u00a0 \u00a0 \u00a0 \u00a0 \u00a0 \u00a0 \u00a0 \u00a0 \u00a0 <strong>\u00a0 \u00a0 DISTANCIA ENEMIGA<\/strong><\/p>\n\n\n\n<p>\u00a0 \u00a0 \u00a0 \u00a0 \u00a0 \u00a0 \u00a0 \u00a0 \u00a0 \u00a0 \u00a0 \u00a0 \u00a0 \u00a0 \u00a0 \u00a0 \u00a0 \u00a0 \u00a0 \u00a0 \u00a0 \u00a0 \u00a0 \u00a0 \u00a0 \u00a0 \u00a0<strong><em> \u00a0&#8220;Del camino y su tiempo me duele,<\/em><\/strong><\/p>\n\n\n\n<p>\u00a0 \u00a0 \u00a0 \u00a0 \u00a0 \u00a0 \u00a0 \u00a0 \u00a0 \u00a0 \u00a0 \u00a0 \u00a0 \u00a0 \u00a0 \u00a0 \u00a0 \u00a0 \u00a0 \u00a0 \u00a0 \u00a0 \u00a0 \u00a0 \u00a0 \u00a0 \u00a0 \u00a0<strong><em>la parte triste de saberte lejos,<\/em><\/strong><\/p>\n\n\n\n<p>\u00a0 \u00a0 \u00a0 \u00a0 \u00a0 \u00a0 \u00a0 \u00a0 \u00a0 \u00a0 \u00a0 \u00a0 \u00a0 \u00a0 \u00a0 \u00a0 \u00a0 \u00a0 \u00a0 \u00a0 \u00a0 \u00a0 \u00a0 \u00a0 \u00a0 \u00a0 \u00a0 \u00a0<strong><em>amor de entonces, amor de lejos,<\/em><\/strong><\/p>\n\n\n\n<p>\u00a0 \u00a0 \u00a0 \u00a0 \u00a0 \u00a0 \u00a0 \u00a0 \u00a0 \u00a0 \u00a0 \u00a0 \u00a0 \u00a0 \u00a0 \u00a0 \u00a0 \u00a0 \u00a0 \u00a0 \u00a0 \u00a0 \u00a0 \u00a0 \u00a0 \u00a0 \u00a0 <strong><em>si es que acaso me amaste un poco;<\/em><\/strong><\/p>\n\n\n\n<p>\u00a0 \u00a0 \u00a0 \u00a0 \u00a0 \u00a0 \u00a0 \u00a0 \u00a0 \u00a0 \u00a0 \u00a0 \u00a0 \u00a0 \u00a0 \u00a0 \u00a0 \u00a0 \u00a0 \u00a0 \u00a0 \u00a0 \u00a0 \u00a0 \u00a0 \u00a0 \u00a0 <strong><em>de la nostalgia del tiempo rescato,<\/em><\/strong><\/p>\n\n\n\n<p>\u00a0 \u00a0 \u00a0 \u00a0 \u00a0 \u00a0 \u00a0 \u00a0 \u00a0 \u00a0 \u00a0 \u00a0 \u00a0 \u00a0 \u00a0 \u00a0 \u00a0 \u00a0 \u00a0 \u00a0 \u00a0 \u00a0 \u00a0 \u00a0 \u00a0 \u00a0 \u00a0 <strong><em>peque\u00f1os y amoroso recuerdos,<\/em><\/strong><\/p>\n\n\n\n<p>\u00a0 \u00a0 \u00a0 \u00a0 \u00a0 \u00a0 \u00a0 \u00a0 \u00a0 \u00a0 \u00a0 \u00a0 \u00a0 \u00a0 \u00a0 \u00a0 \u00a0 \u00a0 \u00a0 \u00a0 \u00a0 \u00a0 \u00a0 \u00a0 \u00a0 \u00a0 \u00a0 <strong><em>peque\u00f1os y fugaces d\u00edas aquellos;<\/em><\/strong><\/p>\n\n\n\n<p>\u00a0 \u00a0 \u00a0 \u00a0 \u00a0 \u00a0 \u00a0 \u00a0 \u00a0 \u00a0 \u00a0 \u00a0 \u00a0 \u00a0 \u00a0 \u00a0 \u00a0 \u00a0 \u00a0 \u00a0 \u00a0 \u00a0 \u00a0 \u00a0 \u00a0 \u00a0 \u00a0 <strong><em>distancia inmensa, d\u00edas aquellos&#8221;<\/em>&#8230;<\/strong><\/p>\n\n\n\n<p>\u00a0 \u00a0 \u00a0 \u00a0 \u00a0 \u00a0 \u00a0 \u00a0 \u00a0 \u00a0 \u00a0 \u00a0 \u00a0 \u00a0 \u00a0 \u00a0 \u00a0 \u00a0 \u00a0 \u00a0 \u00a0 \u00a0 \u00a0 \u00a0 \u00a0 \u00a0 \u00a0 \u00a0 \u00a0 \u00a0 \u00a0 \u00a0 \u00a0 \u00a0 \u00a0 \u00a0 \u00a0 \u00a0<strong> el\u00edseo<\/strong><\/p>\n\n\n\n<p style=\"font-size:25px\"><strong>&#8220;En nueve a\u00f1os&nbsp; casi se duplicaron los acu\u00edferos sin l\u00edquido: Conagua&#8221;<\/strong>&nbsp;<\/p>\n\n\n\n<p><strong><em>(Ang\u00e9lica Enciso L.; La Jornada, lunes,12 de febrero, 2024; pag.14)<\/em><\/strong><\/p>\n\n\n\n<p style=\"font-size:25px\"><strong>&#8220;Habr\u00e1 sequ\u00eda complicada, prev\u00e9 la UNAM&#8221;<\/strong><\/p>\n\n\n\n<p><strong><em>(Ibidem)<\/em><\/strong><\/p>\n\n\n\n<p style=\"font-size:25px\"><strong>&#8220;Lagos y presas: inacci\u00f3n oficial&#8221;<\/strong>&nbsp;<\/p>\n\n\n\n<p><strong><em>(Iv\u00e1n Restrepo; La Jornada, lunes 12 de febrero, 2024; pag.19)<\/em><\/strong><\/p>\n\n\n\n<p><strong><em>En el argot period\u00edstico se le conoce como\u00a0&#8220;nado sincronizado&#8221;\u00a0al suceso de que de manera simult\u00e1nea, se trate el mismo tema con el enfoque que cada periodista o comunicador aporte; lo que importa es que el tema sea planteado de manera profusa, de tal forma que quede lo m\u00e1s fijo posible en el consciente social o colectivo.<\/em><\/strong><\/p>\n\n\n\n<p><strong><em>En los peri\u00f3dicos de hoy martes 13 de febrero de 2024 el tema del problema del agua se hace manifiesto; ya no hay forma de ocultar lo que le hemos planteado&#8230;\u00a0&#8220;\u00a1es el agua idiota!&#8221;.<\/em><\/strong><\/p>\n\n\n\n<p><strong><em>Desde hace a\u00f1os, se viene manejando una mala acci\u00f3n que consiste en robar agua de los pozos y presas para venderla en las colonias de las orillas de las ciudades; y a veces no tan de las orillas; la realidad nos ha alcanzado desde hace a\u00f1os; pero como no es algo que ayude a la racionalizaci\u00f3n del l\u00edquido; y, que adem\u00e1s afecta al programa de promoci\u00f3n de atracci\u00f3n de industria (la necesidad de empleos es algo que debe atenderse a diario).<\/em><\/strong><\/p>\n\n\n\n<p><strong><em>En el caso de las presas y lagos es tan evidente la escasez de agua, que en algunos casos, como Cuitzeo, las polvaredas son lo cotidiano, y las enfermedades por causas respiratorias en los pobladores aleda\u00f1os son recurrentes&#8230;; donde era el espejo de agua, es hoy un recipiente muy grande y muy seco; situaci\u00f3n parecida a otros lagos y presas en el pa\u00eds.<\/em><\/strong><\/p>\n\n\n\n<p style=\"font-size:25px\"><strong>\u00bfPor qu\u00e9 se ha negado lo evidente&#8230;?<\/strong><\/p>\n\n\n\n<p><strong><em>Simplemente es un p\u00e9simo negocio decirle la verdad a las personas; \u00bfc\u00f3mo explicarle a quien se desea vender las nuevas casas de los fraccionamientos alejados del centro de las ciudades y pueblos que les ofrecen casas que no van a tener los servicios que se ofrecen originalmente en el paquete promocional; no hay agua, eso es una realidad que hay que ocultar.<\/em><\/strong><\/p>\n\n\n\n<p><strong><em>\u00bfC\u00f3mo decirle a los contribuyentes que el agua que ellos necesitan y no van a tener por que se les va a entregar a los empresarios que la reclaman a cambio de poner sus empresas en el municipio con la promesa de generar empleos?\u00a0<\/em><\/strong><\/p>\n\n\n\n<p><strong><em>La realidad es tan simple y tan violenta que duele ver como hay una especie de juego de gato y rat\u00f3n&#8230;, el gato\u00a0 atrapa al rat\u00f3n, al principio no destruye, lo controla, juega con \u00e9l, hasta que se aburre; al final se lo come&#8230;; las personas reclaman agua por que dicen que por eso la pagan; las autoridades negocian el uso del l\u00edquido escaso entre entreg\u00e1rsela a empresas a cambio de empleos e impuestos; los desarrolladores de casas prometen el agua de que no disponen; y todos al final saben&#8230;, sabemos que si no llueve, simplemente las presas y pozos se secan; no hay forma de recargarlos.<\/em><\/strong><\/p>\n\n\n\n<p><strong><em>A este fen\u00f3meno se le llama\u00a0&#8220;crisis, o estr\u00e9s h\u00eddrica&#8221;, fen\u00f3meno que hoy se vive a nivel mundial; y que no hay reversa, la escasez de agua es patente; ahora el l\u00edquido se ha convertido en uno de los &#8220;productos m\u00e1s deseados&#8221; por la sociedad en general. El problema es que hoy es un tema que no hay forma de ocultarlo; las administraciones p\u00fablicas deben elegir entre cumplir con su obligaci\u00f3n inmediata con los ciudadanos a quienes representa o jur\u00f3 representar; o entregarle parte del recurso a inversionistas que ofrecen instalar empresas en la regi\u00f3n, con el beneficio anunciado de empleos para los ciudadanos&#8230;, aunque tenga que dejar con menos recursos a los mismos (menos agua y \u00e1reas verdes y limpias).<\/em><\/strong><\/p>\n\n\n\n<p><strong><em>La crisis de agua es una realidad que nos ha alcanzado desde hace a\u00f1os; jugamos a los ingenuos cuando vemos que los espejos de agua se van agotando, fingimos que no pasa nada, esperamos que el temporal de lluvias lo resuelva todo&#8230;, aunque quede claro que cada vez llueve menos.<\/em><\/strong><\/p>\n\n\n\n<p><strong><em>Este tema es tan groseramente claro que ya no hay forma de esconderlo; ubique usted una ciudad o pueblo en que el agua fluya a niveles que la poblaci\u00f3n necesita y demanda; encuentre usted una sola ciudad o pueblo en que no falta el agua; en que no hay demanda permanente y\u00a0 molestia por que se argumenta que pagan el agua&#8230;, pero no llega a sus casas.\u00a0<\/em><\/strong><\/p>\n\n\n\n<p><strong><em>Por desgracia la crisis o estr\u00e9s h\u00eddrica es una realidad nacional y mundial; este drama ya nos alcanz\u00f3; falta menos de lo deseado para que sea una tragedia.\u00a0<\/em><\/strong><\/p>\n\n\n\n<p><strong><em>Busque usted una sola presa, o espejo de agua en lagos y lagunas con niveles aceptables&#8230;, ya no las hay; as\u00ed de simple y grave es el problema.<\/em><\/strong><\/p>\n","protected":false},"excerpt":{"rendered":"<p>LAS PEQUE\u00d1AS COSAS&#8230; Eliseo Castillo \u00a0 \u00a0 \u00a0 \u00a0 \u00a0 \u00a0 \u00a0 \u00a0 \u00a0 \u00a0 \u00a0 \u00a0 \u00a0 \u00a0 \u00a0 \u00a0 \u00a0 \u00a0 \u00a0 \u00a0 \u00a0 \u00a0 \u00a0 \u00a0 \u00a0 \u00a0 \u00a0 \u00a0 \u00a0 \u00a0 \u00a0 \u00a0 \u00a0 \u00a0 \u00a0 \u00a0 \u00a0 \u00a0 \u00a0 \u00a0 \u00a0 \u00a0 \u00a0 \u00a0 \u00a0 \u00a0 \u00a0 \u00a0 \u00a0 \u00a0 [&hellip;]<\/p>\n","protected":false},"author":2,"featured_media":8850,"comment_status":"open","ping_status":"open","sticky":false,"template":"","format":"standard","meta":{"footnotes":"","_rishi_post_view_count":589},"categories":[1],"tags":[],"class_list":["post-8849","post","type-post","status-publish","format-standard","has-post-thumbnail","hentry","category-opinion"],"comments_count":"0","_links":{"self":[{"href":"https:\/\/elpregonerodezamora.com\/index.php\/wp-json\/wp\/v2\/posts\/8849","targetHints":{"allow":["GET"]}}],"collection":[{"href":"https:\/\/elpregonerodezamora.com\/index.php\/wp-json\/wp\/v2\/posts"}],"about":[{"href":"https:\/\/elpregonerodezamora.com\/index.php\/wp-json\/wp\/v2\/types\/post"}],"author":[{"embeddable":true,"href":"https:\/\/elpregonerodezamora.com\/index.php\/wp-json\/wp\/v2\/users\/2"}],"replies":[{"embeddable":true,"href":"https:\/\/elpregonerodezamora.com\/index.php\/wp-json\/wp\/v2\/comments?post=8849"}],"version-history":[{"count":1,"href":"https:\/\/elpregonerodezamora.com\/index.php\/wp-json\/wp\/v2\/posts\/8849\/revisions"}],"predecessor-version":[{"id":8851,"href":"https:\/\/elpregonerodezamora.com\/index.php\/wp-json\/wp\/v2\/posts\/8849\/revisions\/8851"}],"wp:featuredmedia":[{"embeddable":true,"href":"https:\/\/elpregonerodezamora.com\/index.php\/wp-json\/wp\/v2\/media\/8850"}],"wp:attachment":[{"href":"https:\/\/elpregonerodezamora.com\/index.php\/wp-json\/wp\/v2\/media?parent=8849"}],"wp:term":[{"taxonomy":"category","embeddable":true,"href":"https:\/\/elpregonerodezamora.com\/index.php\/wp-json\/wp\/v2\/categories?post=8849"},{"taxonomy":"post_tag","embeddable":true,"href":"https:\/\/elpregonerodezamora.com\/index.php\/wp-json\/wp\/v2\/tags?post=8849"}],"curies":[{"name":"wp","href":"https:\/\/api.w.org\/{rel}","templated":true}]}}