{"id":8843,"date":"2024-02-09T00:12:55","date_gmt":"2024-02-09T00:12:55","guid":{"rendered":"https:\/\/elpregonerodezamora.com\/?p=8843"},"modified":"2024-02-09T00:12:56","modified_gmt":"2024-02-09T00:12:56","slug":"la-politica-hoy","status":"publish","type":"post","link":"https:\/\/elpregonerodezamora.com\/index.php\/2024\/02\/09\/la-politica-hoy\/","title":{"rendered":"LA POL\u00cdTICA HOY&#8230;"},"content":{"rendered":"\n<p><strong>Arturo CEJA Arellano \/ Para El Pregonero TV<\/strong><\/p>\n\n\n\n<p><strong><em>El pr\u00f3ximo domingo 11 de los corrientes, tendr\u00e1 lugar en Zamora la elecci\u00f3n interna con la que el Partido Acci\u00f3n Nacional determinar\u00e1 qui\u00e9n ser\u00e1 el candidato o candidata que los representar\u00e1, para luego contender contra los aspirantes que presenten los partidos de la Revoluci\u00f3n Democr\u00e1tica y Revolucionario Institucional, toda vez que al parecer ir\u00e1n de la mano, o en coalici\u00f3n esos tres institutos pol\u00edticos, en busca del poder municipal.<\/em><\/strong><\/p>\n\n\n\n<p><strong><em>Mientras tanto, principalmente en las redes sociales, tanto Carlos Alberto Soto Delgado, como Er\u00e9ndira Castellanos Pallares, promueven los porqu\u00e9s desean representar al partido blanquiazul en el proceso electoral del presente a\u00f1o, as\u00ed como personajes y ciudadanos que los respaldan.<\/em><\/strong><\/p>\n\n\n\n<p><strong><em>La lucha interna del panismo zamorense, ha provocado que uno de los contendientes descalifique las acciones del otro, aprovechando \u201clas bondades\u201d de las redes sociales, para tratar de ganar terreno con acciones sucias.<\/em><\/strong><\/p>\n\n\n\n<p><strong><em>La cosa est\u00e1 dividida e interesante; \u201chasta las perlas de la virgen est\u00e1n en disputa en estos momentos\u201d, lo que ha despertado codicias entre los busca chamba.<\/em><\/strong><\/p>\n\n\n\n<p><em><strong>Lo malo de este asunto, es que no se ve por ning\u00fan lado la propuesta de trabajo, la oferta pol\u00edtica que beneficie, tanto al partido blanquizul, como a la poblaci\u00f3n en general. No se ve hasta el momento, cu\u00e1l sea el plan de trabajo para ser ejecutado en el pr\u00f3ximo trienio.<\/strong><\/em><\/p>\n\n\n\n<p><strong><em>Personajes interesantes sin lugar a duda, cada quien con su banda, cada quien con sus ideas, cada quien con su intenci\u00f3n de gobernar o seguir gobernando, en un municipio con muchas necesidades.<\/em><\/strong><\/p>\n\n\n\n<p><strong><em>Mientras tanto, todo hace suponer que la famosa, mentirosa y por dem\u00e1s dudosa, encuesta formulada por el partido MORENA, una vez m\u00e1s no se ha ejecutado (no conozco a nadie que haya sido encuestado), y todo hace suponer que, una vez m\u00e1s, al viejo estilo del perredismo, la elecci\u00f3n ser\u00e1 por dedazo desde la c\u00faspide del partido del Movimiento de Regeneraci\u00f3n Nacional; por lo tanto, al parecer, los morenistas solamente est\u00e1n esperando conocer a qui\u00e9n elegir\u00e1 el PAN, para soltar a su gallo o galla. Rodolfo M\u00e9ndez L\u00f3pez, uno de los aspirantes por MORENA, como que afloj\u00f3 el paso en busca de la candidatura por el partido de Andr\u00e9s Manuel L\u00f3pez Obrador.<\/em><\/strong><\/p>\n\n\n\n<p><strong><em>Por cierto, en la posible coalici\u00f3n PRI-PAN-PRD, se supone que el tricolor presentar\u00e1 a Rub\u00e9n Nu\u00f1o D\u00e1vila, empresario de gr\u00faas que en el proceso electoral anterior no tuvo oportunidad alguna de figurar en la contienda electoral.<\/em><\/strong><\/p>\n\n\n\n<p><strong><em>Por su parte, se dice que el partido del Sol Azteca presentar\u00eda como su propuesta a la actual Regidora, Iris Mac\u00edas.<\/em><\/strong><\/p>\n\n\n\n<p><strong><em>Una vez consolidados los tres precandidatos, las dirigencias de esos tres institutos pol\u00edticos decidir\u00e1n qui\u00e9n los representar\u00e1 en el proceso electoral. Mientras tanto, \u201clos partidos par\u00e1sitos\u201d est\u00e1n al asecho para ver \u201cqui\u00e9n les hace el paro de arroparlos\u201d, porque solitos nom\u00e1s no la hacen y corren el riesgo de perder el registro, al no acumular el n\u00famero m\u00ednimo de votantes para seguir \u201cmam\u00e1ndole a la ubre\u201d al presupuesto millonario que se dedica al quehacer pol\u00edtico de nuestra naci\u00f3n.<\/em><\/strong><\/p>\n","protected":false},"excerpt":{"rendered":"<p>Arturo CEJA Arellano \/ Para El Pregonero TV El pr\u00f3ximo domingo 11 de los corrientes, tendr\u00e1 lugar en Zamora la elecci\u00f3n interna con la que el Partido Acci\u00f3n Nacional determinar\u00e1 qui\u00e9n ser\u00e1 el candidato o candidata que los representar\u00e1, para luego contender contra los aspirantes que presenten los partidos de la Revoluci\u00f3n Democr\u00e1tica y Revolucionario [&hellip;]<\/p>\n","protected":false},"author":2,"featured_media":8844,"comment_status":"open","ping_status":"open","sticky":false,"template":"","format":"standard","meta":{"footnotes":"","_rishi_post_view_count":646},"categories":[197],"tags":[],"class_list":["post-8843","post","type-post","status-publish","format-standard","has-post-thumbnail","hentry","category-politica"],"comments_count":"0","_links":{"self":[{"href":"https:\/\/elpregonerodezamora.com\/index.php\/wp-json\/wp\/v2\/posts\/8843","targetHints":{"allow":["GET"]}}],"collection":[{"href":"https:\/\/elpregonerodezamora.com\/index.php\/wp-json\/wp\/v2\/posts"}],"about":[{"href":"https:\/\/elpregonerodezamora.com\/index.php\/wp-json\/wp\/v2\/types\/post"}],"author":[{"embeddable":true,"href":"https:\/\/elpregonerodezamora.com\/index.php\/wp-json\/wp\/v2\/users\/2"}],"replies":[{"embeddable":true,"href":"https:\/\/elpregonerodezamora.com\/index.php\/wp-json\/wp\/v2\/comments?post=8843"}],"version-history":[{"count":1,"href":"https:\/\/elpregonerodezamora.com\/index.php\/wp-json\/wp\/v2\/posts\/8843\/revisions"}],"predecessor-version":[{"id":8845,"href":"https:\/\/elpregonerodezamora.com\/index.php\/wp-json\/wp\/v2\/posts\/8843\/revisions\/8845"}],"wp:featuredmedia":[{"embeddable":true,"href":"https:\/\/elpregonerodezamora.com\/index.php\/wp-json\/wp\/v2\/media\/8844"}],"wp:attachment":[{"href":"https:\/\/elpregonerodezamora.com\/index.php\/wp-json\/wp\/v2\/media?parent=8843"}],"wp:term":[{"taxonomy":"category","embeddable":true,"href":"https:\/\/elpregonerodezamora.com\/index.php\/wp-json\/wp\/v2\/categories?post=8843"},{"taxonomy":"post_tag","embeddable":true,"href":"https:\/\/elpregonerodezamora.com\/index.php\/wp-json\/wp\/v2\/tags?post=8843"}],"curies":[{"name":"wp","href":"https:\/\/api.w.org\/{rel}","templated":true}]}}