{"id":8840,"date":"2024-02-08T23:56:10","date_gmt":"2024-02-08T23:56:10","guid":{"rendered":"https:\/\/elpregonerodezamora.com\/?p=8840"},"modified":"2024-02-08T23:56:11","modified_gmt":"2024-02-08T23:56:11","slug":"buena-respuesta-de-jaconenses-a-la-feria-de-la-salud","status":"publish","type":"post","link":"https:\/\/elpregonerodezamora.com\/index.php\/2024\/02\/08\/buena-respuesta-de-jaconenses-a-la-feria-de-la-salud\/","title":{"rendered":"Buena respuesta de jaconenses a la Feria de la Salud"},"content":{"rendered":"\n<p><strong><em>Jacona, Mich; a 08 de febrero de 2024.- Con gran \u00e9xito se llev\u00f3 a cabo la Feria de Salud organizada por el Gobierno de Jacona que preside el Alcalde Isidoro Mosqueda Estrada, a trav\u00e9s de la Regidur\u00eda de Salud y en coordinaci\u00f3n con la Jurisdicci\u00f3n Sanitaria y el Centro de Salud, importante actividad que tuvo lugar en la colonia el Arcoiris; donde decenas de personas recibieron diversos servicios m\u00e9dicos y de salud como fueron: Toma de citolog\u00eda y hemoglobina glucosilada, vacunas de COVID, sarampi\u00f3n y rub\u00e9ola y campa\u00f1a de Papanicolau.<\/em><\/strong><\/p>\n\n\n\n<p><strong>La Regidora de Salud, Mariela Cabrera Arias, indic\u00f3 que esta Feria de Salud se realiza con periodicidad, tanto en la zona centro como en colonias, a efecto de que en conjunto con la Jurisdicci\u00f3n Sanitaria y el Centro de Salud, se acerquen a la poblaci\u00f3n diversos servicios, orientados a fortalecer y cuidar del bienestar de la ciudadan\u00eda.<\/strong><\/p>\n\n\n\n<p><strong><em>Dijo que en esta ocasi\u00f3n, adem\u00e1s de los servicios mencionados, se llev\u00f3 a cabo tambi\u00e9n la aplicaci\u00f3n de vacunas antirr\u00e1bicas para las mascotas de casa y, con ello, contribuir tambi\u00e9n a la salud y el bienestar de los animalitos de compa\u00f1\u00eda.<\/em><\/strong><\/p>\n","protected":false},"excerpt":{"rendered":"<p>Jacona, Mich; a 08 de febrero de 2024.- Con gran \u00e9xito se llev\u00f3 a cabo la Feria de Salud organizada por el Gobierno de Jacona que preside el Alcalde Isidoro Mosqueda Estrada, a trav\u00e9s de la Regidur\u00eda de Salud y en coordinaci\u00f3n con la Jurisdicci\u00f3n Sanitaria y el Centro de Salud, importante actividad que tuvo [&hellip;]<\/p>\n","protected":false},"author":2,"featured_media":8841,"comment_status":"open","ping_status":"open","sticky":false,"template":"","format":"standard","meta":{"footnotes":"","_rishi_post_view_count":683},"categories":[12],"tags":[],"class_list":["post-8840","post","type-post","status-publish","format-standard","has-post-thumbnail","hentry","category-jacona"],"comments_count":"0","_links":{"self":[{"href":"https:\/\/elpregonerodezamora.com\/index.php\/wp-json\/wp\/v2\/posts\/8840","targetHints":{"allow":["GET"]}}],"collection":[{"href":"https:\/\/elpregonerodezamora.com\/index.php\/wp-json\/wp\/v2\/posts"}],"about":[{"href":"https:\/\/elpregonerodezamora.com\/index.php\/wp-json\/wp\/v2\/types\/post"}],"author":[{"embeddable":true,"href":"https:\/\/elpregonerodezamora.com\/index.php\/wp-json\/wp\/v2\/users\/2"}],"replies":[{"embeddable":true,"href":"https:\/\/elpregonerodezamora.com\/index.php\/wp-json\/wp\/v2\/comments?post=8840"}],"version-history":[{"count":1,"href":"https:\/\/elpregonerodezamora.com\/index.php\/wp-json\/wp\/v2\/posts\/8840\/revisions"}],"predecessor-version":[{"id":8842,"href":"https:\/\/elpregonerodezamora.com\/index.php\/wp-json\/wp\/v2\/posts\/8840\/revisions\/8842"}],"wp:featuredmedia":[{"embeddable":true,"href":"https:\/\/elpregonerodezamora.com\/index.php\/wp-json\/wp\/v2\/media\/8841"}],"wp:attachment":[{"href":"https:\/\/elpregonerodezamora.com\/index.php\/wp-json\/wp\/v2\/media?parent=8840"}],"wp:term":[{"taxonomy":"category","embeddable":true,"href":"https:\/\/elpregonerodezamora.com\/index.php\/wp-json\/wp\/v2\/categories?post=8840"},{"taxonomy":"post_tag","embeddable":true,"href":"https:\/\/elpregonerodezamora.com\/index.php\/wp-json\/wp\/v2\/tags?post=8840"}],"curies":[{"name":"wp","href":"https:\/\/api.w.org\/{rel}","templated":true}]}}