{"id":8836,"date":"2024-02-08T23:15:37","date_gmt":"2024-02-08T23:15:37","guid":{"rendered":"https:\/\/elpregonerodezamora.com\/?p=8836"},"modified":"2024-02-08T23:15:38","modified_gmt":"2024-02-08T23:15:38","slug":"itesz-sede-de-la-1ra-asamblea-nacional-del-programa-delfin","status":"publish","type":"post","link":"https:\/\/elpregonerodezamora.com\/index.php\/2024\/02\/08\/itesz-sede-de-la-1ra-asamblea-nacional-del-programa-delfin\/","title":{"rendered":"ITESZ sede de la 1ra Asamblea Nacional del Programa Delf\u00edn"},"content":{"rendered":"\n<p style=\"font-size:25px\"><strong>Tec de Zamora, aliado y referente en la consolidaci\u00f3n educativa: ICTI<\/strong><\/p>\n\n\n\n<ul class=\"wp-block-list\">\n<li><strong>Nos tomamos muy en serio la educaci\u00f3n con calidad y la permanencia en las aulas<\/strong><\/li>\n\n\n\n<li><strong>Somos aliados de todo aquello que genere educaci\u00f3n de excelencia<\/strong><\/li>\n<\/ul>\n\n\n\n<p><strong><em>Zamora, Mich- 08 de febrero de 2024.- El Tecnol\u00f3gico de Zamora vuelve a ser anfitri\u00f3n de grandes eventos; ahora sede de la 1ra. Asamblea Nacional del Programa Delf\u00edn en su edici\u00f3n XXIX, donde el Consejo T\u00e9cnico, representando a 288 instituciones p\u00fablicas y privadas, abordar\u00e1 temas que incidan en el fortalecimiento de la cooperaci\u00f3n acad\u00e9mica y cient\u00edfica de estos centros de estudio.<\/em><\/strong><\/p>\n\n\n\n<figure class=\"wp-block-image size-large\"><img loading=\"lazy\" decoding=\"async\" width=\"1024\" height=\"682\" src=\"https:\/\/elpregonerodezamora.com\/wp-content\/uploads\/2024\/02\/tecno-3-1024x682.jpg\" alt=\"\" class=\"wp-image-8837\" srcset=\"https:\/\/elpregonerodezamora.com\/wp-content\/uploads\/2024\/02\/tecno-3-1024x682.jpg 1024w, https:\/\/elpregonerodezamora.com\/wp-content\/uploads\/2024\/02\/tecno-3-300x200.jpg 300w, https:\/\/elpregonerodezamora.com\/wp-content\/uploads\/2024\/02\/tecno-3-768x512.jpg 768w, https:\/\/elpregonerodezamora.com\/wp-content\/uploads\/2024\/02\/tecno-3-1536x1023.jpg 1536w, https:\/\/elpregonerodezamora.com\/wp-content\/uploads\/2024\/02\/tecno-3.jpg 1600w\" sizes=\"auto, (max-width: 1024px) 100vw, 1024px\" \/><\/figure>\n\n\n\n<p><strong><em>Karlo Samaguey, director general del Tecnol\u00f3gico anfitri\u00f3n, dijo que el ITESZ es aliado de la educaci\u00f3n y las acciones que consoliden la permanencia en las aulas, la calidad escolar, la escuela para todos, las puertas abiertas y la rendici\u00f3n de cuentas.<\/em><\/strong><\/p>\n\n\n\n<p><strong><em>Estim\u00f3 que la Comunidad del TecNM Campus Zamora, ser toma muy en serio todo aquello que abone a tener un estado con acceso a la educaci\u00f3n, a la investigaci\u00f3n y a la difusi\u00f3n de la ciencia; acot\u00f3 que el gobierno de Michoac\u00e1n y el TecNM siempre han dado muestras que con educaci\u00f3n de calidad muchas \u00e1reas de oportunidad pueden salir adelante.<\/em><\/strong><\/p>\n\n\n\n<p><strong><em>Ante la presencia del coordinador general del programa Delf\u00edn, Carlos Humberto Jim\u00e9nez Gonz\u00e1lez, el director de Educaci\u00f3n Superior del IEMSySEM, Horacio Anaya Villegas, aprovech\u00f3 el evento para compartir que la educaci\u00f3n para el gobierno michoacano, es rendir cuentas claras y combatir la corrupci\u00f3n, siguiendo normas y procesos que definan un tema educativo que sirva a los j\u00f3venes a prepararse con calidad.<\/em><\/strong><\/p>\n\n\n\n<p><strong><em>Del mismo modo, la directora del Instituto de Ciencia, Tecnolog\u00eda e Innovaci\u00f3n (ICTI) Alejandra Ochoa Zarzosa, asumi\u00f3 estar trabajando para incentivar la vocaci\u00f3n cient\u00edfica en los j\u00f3venes, am\u00e9n de reconocer en el programa Delf\u00edn una plataforma para la movilidad y el crecimiento adecuado del estudio en el nivel superior.<\/em><\/strong><\/p>\n\n\n\n<p><strong><em>La s\u00edndico municipal, Mar\u00eda Isabel Aguilera Verduzco, comparti\u00f3 que el ayuntamiento ha asumido con toda responsabilidad su papel en la promoci\u00f3n y el apoyo a la educaci\u00f3n en todos sus niveles. Reconoci\u00f3 a los organizadores de esta primera asamblea anual 2024, as\u00ed como al Tec de Zamora por ser un baluarte educativo en la regi\u00f3n.<\/em><\/strong><\/p>\n","protected":false},"excerpt":{"rendered":"<p>Tec de Zamora, aliado y referente en la consolidaci\u00f3n educativa: ICTI Zamora, Mich- 08 de febrero de 2024.- El Tecnol\u00f3gico de Zamora vuelve a ser anfitri\u00f3n de grandes eventos; ahora sede de la 1ra. Asamblea Nacional del Programa Delf\u00edn en su edici\u00f3n XXIX, donde el Consejo T\u00e9cnico, representando a 288 instituciones p\u00fablicas y privadas, abordar\u00e1 [&hellip;]<\/p>\n","protected":false},"author":2,"featured_media":8838,"comment_status":"open","ping_status":"open","sticky":false,"template":"","format":"standard","meta":{"footnotes":"","_rishi_post_view_count":732},"categories":[20],"tags":[],"class_list":["post-8836","post","type-post","status-publish","format-standard","has-post-thumbnail","hentry","category-ciencia-y-tecnologia"],"comments_count":"0","_links":{"self":[{"href":"https:\/\/elpregonerodezamora.com\/index.php\/wp-json\/wp\/v2\/posts\/8836","targetHints":{"allow":["GET"]}}],"collection":[{"href":"https:\/\/elpregonerodezamora.com\/index.php\/wp-json\/wp\/v2\/posts"}],"about":[{"href":"https:\/\/elpregonerodezamora.com\/index.php\/wp-json\/wp\/v2\/types\/post"}],"author":[{"embeddable":true,"href":"https:\/\/elpregonerodezamora.com\/index.php\/wp-json\/wp\/v2\/users\/2"}],"replies":[{"embeddable":true,"href":"https:\/\/elpregonerodezamora.com\/index.php\/wp-json\/wp\/v2\/comments?post=8836"}],"version-history":[{"count":1,"href":"https:\/\/elpregonerodezamora.com\/index.php\/wp-json\/wp\/v2\/posts\/8836\/revisions"}],"predecessor-version":[{"id":8839,"href":"https:\/\/elpregonerodezamora.com\/index.php\/wp-json\/wp\/v2\/posts\/8836\/revisions\/8839"}],"wp:featuredmedia":[{"embeddable":true,"href":"https:\/\/elpregonerodezamora.com\/index.php\/wp-json\/wp\/v2\/media\/8838"}],"wp:attachment":[{"href":"https:\/\/elpregonerodezamora.com\/index.php\/wp-json\/wp\/v2\/media?parent=8836"}],"wp:term":[{"taxonomy":"category","embeddable":true,"href":"https:\/\/elpregonerodezamora.com\/index.php\/wp-json\/wp\/v2\/categories?post=8836"},{"taxonomy":"post_tag","embeddable":true,"href":"https:\/\/elpregonerodezamora.com\/index.php\/wp-json\/wp\/v2\/tags?post=8836"}],"curies":[{"name":"wp","href":"https:\/\/api.w.org\/{rel}","templated":true}]}}