{"id":8719,"date":"2024-01-08T01:06:15","date_gmt":"2024-01-08T01:06:15","guid":{"rendered":"https:\/\/elpregonerodezamora.com\/?p=8719"},"modified":"2024-01-08T01:06:15","modified_gmt":"2024-01-08T01:06:15","slug":"senor-ten-piedad-de-nosotros","status":"publish","type":"post","link":"https:\/\/elpregonerodezamora.com\/index.php\/2024\/01\/08\/senor-ten-piedad-de-nosotros\/","title":{"rendered":"Se\u00f1or, Ten piedad de nosotros\u00a0"},"content":{"rendered":"\n<p><strong>Jos\u00e9 Luis Seefo\u00f3 Luj\u00e1n, profesor investigador del COLMICH \/ Para El Pregonero TV<\/strong><\/p>\n\n\n\n<p><strong><em>Zamora, Mich., 6\/enero\/2024.- Para un \u201cno creyente\u201d o creyente seg\u00fan las urgencias, la s\u00faplica profunda \u201cCristo, ten piedad de nosotros\u201d cobra mayor significado cuando en 2023 se visitan con m\u00e1s frecuencia hospitales,\u00a0\u00a0templos y cementerios y cuando se registran 286 homicidios intencionales perpetrados en Zamora y Jacona durante este a\u00f1o.\u00a0<\/em><\/strong><\/p>\n\n\n\n<p><strong><em>En 2023 escuch\u00e9, m\u00e1s de alguna vez, \u201cSe\u00f1or, ten piedad de nosotros, porque conoc\u00ed de cerca\u00a0\u00a0\u00a0la partida sin regreso\u00a0\u00a0de Eva, Esteban, Mirta, de Mayra \u2013hermana de Marco-, del joven hijo de mi tocayo Pimentel Equihua y de Martha y porque en plena Noche Buena acompa\u00f1\u00e9\u00a0\u00a0las cenizas\u00a0\u00a0de mi primo Andr\u00e9s Antonio. \u00a0<\/em><\/strong><\/p>\n\n\n\n<p><strong><em>Y no con tanta proximidad, pero llega y cala, imaginar el sufrimiento de esas 271 familias\u00a0\u00a0que perdieron a un ser querido o que cargan con las cuentas de hospitales y servicios de (in)justicia por los 186 heridos contabilizados en el ambiente violento de Zamora y Jacona.\u00a0<\/em><\/strong><\/p>\n\n\n\n<p><strong><em>El clamor\u00a0\u00a0sacude el piso de la fr\u00e1gil certeza ciudadana porque tras la desesperanza causada por los fracasos de la familia,\u00a0\u00a0iglesia y escuela acompa\u00f1adas de un Estado imposibilitado de cumplir su tarea b\u00e1sica (la seguridad para las personas y sus bienes), dirigimos la mirada a un ser sobre natural para que interceda por nosotros.\u00a0<\/em><\/strong><\/p>\n\n\n\n<p><strong><em>\u00a0Esta experiencia de escuchar m\u00e1s seguido \u201cDanos la paz\u201d tiene que ver con el ciclo de la vida personal y con el deterioro o \u201cdesmadramiento\u201d de la salud, el medio y la seguridad social en general. Cierto que en 2023 hubo menos homicidios que en a\u00f1os anteriores, pero, para las viudas y hu\u00e9rfanos de esas 286 personas fallecidas, uno n\u00famero menor carece de sentido.\u00a0<\/em><\/strong><\/p>\n\n\n\n<p style=\"font-size:30px\"><strong>Zamora-Jacona: 40 v\u00edctimas en diciembre de 2023\u00a0<\/strong><\/p>\n\n\n\n<p><strong><em>Antes de cerrar el a\u00f1o, a mediados de diciembre, estimaba que 2023 no superar\u00eda los 300 homicidios dolosos y afirmaba, comparando con a\u00f1os previos, que \u00e9ste marcaba un descenso relevante en muertes violentas, a pesar de que el imaginario social dibujaba un escenario m\u00e1s dram\u00e1tico. \u00a0<\/em><\/strong><\/p>\n\n\n\n<p><strong><em>Las cifras crecen si cotejamos diciembre con noviembre de ese a\u00f1o, pero son muy bajas vistas a largo plazo. Veamos:\u00a0<\/em><\/strong><\/p>\n\n\n\n<p><strong>Tabla 1. Homicidios y heridos dolosos registrados en Zamora y Jacona.\u00a0Diciembre de 2023\u00a0<\/strong><\/p>\n\n\n\n<figure class=\"wp-block-table\"><table><tbody><tr><td rowspan=\"2\"><strong>4\u00a0<\/strong><\/td><td colspan=\"3\"><strong>Homicidios\u00a0\u00a0<\/strong><\/td><td colspan=\"3\"><strong>Heridos\u00a0\u00a0<\/strong><\/td><td colspan=\"3\"><strong>Ilesos\u00a0<\/strong><\/td><td rowspan=\"2\"><strong>Total\u00a0<\/strong><\/td><\/tr><tr><td><strong>H\u00a0\u00a0<\/strong><\/td><td>M&nbsp;&nbsp;<\/td><td>Sub total&nbsp;&nbsp;<\/td><td>H&nbsp;&nbsp;<\/td><td>M&nbsp;&nbsp;<\/td><td>Sub total&nbsp;&nbsp;<\/td><td>H&nbsp;<\/td><td>M&nbsp;<\/td><td>Sub&nbsp;total&nbsp;<\/td><\/tr><tr><td>Zamora&nbsp;&nbsp;<\/td><td><strong>18<\/strong>\u00a0<\/td><td>4&nbsp;<\/td><td><strong>22&nbsp;<\/strong><\/td><td>9&nbsp;<\/td><td>0&nbsp;<\/td><td><strong>9&nbsp;<\/strong><\/td><td>0&nbsp;<\/td><td>0&nbsp;<\/td><td><strong>0&nbsp;<\/strong><\/td><td><strong>31&nbsp;<\/strong><\/td><\/tr><tr><td>Jacona&nbsp;&nbsp;<\/td><td><strong>2\u00a0<\/strong><\/td><td><strong>3<\/strong>\u00a0<\/td><td><strong>5&nbsp;<\/strong><\/td><td>3&nbsp;<\/td><td>1&nbsp;<\/td><td><strong>4&nbsp;<\/strong><\/td><td>0&nbsp;<\/td><td>0&nbsp;<\/td><td>0&nbsp;<\/td><td><strong>9&nbsp;<\/strong><\/td><\/tr><tr><td>Total&nbsp;<\/td><td><strong>20<\/strong>\u00a0<\/td><td><strong>7\u00a0<\/strong><\/td><td><strong>27&nbsp;<\/strong><\/td><td>12&nbsp;<\/td><td>1&nbsp;<\/td><td><strong>13&nbsp;<\/strong><\/td><td>0&nbsp;<\/td><td>0&nbsp;<\/td><td><strong>0&nbsp;<\/strong><\/td><td><strong>40&nbsp;<\/strong><\/td><\/tr><\/tbody><\/table><\/figure>\n\n\n\n<p><strong>Fuentes:\u00a0Elaboraci\u00f3n propia EH, JLS, RG. Alerta Ciudadana, Red 113, Informativo Zamora, Convexo Noticias, Mundo Zamorano, Contra Corriente. 1-011-2022.\u00a0<\/strong><\/p>\n\n\n\n<p><strong><em>El duod\u00e9cimo mes registr\u00f3 27 homicidios y 13 tentativas de homicidio. De esas muertes, 22 (81.5%) se contabilizaron en Zamora y 5 (18.5%) en Jacona. De acuerdo el g\u00e9nero, 20 eran hombres y 7, mujeres. La tasa de mortalidad\u00a0\u00a0es 13.17 por cada cien mil habitantes.\u00a0<\/em><\/strong><\/p>\n\n\n\n<p style=\"font-size:25px\"><strong>En cuanto a los heridos, 9 se registraron en Zamora (75%) y 3 (25%) en Jacona. Casi todos\u00a0\u00a0(93.2%) hombres.\u00a0<\/strong><\/p>\n\n\n\n<p><strong><em>De las\u00a0\u00a0particularidades decembrinas, resalta lo siguiente: 1). Dos oficiales de la polic\u00eda asesinados, un masculino de 40 a\u00f1os, pleno d\u00eda en un lugar c\u00e9ntrico como es 5 de Mayo y Ju\u00e1rez (domingo 3-12-23), otro caso, mujer polic\u00eda de 34 a\u00f1os en Netzahualcoyotl- Camino Ario\u00a0\u00a0(domingo 17-12-23); 2) alta proporci\u00f3n (26%) de mujeres privadas de la vida; una de ellas por situaciones pasionales; 3).Dos menores de edad: Emiliano, 16 a\u00f1os, fallecido, San Pablo (domingo 10-12-23)\u00a0\u00a0y Oscar, 12 a\u00f1os, herido,\u00a0\u00a0La Libertad (domingo 17-12-23); 4). El noroeste\u00a0\u00a0(La Libertad, Valencia, Ario) sigue aportando una alta proporci\u00f3n de v\u00edctimas (16\/40 = 40%); 5) un adulto mayor: Jes\u00fas, 74 a\u00f1os, fallecido (Col. Revoluci\u00f3n, 13-12-23).\u00a0<\/em><\/strong><\/p>\n\n\n\n<p style=\"font-size:30px\"><strong>Una mirada comparativa\u00a0<\/strong><\/p>\n\n\n\n<p><strong><em>Bajo los mismos procedimientos conque hemos dado seguimiento a los homicidios registrados por los medios desde\u00a0\u00a02014 en Zamora-Jacona y con mayor atenci\u00f3n a partir de 2026, dir\u00eda con algo de sustento que de noviembre a diciembre las cifras de violencia subieron: noviembre 17 homicidios y 12 heridos (Tabla 2); diciembre, 27 y 13; noviembre 29 v\u00edctimas totales y diciembre 40. \u00a0<\/em><\/strong><\/p>\n\n\n\n<p><strong><em>Visto as\u00ed, sin duda los homicidios intencionales han crecido, pero esa perspectiva no ayuda mucho para comprender y valorar estos procesos.\u00a0En un corte de 8 a\u00f1os, observamos una curva que aumenta a 647 decesos en 2021, baja a 548 en 2021 y marca 286 en 2023\u00a0(Tabla 3).<\/em><\/strong><\/p>\n\n\n\n<p><strong><em>En ese lapso estimamos una media mensual de 54.8 v\u00edctimas; 33.48 homicidios; 19.71 tentativas y 1.59 ilesos.\u00a0<\/em><\/strong><\/p>\n\n\n\n<p><strong><em>Subrayo: una media mensual de 23.83 muertes violentas no es una cifra para aplaudir, pero la media en los ocho a\u00f1os es de 33.48. No hay duda de un importante descenso.\u00a0<\/em><\/strong><\/p>\n\n\n\n<p><strong>Tabla 2. Homicidios y heridos dolosos registrados en Zamora y Jacona.\u00a0Noviembre de 2023\u00a0<\/strong><\/p>\n\n\n\n<figure class=\"wp-block-table\"><table><tbody><tr><td rowspan=\"2\">&nbsp;Municipio&nbsp;&nbsp;<\/td><td colspan=\"3\">Homicidios&nbsp;&nbsp;<\/td><td colspan=\"3\">Heridos&nbsp;&nbsp;<\/td><td colspan=\"3\">Ilesos&nbsp;<\/td><td rowspan=\"2\">Total&nbsp;<\/td><\/tr><tr><td>H&nbsp;&nbsp;<\/td><td>M&nbsp;&nbsp;<\/td><td>Sub total&nbsp;&nbsp;<\/td><td>H&nbsp;&nbsp;<\/td><td>M&nbsp;&nbsp;<\/td><td>Sub total&nbsp;&nbsp;<\/td><td>H&nbsp;<\/td><td>M&nbsp;<\/td><td>Sub&nbsp;total&nbsp;<\/td><\/tr><tr><td>Zamora&nbsp;&nbsp;<\/td><td>11&nbsp;<\/td><td>2&nbsp;<\/td><td><strong>13&nbsp;<\/strong><\/td><td>7&nbsp;<\/td><td>0&nbsp;<\/td><td><strong>7&nbsp;<\/strong><\/td><td>0&nbsp;<\/td><td>0&nbsp;<\/td><td><strong>0&nbsp;<\/strong><\/td><td><strong>20&nbsp;<\/strong><\/td><\/tr><tr><td>Jacona&nbsp;&nbsp;<\/td><td>*3&nbsp;<\/td><td>1&nbsp;<\/td><td><strong>4&nbsp;<\/strong><\/td><td>5&nbsp;<\/td><td>0&nbsp;<\/td><td><strong>5&nbsp;<\/strong><\/td><td>0&nbsp;<\/td><td>0&nbsp;<\/td><td>0&nbsp;<\/td><td><strong>9&nbsp;<\/strong><\/td><\/tr><tr><td>Total&nbsp;<\/td><td>14&nbsp;<\/td><td>3&nbsp;<\/td><td><strong>17&nbsp;<\/strong><\/td><td>12&nbsp;<\/td><td>0&nbsp;<\/td><td><strong>12&nbsp;<\/strong><\/td><td>0&nbsp;<\/td><td>0&nbsp;<\/td><td><strong>0&nbsp;<\/strong><\/td><td><strong>29&nbsp;<\/strong><\/td><\/tr><\/tbody><\/table><\/figure>\n\n\n\n<p><strong>Fuentes:\u00a0Elaboraci\u00f3n propia EH, JLS, RG. Alerta Ciudadana, Red 113, Informativo Zamora, Convexo Noticias, Mundo Zamorano, Contra Corriente. 1-011-2022, El Pregonero de Zamora.\u00a0<\/strong><\/p>\n\n\n\n<p><strong>Tabla 3.\u00a0Homicidios dolosos, heridos e ilesos registrados por la prensa, 2016-2023\u00a0<\/strong><\/p>\n\n\n\n<figure class=\"wp-block-table\"><table><tbody><tr><td rowspan=\"2\">A\u00f1o&nbsp;<\/td><td rowspan=\"2\">Total&nbsp;<\/td><td colspan=\"3\">Situaci\u00f3n v\u00edctima&nbsp;<\/td><\/tr><tr><td>Deceso&nbsp;<\/td><td>Herido&nbsp;<\/td><td>Ileso&nbsp;<\/td><\/tr><tr><td>2016&nbsp;<\/td><td>356&nbsp;<\/td><td>218&nbsp;<\/td><td>134&nbsp;<\/td><td>4&nbsp;<\/td><\/tr><tr><td>2017&nbsp;<\/td><td>301&nbsp;<\/td><td>186&nbsp;<\/td><td>114&nbsp;<\/td><td>1&nbsp;<\/td><\/tr><tr><td>2018&nbsp;<\/td><td>528&nbsp;<\/td><td>316&nbsp;<\/td><td>196&nbsp;<\/td><td>16&nbsp;<\/td><\/tr><tr><td>2019&nbsp;<\/td><td>810&nbsp;<\/td><td>470&nbsp;<\/td><td>322&nbsp;<\/td><td>18&nbsp;<\/td><\/tr><tr><td>2020&nbsp;<\/td><td>894&nbsp;<\/td><td>544&nbsp;<\/td><td>328&nbsp;<\/td><td>22&nbsp;<\/td><\/tr><tr><td>2021&nbsp;<\/td><td>978&nbsp;<\/td><td>647&nbsp;<\/td><td>306&nbsp;<\/td><td>25&nbsp;<\/td><\/tr><tr><td>2022&nbsp;<\/td><td>893&nbsp;<\/td><td>548&nbsp;<\/td><td>307&nbsp;<\/td><td>38&nbsp;<\/td><\/tr><tr><td>2023&nbsp;<\/td><td>501&nbsp;<\/td><td>286&nbsp;<\/td><td>186&nbsp;<\/td><td>29&nbsp;<\/td><\/tr><tr><td>Total&nbsp;<\/td><td>5,261&nbsp;<\/td><td>3,215&nbsp;<\/td><td>1893&nbsp;<\/td><td>153&nbsp;<\/td><\/tr><tr><td>Mes&nbsp;<\/td><td>54.8&nbsp;<\/td><td><strong>33.48&nbsp;<\/strong><\/td><td><strong>19.71&nbsp;<\/strong><\/td><td>1.59&nbsp;<\/td><\/tr><\/tbody><\/table><\/figure>\n\n\n\n<p><strong><em>Fuente: Elaboraci\u00f3n propia EH, RG, JLS, con base en Denuncia Ciudadana, Informativo Zamora, Noticias Alerta Michoac\u00e1n, Contra Corriente, 90 Grados, Red 113, El Independiente,\u00a0\u00a0El Pregonero TV, Cambio de Michoac\u00e1n y diversos portales de redes sociales.\u00a0<\/em><\/strong><\/p>\n\n\n\n<p style=\"font-size:30px\"><strong>\u00bfQu\u00e9 esperar?\u00a0<\/strong><\/p>\n\n\n\n<p><strong><em>Aunque existe el riesgo real de sub registro, hay signos de una baja en los homicidios dolosos en Zamora-Jacona. Es posible que las medidas aplicadas por las autoridades est\u00e9n dando resultados y quiz\u00e1 tambi\u00e9n el Se\u00f1or ha escuchado la plegaria de las familias de 3215 fallecidos y 1893 heridos en 2016-2023.\u00a0<\/em><\/strong><\/p>\n\n\n\n<p><strong>Creyentes y ateos circunstanciales, te rogamos Se\u00f1or: Ten piedad de nosotros \u2026\u00a0<\/strong><\/p>\n\n\n\n<p><strong><em>Zamora, Michoac\u00e1n, enero 6 de 2024, D\u00eda de los Reyes Magos\u00a0<\/em><\/strong><\/p>\n\n\n\n<p><strong>seefoo@colmich.edu.mx\u00a0<\/strong><\/p>\n","protected":false},"excerpt":{"rendered":"<p>Jos\u00e9 Luis Seefo\u00f3 Luj\u00e1n, profesor investigador del COLMICH \/ Para El Pregonero TV Zamora, Mich., 6\/enero\/2024.- Para un \u201cno creyente\u201d o creyente seg\u00fan las urgencias, la s\u00faplica profunda \u201cCristo, ten piedad de nosotros\u201d cobra mayor significado cuando en 2023 se visitan con m\u00e1s frecuencia hospitales,\u00a0\u00a0templos y cementerios y cuando se registran 286 homicidios intencionales perpetrados [&hellip;]<\/p>\n","protected":false},"author":2,"featured_media":8720,"comment_status":"open","ping_status":"open","sticky":false,"template":"","format":"standard","meta":{"footnotes":"","_rishi_post_view_count":830},"categories":[1],"tags":[401],"class_list":["post-8719","post","type-post","status-publish","format-standard","has-post-thumbnail","hentry","category-opinion","tag-senor"],"comments_count":"0","_links":{"self":[{"href":"https:\/\/elpregonerodezamora.com\/index.php\/wp-json\/wp\/v2\/posts\/8719","targetHints":{"allow":["GET"]}}],"collection":[{"href":"https:\/\/elpregonerodezamora.com\/index.php\/wp-json\/wp\/v2\/posts"}],"about":[{"href":"https:\/\/elpregonerodezamora.com\/index.php\/wp-json\/wp\/v2\/types\/post"}],"author":[{"embeddable":true,"href":"https:\/\/elpregonerodezamora.com\/index.php\/wp-json\/wp\/v2\/users\/2"}],"replies":[{"embeddable":true,"href":"https:\/\/elpregonerodezamora.com\/index.php\/wp-json\/wp\/v2\/comments?post=8719"}],"version-history":[{"count":1,"href":"https:\/\/elpregonerodezamora.com\/index.php\/wp-json\/wp\/v2\/posts\/8719\/revisions"}],"predecessor-version":[{"id":8721,"href":"https:\/\/elpregonerodezamora.com\/index.php\/wp-json\/wp\/v2\/posts\/8719\/revisions\/8721"}],"wp:featuredmedia":[{"embeddable":true,"href":"https:\/\/elpregonerodezamora.com\/index.php\/wp-json\/wp\/v2\/media\/8720"}],"wp:attachment":[{"href":"https:\/\/elpregonerodezamora.com\/index.php\/wp-json\/wp\/v2\/media?parent=8719"}],"wp:term":[{"taxonomy":"category","embeddable":true,"href":"https:\/\/elpregonerodezamora.com\/index.php\/wp-json\/wp\/v2\/categories?post=8719"},{"taxonomy":"post_tag","embeddable":true,"href":"https:\/\/elpregonerodezamora.com\/index.php\/wp-json\/wp\/v2\/tags?post=8719"}],"curies":[{"name":"wp","href":"https:\/\/api.w.org\/{rel}","templated":true}]}}