{"id":5803,"date":"2023-04-10T18:57:20","date_gmt":"2023-04-10T18:57:20","guid":{"rendered":"https:\/\/elpregonerodezamora.com\/?p=5803"},"modified":"2023-04-10T18:57:20","modified_gmt":"2023-04-10T18:57:20","slug":"la-luz-recomprar-lo-que-otros-vendieron","status":"publish","type":"post","link":"https:\/\/elpregonerodezamora.com\/index.php\/2023\/04\/10\/la-luz-recomprar-lo-que-otros-vendieron\/","title":{"rendered":"LA LUZ&#8230;, RECOMPRAR LO QUE OTROS VENDIERON"},"content":{"rendered":"\n<p><strong>LA ECONOM\u00cdA Y USTED&#8230;\u00a0 \u00a0<\/strong><\/p>\n\n\n\n<p><strong>Eliseo Castillo<\/strong><\/p>\n\n\n\n<p>\u00a0 \u00a0 \u00a0 \u00a0 \u00a0 \u00a0 \u00a0 \u00a0 \u00a0 \u00a0 \u00a0 \u00a0 \u00a0 \u00a0 \u00a0 \u00a0 \u00a0 \u00a0 \u00a0 \u00a0 \u00a0 \u00a0 \u00a0 \u00a0 \u00a0 \u00a0 <strong>\u00a0 \u00a0<\/strong><\/p>\n\n\n\n<p>\u00a0 \u00a0 \u00a0 \u00a0 \u00a0 \u00a0 \u00a0 \u00a0 \u00a0 \u00a0 \u00a0 \u00a0 \u00a0 \u00a0 \u00a0 \u00a0 \u00a0 \u00a0 \u00a0 \u00a0 \u00a0 \u00a0 \u00a0 \u00a0 \u00a0 \u00a0 \u00a0 \u00a0 \u00a0 \u00a0 \u00a0 \u00a0 \u00a0 \u00a0 \u00a0 \u00a0 \u00a0<strong>      A TU RECUERDO<\/strong><\/p>\n\n\n\n<p>\u00a0 \u00a0 \u00a0 \u00a0 \u00a0 \u00a0 \u00a0 \u00a0 \u00a0 \u00a0 \u00a0 \u00a0 \u00a0 \u00a0 \u00a0 \u00a0 \u00a0 \u00a0 \u00a0 \u00a0 \u00a0 \u00a0 \u00a0 \u00a0 \u00a0 \u00a0 \u00a0 \u00a0 \u00a0 \u00a0 \u00a0 <strong><em>&#8220;No has de ser bruma o cortina al olvido,<\/em><\/strong><\/p>\n\n\n\n<p>\u00a0 \u00a0 \u00a0 \u00a0 \u00a0 \u00a0 \u00a0 \u00a0 \u00a0 \u00a0 \u00a0 \u00a0 \u00a0 \u00a0 \u00a0 \u00a0 \u00a0 \u00a0 \u00a0 \u00a0 \u00a0 \u00a0 \u00a0 \u00a0 \u00a0 \u00a0 \u00a0 \u00a0 \u00a0 \u00a0<strong><em> \u00a0 no ser\u00e1s p\u00e1gina vieja de un aburrido libro,<\/em><\/strong><\/p>\n\n\n\n<p>\u00a0 \u00a0 \u00a0 \u00a0 \u00a0 \u00a0 \u00a0 \u00a0 \u00a0 \u00a0 \u00a0 \u00a0 \u00a0 \u00a0 \u00a0 \u00a0 \u00a0 \u00a0 \u00a0 \u00a0 \u00a0 \u00a0 \u00a0 \u00a0 \u00a0 \u00a0 \u00a0 \u00a0 \u00a0 \u00a0<strong><em> \u00a0 amor, que te repites al deseado infinito,<\/em><\/strong><\/p>\n\n\n\n<p>\u00a0 \u00a0 \u00a0 \u00a0 \u00a0 \u00a0 \u00a0 \u00a0 \u00a0 \u00a0 \u00a0 \u00a0 \u00a0 \u00a0 \u00a0 \u00a0 \u00a0 \u00a0 \u00a0 \u00a0 \u00a0 \u00a0 \u00a0 \u00a0 \u00a0 \u00a0 \u00a0 \u00a0 \u00a0 \u00a0 \u00a0 <strong><em>ser\u00e1s desgastada a cada paso,<\/em><\/strong><\/p>\n\n\n\n<p>\u00a0 \u00a0 \u00a0 \u00a0 \u00a0 \u00a0 \u00a0 \u00a0 \u00a0 \u00a0 \u00a0 \u00a0 \u00a0 \u00a0 \u00a0 \u00a0 \u00a0 \u00a0 \u00a0 \u00a0 \u00a0 \u00a0 \u00a0 \u00a0 \u00a0 \u00a0 \u00a0 \u00a0 \u00a0 \u00a0 \u00a0 <strong><em>ser\u00e1s cada instante sin duda, amada, acaso,<\/em><\/strong><\/p>\n\n\n\n<p>\u00a0 \u00a0 \u00a0 \u00a0 \u00a0 \u00a0 \u00a0 \u00a0 \u00a0 \u00a0 \u00a0 \u00a0 \u00a0 \u00a0 \u00a0 \u00a0 \u00a0 \u00a0 \u00a0 \u00a0 \u00a0 \u00a0 \u00a0 \u00a0 \u00a0 \u00a0 \u00a0 \u00a0 \u00a0 \u00a0 \u00a0 <strong><em>imagen que guardo y atrapo,<\/em><\/strong><\/p>\n\n\n\n<p>\u00a0 \u00a0 \u00a0 \u00a0 \u00a0 \u00a0 \u00a0 \u00a0 \u00a0 \u00a0 \u00a0 \u00a0 \u00a0 \u00a0 \u00a0 \u00a0 \u00a0 \u00a0 \u00a0 \u00a0 \u00a0 \u00a0 \u00a0 \u00a0 \u00a0 \u00a0 \u00a0 \u00a0 \u00a0 \u00a0 <strong><em>\u00a0 la mejor presa de estos mis brazos&#8221;&#8230;<\/em><\/strong><\/p>\n\n\n\n<p>\u00a0 \u00a0 \u00a0 \u00a0 \u00a0 \u00a0 \u00a0 \u00a0 \u00a0 \u00a0 \u00a0 \u00a0 \u00a0 \u00a0 \u00a0 \u00a0 \u00a0 \u00a0 \u00a0 \u00a0 \u00a0 \u00a0 \u00a0 \u00a0 \u00a0 \u00a0 \u00a0 \u00a0 \u00a0 \u00a0 \u00a0 \u00a0 \u00a0 \u00a0 \u00a0 \u00a0 \u00a0 \u00a0 \u00a0 \u00a0 \u00a0 \u00a0 \u00a0 <strong>el\u00edseo.<\/strong><\/p>\n\n\n\n<p><strong><em>Este pasado mi\u00e9rcoles 5 de abril de 2023, la prensa nacional se despert\u00f3 con la noticia, en algunos casos a ocho columnas (como es el caso del diario La Jornada) sobre la informaci\u00f3n acerca de que un d\u00eda antes, el martes 4, se hab\u00eda firmado el convenio de compra-venta de 13 plantas de generaci\u00f3n de luz a la empresa internacional (trasnacional) de origen espa\u00f1ol, Iberdrola, como una forma de recuperar en parte el mercado que se hab\u00eda entregado a manos e intereses de empresas privadas.<\/em><\/strong><\/p>\n\n\n\n<p><strong><em>Desde luego, dependiendo de la postura ideol\u00f3gica de cada diario, as\u00ed fue su reacci\u00f3n; desde posturas extremas calificando de acciones con tistes estatistas comunistas, hasta las m\u00e1s sensatas, como el ver la acci\u00f3n como una forma de recuperaci\u00f3n de parte de un mercado catalogado como estrat\u00e9gico para la estabilidad, tanto del servicio, como de la econom\u00eda nacional.<\/em><\/strong><\/p>\n\n\n\n<p><strong><em>Dada la diversidad ideol\u00f3gica nacional, los comentarios y calificativos se han multiplicado en los dos extremos; efectivamente ha sido una acci\u00f3n importante; dentro de las reglas del mercado, sin tener que usar decretos expropiatorios que pudieran calificarla como un acto unilateral; por el contrario, fue un acuerdo entre los gerentes de una empresa que cotiza en bolsa, y un gobierno interesado en mejorar su postura como proveedor de energ\u00eda para el consumo industrial y dom\u00e9stico.\u00a0<\/em><\/strong><\/p>\n\n\n\n<p><strong>EL IMPACTO REAL&#8230;<\/strong><\/p>\n\n\n\n<p><strong><em>Sin duda es una compra importante en favor del control del mercado de la energ\u00eda (en este caso de le llamada &#8220;energ\u00eda limpia&#8221;, gran mentira, no existe energ\u00eda limpia, pero as\u00ed se cataloga) que se distribuye y comercializa a nivel nacional; con esto la CFE (Comisi\u00f3n Federal de Electricidad) mejora su postura en el mercado, y se vuelve a posicionar como empresa dominante, con poder monop\u00f3lico, toda vez que, seg\u00fan el c\u00e1lculo general, pasar\u00e1 a controlar m\u00e1s menos un 55% del servicio en el pa\u00eds. Antes de la compra, la misma empresa controlaba m\u00e1s menos el 39%; por lo que el salto de poder sin duda es notable.<\/em><\/strong><\/p>\n\n\n\n<p><strong><em>Con esto se espera no depender de la generaci\u00f3n de energ\u00eda de empresas privadas; por el contrario, que estas regresen a su papel de generadoras complementarias, pero con la etiqueta de no estrat\u00e9gicas; no se les proh\u00edbe hacer negocios; en ideas m\u00e1s o menos afines a las de la presidencia de la rep\u00fablica; lo que se busca es que estas no sean las fijadoras de los precios nacionales de energ\u00eda; que sea la CFE la que lo haga, regresando al lema tradicional registrado originalmente en la constituci\u00f3n (que desde Carlos Salinas 1988-94, se fue quitando poco a poco de la misma, con la idea de privatizar los bienes que se proteg\u00edan en el art\u00edculo 27 constitucional fundamentalmente) de que la energ\u00eda forma parte de los &#8220;recursos estrat\u00e9gicos de la naci\u00f3n&#8221;.<\/em><\/strong><\/p>\n\n\n\n<p><strong><em>De alguna manera, esa es la sustancia efectiva del acto de compra-venta; su impacto comercial aun lo desconocemos, s\u00f3lo el tiempo lo va a decir.<\/em><\/strong><\/p>\n\n\n\n<p><strong>LA GUERRA DE LAS DECLARACIONES IDEOL\u00d3GICAS&#8230;<\/strong><\/p>\n\n\n\n<p><strong><em>Como se ha vuelto costumbre, la oposici\u00f3n que hasta hace un a\u00f1o hablaba maravillas de la empresa espa\u00f1ola Iberdrola, y la generaci\u00f3n de supuestas &#8220;energ\u00edas limpias&#8221;, que en la pr\u00e1ctica no son limpias; han decidido que ni era cierto lo que dec\u00edan hasta hace unos d\u00edas; que en realidad lo que ha comprado el gobierno son un mont\u00f3n de fierros viejos, que nada aportan al mercado de la energ\u00eda el\u00e9ctrica&#8230;\u00a0\u00a1que para nada es un buen negocio&#8230;!\u00a0<\/em><\/strong><\/p>\n\n\n\n<p><strong><em>\u00bfRecuerda usted la mala propaganda que hicieron ante la compra de otros &#8220;fierros viejos&#8221; en la refiner\u00eda de Texas? esa que en poco tiempo se pag\u00f3 a s\u00ed misma, gener\u00f3 gasolinas y di\u00e9sel para M\u00e9xico, y ahora ya ofrece ganancias&#8230;?<\/em><\/strong><\/p>\n\n\n\n<p><strong><em>En palabras del presidente AMLO, la idea no ha sido hacer buenos o malos negocios; los gobiernos deben cuidar por encima de las ganancias empresariales, los mejores servicios posibles; claro, tampoco se tiene la idea de jugar a perder a ojos cerrados; en primer lugar debe asegurarse el servicio (el agua, la luz, la energ\u00eda en general no deben privatizarse mientras sea posible, mientras no se tengan gobiernos formados en las universidades norteamericanas donde les ense\u00f1an que el mejor negocio es vender m\u00e1s de lo que el mercado acepte; la tierra, el agua, la casa, hasta la familia si se puede vender).<\/em><\/strong><\/p>\n\n\n\n<p><strong><em>El problema es que desde Salinas, hemos tenido presidentes formados por estas universidades, o empleados de ellos, como Fox gerente de Coca cola, y Calder\u00f3n enemigo declarado del cardenismo y todo lo que se parezca a ideas democr\u00e1ticas nacionalistas; recordemos que su herencia &#8220;cristera&#8221; es total; su padre fue combatiente en favor de la iglesia cat\u00f3lica contra el gobierno en la &#8220;cristeada&#8221; (1926-29), y formador del PAN en 1939, con la \u00fanica misi\u00f3n de atacar al gobierno del presidente L\u00e1zaro C\u00e1rdenas; tal es el origen del PAN.\u00a0<\/em><\/strong><\/p>\n\n\n\n<p><strong><em>Por lo que no es raro, que, durante estos gobiernos, las empresas estrat\u00e9gicas de la naci\u00f3n fueran llegando a manos de empresarios privados; donde se busc\u00f3 de manera abierta la ganancia al costo que fuera; al parecer, mediando suculentas ganancias para las primeras l\u00edneas de los gobernantes y sus amigos.<\/em><\/strong><\/p>\n\n\n\n<p><strong><em>Cuando se afirma que Iberdrola es muy buena empresa generadora de energ\u00edas limpias; no es que se informara la verdad en general; pero de alguna manera, los opositores al gobierno se ufanaban de presumir que los privados lo hacen mejor&#8230;; unos d\u00edas despu\u00e9s, se anuncia que el gobierno, no la CFE, el gobierno, por medio de Hacienda, sin generar m\u00e1s deuda; usando unos 6 000 millones de d\u00f3lares de caja; es decir, que se dispone de los recursos para pagar la compra; por lo que funcionar\u00e1 de manera &#8220;solidaria&#8221; con la CFE.<\/em><\/strong><\/p>\n\n\n\n<p><strong>As\u00ed de simple.<\/strong><\/p>\n\n\n\n<p><strong><em>Para que tanto grito y mentadas de madre gratis, si ya tenemos la canasta llena de estas salerosas expresiones, cuando nos molesta otra persona; en este caso, en cuestiones ideol\u00f3gicas.<\/em><\/strong><\/p>\n\n\n\n<p><strong><em>Solamente es una compra estrat\u00e9gica de un servicio crecientemente necesario; y no hay forma de evitarlo; entre m\u00e1s controle el Estado, menos riego habr\u00e1 de caer en manos de empresas privadas&#8230;, como les pasa hoy en Europa, ahorcados en su econom\u00eda familiar por el pago exagerado del servicio.<\/em><\/strong><\/p>\n\n\n\n<p><strong><em>Si ellos metieron la pata y est\u00e1n arrepentidos&#8230; \u00a1M\u00e9xico iba por el mismo camino hasta 2018)<\/em><\/strong><\/p>\n","protected":false},"excerpt":{"rendered":"<p>LA ECONOM\u00cdA Y USTED&#8230;\u00a0 \u00a0 Eliseo Castillo \u00a0 \u00a0 \u00a0 \u00a0 \u00a0 \u00a0 \u00a0 \u00a0 \u00a0 \u00a0 \u00a0 \u00a0 \u00a0 \u00a0 \u00a0 \u00a0 \u00a0 \u00a0 \u00a0 \u00a0 \u00a0 \u00a0 \u00a0 \u00a0 \u00a0 \u00a0 \u00a0 \u00a0 \u00a0 \u00a0 \u00a0 \u00a0 \u00a0 \u00a0 \u00a0 \u00a0 \u00a0 \u00a0 \u00a0 \u00a0 \u00a0 \u00a0 \u00a0 \u00a0 \u00a0 \u00a0 \u00a0 \u00a0 [&hellip;]<\/p>\n","protected":false},"author":2,"featured_media":5804,"comment_status":"open","ping_status":"open","sticky":false,"template":"","format":"standard","meta":{"footnotes":"","_rishi_post_view_count":762},"categories":[1],"tags":[88],"class_list":["post-5803","post","type-post","status-publish","format-standard","has-post-thumbnail","hentry","category-opinion","tag-la-luz"],"comments_count":"0","_links":{"self":[{"href":"https:\/\/elpregonerodezamora.com\/index.php\/wp-json\/wp\/v2\/posts\/5803","targetHints":{"allow":["GET"]}}],"collection":[{"href":"https:\/\/elpregonerodezamora.com\/index.php\/wp-json\/wp\/v2\/posts"}],"about":[{"href":"https:\/\/elpregonerodezamora.com\/index.php\/wp-json\/wp\/v2\/types\/post"}],"author":[{"embeddable":true,"href":"https:\/\/elpregonerodezamora.com\/index.php\/wp-json\/wp\/v2\/users\/2"}],"replies":[{"embeddable":true,"href":"https:\/\/elpregonerodezamora.com\/index.php\/wp-json\/wp\/v2\/comments?post=5803"}],"version-history":[{"count":1,"href":"https:\/\/elpregonerodezamora.com\/index.php\/wp-json\/wp\/v2\/posts\/5803\/revisions"}],"predecessor-version":[{"id":5805,"href":"https:\/\/elpregonerodezamora.com\/index.php\/wp-json\/wp\/v2\/posts\/5803\/revisions\/5805"}],"wp:featuredmedia":[{"embeddable":true,"href":"https:\/\/elpregonerodezamora.com\/index.php\/wp-json\/wp\/v2\/media\/5804"}],"wp:attachment":[{"href":"https:\/\/elpregonerodezamora.com\/index.php\/wp-json\/wp\/v2\/media?parent=5803"}],"wp:term":[{"taxonomy":"category","embeddable":true,"href":"https:\/\/elpregonerodezamora.com\/index.php\/wp-json\/wp\/v2\/categories?post=5803"},{"taxonomy":"post_tag","embeddable":true,"href":"https:\/\/elpregonerodezamora.com\/index.php\/wp-json\/wp\/v2\/tags?post=5803"}],"curies":[{"name":"wp","href":"https:\/\/api.w.org\/{rel}","templated":true}]}}