{"id":5799,"date":"2023-04-09T02:00:15","date_gmt":"2023-04-09T02:00:15","guid":{"rendered":"https:\/\/elpregonerodezamora.com\/?p=5799"},"modified":"2023-04-09T02:00:16","modified_gmt":"2023-04-09T02:00:16","slug":"la-sed","status":"publish","type":"post","link":"https:\/\/elpregonerodezamora.com\/index.php\/2023\/04\/09\/la-sed\/","title":{"rendered":"LA SED&#8230;"},"content":{"rendered":"\n<p><strong>Pbro. Doctor Alfonso Verduzco Pardo<\/strong><\/p>\n\n\n\n<p><strong>Ahora que estamos en Semana Santa, quiero transcribir un poema de Amado Nervo que se encuentra en el libro &#8221; El Estanque de los Lotos&#8221; y el poema se llama la Sed y dice as\u00ed, lo dir\u00e9 de memoria: <\/strong><\/p>\n\n\n\n<p><strong><em>&#8220;In\u00fatil la fiebre que aviva tu paso.<\/em><\/strong><\/p>\n\n\n\n<p><strong><em>No hay fuente que pueda saciar tu ansiedad,<\/em><\/strong><\/p>\n\n\n\n<p><strong><em>Por mucho que bebas, el alma es un vaso<\/em><\/strong><\/p>\n\n\n\n<p><strong><em>que s\u00f3lo se llena con eternidad<\/em><\/strong><\/p>\n\n\n\n<p><strong><em>!Qu\u00e9 m\u00edsero eres&#8230;! Basta un soplo fr\u00edo<\/em><\/strong><\/p>\n\n\n\n<p><strong><em>para helarte&#8230; cabes en un ata\u00fad<\/em><\/strong><\/p>\n\n\n\n<p><strong><em>y, en cambio, a tus vuelos es corto el vac\u00edo<\/em><\/strong><\/p>\n\n\n\n<p><strong><em>y la luz muy tarda para tu inquietud.<\/em><\/strong><\/p>\n\n\n\n<p><strong><em>\u00bfQui\u00e9n pudo encerrarte, misteriosa esencia,<\/em><\/strong><\/p>\n\n\n\n<p><strong><em>entre las paredes de un vil cr\u00e1neo, qui\u00e9n<\/em><\/strong><\/p>\n\n\n\n<p><strong><em>es el carcelero que con la existencia<\/em><\/strong><\/p>\n\n\n\n<p><strong><em>te cort\u00f3 las alas \u00bf Por qu\u00e9 tu conciencia<\/em><\/strong><\/p>\n\n\n\n<p><strong><em>si es luz de una hora, busca el Sumo Bien?<\/em><\/strong><\/p>\n\n\n\n<p><strong><em>Displicente marchas del orto al ocaso&#8230;<\/em><\/strong><\/p>\n\n\n\n<p><strong><em>No hay fuente que pueda saciar tu ansiedad<\/em><\/strong><\/p>\n\n\n\n<p><strong><em>por mucho que bebas, el alma es un vaso<\/em><\/strong><\/p>\n\n\n\n<p><strong><em>que s\u00f3lo se llena con eternidad<\/em><\/strong>&#8220;<\/p>\n\n\n\n<p><strong>El ser humano ( hombre o mujer ) tiene deseos de ser feliz eternamente porque ese deseo que tenemos en nuestro coraz\u00f3n es un regalo de Dios y que s\u00f3lo El puede llenar plenamente.<\/strong><\/p>\n\n\n\n<p><strong>En nuestra propia vida nos perdemos buscando la felicidad en otras personas, en otros lugares y es en vano nuestra b\u00fasqueda hasta que caemos a la cuenta de nuestros errores y volvemos por el camino que el mismo Dios nos traza<\/strong><\/p>\n\n\n\n<p><\/p>\n","protected":false},"excerpt":{"rendered":"<p>Pbro. Doctor Alfonso Verduzco Pardo Ahora que estamos en Semana Santa, quiero transcribir un poema de Amado Nervo que se encuentra en el libro &#8221; El Estanque de los Lotos&#8221; y el poema se llama la Sed y dice as\u00ed, lo dir\u00e9 de memoria: &#8220;In\u00fatil la fiebre que aviva tu paso. No hay fuente que [&hellip;]<\/p>\n","protected":false},"author":2,"featured_media":5800,"comment_status":"open","ping_status":"open","sticky":false,"template":"","format":"standard","meta":{"footnotes":"","_rishi_post_view_count":763},"categories":[77],"tags":[],"class_list":["post-5799","post","type-post","status-publish","format-standard","has-post-thumbnail","hentry","category-arte-y-cultura"],"comments_count":"0","_links":{"self":[{"href":"https:\/\/elpregonerodezamora.com\/index.php\/wp-json\/wp\/v2\/posts\/5799","targetHints":{"allow":["GET"]}}],"collection":[{"href":"https:\/\/elpregonerodezamora.com\/index.php\/wp-json\/wp\/v2\/posts"}],"about":[{"href":"https:\/\/elpregonerodezamora.com\/index.php\/wp-json\/wp\/v2\/types\/post"}],"author":[{"embeddable":true,"href":"https:\/\/elpregonerodezamora.com\/index.php\/wp-json\/wp\/v2\/users\/2"}],"replies":[{"embeddable":true,"href":"https:\/\/elpregonerodezamora.com\/index.php\/wp-json\/wp\/v2\/comments?post=5799"}],"version-history":[{"count":1,"href":"https:\/\/elpregonerodezamora.com\/index.php\/wp-json\/wp\/v2\/posts\/5799\/revisions"}],"predecessor-version":[{"id":5801,"href":"https:\/\/elpregonerodezamora.com\/index.php\/wp-json\/wp\/v2\/posts\/5799\/revisions\/5801"}],"wp:featuredmedia":[{"embeddable":true,"href":"https:\/\/elpregonerodezamora.com\/index.php\/wp-json\/wp\/v2\/media\/5800"}],"wp:attachment":[{"href":"https:\/\/elpregonerodezamora.com\/index.php\/wp-json\/wp\/v2\/media?parent=5799"}],"wp:term":[{"taxonomy":"category","embeddable":true,"href":"https:\/\/elpregonerodezamora.com\/index.php\/wp-json\/wp\/v2\/categories?post=5799"},{"taxonomy":"post_tag","embeddable":true,"href":"https:\/\/elpregonerodezamora.com\/index.php\/wp-json\/wp\/v2\/tags?post=5799"}],"curies":[{"name":"wp","href":"https:\/\/api.w.org\/{rel}","templated":true}]}}