{"id":5747,"date":"2023-04-05T19:21:18","date_gmt":"2023-04-05T19:21:18","guid":{"rendered":"https:\/\/elpregonerodezamora.com\/?p=5747"},"modified":"2023-04-05T19:21:19","modified_gmt":"2023-04-05T19:21:19","slug":"la-vida-y-el-negocio-de-la-muerte","status":"publish","type":"post","link":"https:\/\/elpregonerodezamora.com\/index.php\/2023\/04\/05\/la-vida-y-el-negocio-de-la-muerte\/","title":{"rendered":"LA VIDA Y EL NEGOCIO DE LA MUERTE&#8230;"},"content":{"rendered":"\n<p><strong>LA ECONOM\u00cdA Y USTED&#8230;\u00a0 \u00a0 \u00a0<\/strong><\/p>\n\n\n\n<p><strong>Eliseo Castillo<\/strong><\/p>\n\n\n\n<p>\u00a0 \u00a0 \u00a0 \u00a0 \u00a0 \u00a0 \u00a0 \u00a0 \u00a0 \u00a0 \u00a0 \u00a0 \u00a0 \u00a0 \u00a0 \u00a0 \u00a0 \u00a0 \u00a0 \u00a0 \u00a0 \u00a0 \u00a0 \u00a0 \u00a0 \u00a0 \u00a0 \u00a0 \u00a0 \u00a0 <\/p>\n\n\n\n<p>\u00a0 \u00a0 \u00a0 \u00a0 \u00a0 \u00a0 \u00a0 \u00a0 \u00a0 \u00a0 \u00a0 \u00a0 \u00a0 \u00a0 \u00a0 \u00a0 \u00a0 \u00a0 \u00a0 \u00a0 \u00a0 \u00a0 \u00a0 \u00a0 \u00a0 \u00a0 \u00a0 \u00a0 \u00a0 \u00a0 \u00a0 \u00a0 \u00a0 \u00a0 \u00a0 \u00a0 \u00a0 <strong>\u00a0LA SOMBRA TE ADIVINA<\/strong><\/p>\n\n\n\n<p>\u00a0 \u00a0 \u00a0 \u00a0 \u00a0 \u00a0 \u00a0 \u00a0 \u00a0 \u00a0 \u00a0 \u00a0 \u00a0 \u00a0 \u00a0 \u00a0 \u00a0 \u00a0 \u00a0 \u00a0 \u00a0 \u00a0 \u00a0 \u00a0 \u00a0 \u00a0 \u00a0 \u00a0 \u00a0 \u00a0 \u00a0 \u00a0 <strong><em>&#8220;Con la vieja historia del ma\u00f1ana,<\/em><\/strong><\/p>\n\n\n\n<p>\u00a0 \u00a0 \u00a0 \u00a0 \u00a0 \u00a0 \u00a0 \u00a0 \u00a0 \u00a0 \u00a0 \u00a0 \u00a0 \u00a0 \u00a0 \u00a0 \u00a0 \u00a0 \u00a0 \u00a0 \u00a0 \u00a0 \u00a0 \u00a0 \u00a0 \u00a0 \u00a0 \u00a0 \u00a0 \u00a0 \u00a0 \u00a0 <strong><em>llevada en las alforjas de la vida, camino,<\/em><\/strong><\/p>\n\n\n\n<p>\u00a0 \u00a0 \u00a0 \u00a0 \u00a0 \u00a0 \u00a0 \u00a0 \u00a0 \u00a0 \u00a0 \u00a0 \u00a0 \u00a0 \u00a0 \u00a0 \u00a0 \u00a0 \u00a0 \u00a0 \u00a0 \u00a0 \u00a0 \u00a0 \u00a0 \u00a0 \u00a0 \u00a0 \u00a0 \u00a0 \u00a0 \u00a0 <strong><em>con la sonrisa del anhelo ensayada,<\/em><\/strong><\/p>\n\n\n\n<p>\u00a0 \u00a0 \u00a0 \u00a0 \u00a0 \u00a0 \u00a0 \u00a0 \u00a0 \u00a0 \u00a0 \u00a0 \u00a0 \u00a0 \u00a0 \u00a0 \u00a0 \u00a0 \u00a0 \u00a0 \u00a0 \u00a0 \u00a0 \u00a0 \u00a0 \u00a0 \u00a0 \u00a0 \u00a0 \u00a0 \u00a0 \u00a0 <strong><em>con un pu\u00f1o de sue\u00f1os por esperanza,<\/em><\/strong><\/p>\n\n\n\n<p>\u00a0 \u00a0 \u00a0 \u00a0 \u00a0 \u00a0 \u00a0 \u00a0 \u00a0 \u00a0 \u00a0 \u00a0 \u00a0 \u00a0 \u00a0 \u00a0 \u00a0 \u00a0 \u00a0 \u00a0 \u00a0 \u00a0 \u00a0 \u00a0 \u00a0 \u00a0 \u00a0 \u00a0 \u00a0 \u00a0 \u00a0 \u00a0<strong><em>mientras te busco entre las sombras del recuerdo,<\/em><\/strong><\/p>\n\n\n\n<p>\u00a0 \u00a0 \u00a0 \u00a0 \u00a0 \u00a0 \u00a0 \u00a0 \u00a0 \u00a0 \u00a0 \u00a0 \u00a0 \u00a0 \u00a0 \u00a0 \u00a0 \u00a0 \u00a0 \u00a0 \u00a0 \u00a0 \u00a0 \u00a0 \u00a0 \u00a0 \u00a0 \u00a0 \u00a0 \u00a0 \u00a0 \u00a0<strong><em>como forma de destino te invoco,<\/em><\/strong><\/p>\n\n\n\n<p>\u00a0 \u00a0 \u00a0 \u00a0 \u00a0 \u00a0 \u00a0 \u00a0 \u00a0 \u00a0 \u00a0 \u00a0 \u00a0 \u00a0 \u00a0 \u00a0 \u00a0 \u00a0 \u00a0 \u00a0 \u00a0 \u00a0 \u00a0 \u00a0 \u00a0 \u00a0 \u00a0 \u00a0 \u00a0 \u00a0 \u00a0 \u00a0<strong><em>sin prisa hago camino&#8230;, te espero&#8221;&#8230;<\/em><\/strong><\/p>\n\n\n\n<p>\u00a0 \u00a0 \u00a0 \u00a0 \u00a0 \u00a0 \u00a0 \u00a0 \u00a0 \u00a0 \u00a0 \u00a0 \u00a0 \u00a0 \u00a0 \u00a0 \u00a0 \u00a0 \u00a0 \u00a0 \u00a0 \u00a0 \u00a0 \u00a0 \u00a0 \u00a0 \u00a0 \u00a0 \u00a0 \u00a0 \u00a0 \u00a0 \u00a0 \u00a0 \u00a0 \u00a0 \u00a0 \u00a0 \u00a0 \u00a0 \u00a0 \u00a0 \u00a0 <strong>el\u00edseo.<\/strong><\/p>\n\n\n\n<p><strong><em>A veces la honestidad de las circunstancias nos da lecciones de vida ante la muerte, a veces se cumplen las m\u00e1ximas como la de que\u00a0&#8220;cae m\u00e1s f\u00e1cil un hablador que un cojo&#8221;; sobre todo cuando los intereses econ\u00f3micos se ponen sobre la mesa.<\/em><\/strong><\/p>\n\n\n\n<p><strong><em>La sociedad ha creado la figura del mercado como forma de darle un precio y valor a las cosas y acciones que realizamos en grupo&#8230;\u00a0&#8220;tanto tienes, tanto vales&#8221;.<\/em><\/strong><\/p>\n\n\n\n<p><em><strong>El valor de la vida de Debanhi, la chica muerta hace un a\u00f1o&#8230;<\/strong><\/em><\/p>\n\n\n\n<p><em><strong>El precio del tema de su muerte en el mercado del espect\u00e1culo.<\/strong><\/em><\/p>\n\n\n\n<p><strong><em>Hace m\u00e1s o menos un a\u00f1o, caus\u00f3 revuelo en la prensa y redes sociales la desaparici\u00f3n, y la desdichada informaci\u00f3n de su localizaci\u00f3n sin vida en condiciones m\u00e1s que sospechosas (supuestamente ahogada accidentalmente en un aljibe).<\/em><\/strong><\/p>\n\n\n\n<p><strong><em>Los d\u00edas posteriores a su localizaci\u00f3n sin vida fueron de un estr\u00e9s informativo y declarativo intenso; la familia se aferr\u00f3 a luchar contra el olvido; contra la idea de dejar las cosas por la paz y en las manos de la justicia; tan desacreditada como est\u00e1 en el pa\u00eds&#8230;<\/em><\/strong><\/p>\n\n\n\n<p><strong><em>Los padres promovieron la justica para la hija; buen n\u00famero de comunicadores, en radio, televisi\u00f3n, pero sobre todo en redes sociales aprovecharon el momento de promoci\u00f3n para salir a declarar, manifestar su rechazo a la violencia; y todo eso que se ha vuelto la moda en los espacios p\u00fablicos; de repente medio mundo era altruista y celoso guardi\u00e1n de los derechos humanos; pero, sobre todo, defensores de la justicia para Debanhi.\u00a0<\/em><\/strong><\/p>\n\n\n\n<p><strong><em>Desde luego, ante el vuelo que alcanz\u00f3 el caso, los medios le dieron espacios a todas horas; incluso fue tema de las ma\u00f1aneras del presidente AMLO&#8230;; de repente, la muerte de la chica, y el dolor y desgracia de la familia ocuparon espacios impensables; la maquinaria de propaganda estaba en movimiento.<\/em><\/strong><\/p>\n\n\n\n<p><strong><em>El dolor, la rabia, el desconsuelo se unieron con la desesperanza por la realidad que estaba ante os ojos sociales&#8230; \u00a1no hay respeto para las mujeres en este pa\u00eds!<\/em><\/strong><\/p>\n\n\n\n<p><strong><em>Un a\u00f1o despu\u00e9s de esta tragedia, por los medios nos enteramos que el padre de Debanhi se encuentra analizando las candidatas entre las actrices m\u00e1s populares, para llevar a la pantalla la vida de la hija muerta&#8230;<\/em><\/strong><\/p>\n\n\n\n<p><strong>\u00bfEn qu\u00e9 quedamos&#8230;?<\/strong><\/p>\n\n\n\n<p><strong>\u00bfNo aceptamos que lo que importa es la vida de las personas&#8230;?<\/strong><\/p>\n\n\n\n<p><strong>Se repite la historia &#8230; \u00bfcu\u00e1nto vale una vida?<\/strong><\/p>\n\n\n\n<p><strong><em>Nuevamente la realidad \u00e1cida nos da de bofetadas&#8230;: &#8220;poderoso caballero es don dinero&#8221;, escribi\u00f3 Francisco de Quevedo; hoy lo constatamos&#8230;, es muy poderoso el inter\u00e9s de por medio, cuando de hacer negocios se trata; como lo sentenci\u00f3 el padre de la econom\u00eda liberal, Adam Smith; al se\u00f1alar, que no es del &#8220;buen deseo&#8221; del carnicero o del panadero, de los que se habr\u00e1 de obtener la comida o la cena del d\u00eda de hoy; sino del inter\u00e9s que estos tienen al vender carne y pan.<\/em><\/strong><\/p>\n\n\n\n<p><strong><em>Resulta que aquel padre lastimado por la desaparici\u00f3n y muerte de su hija; aquel padre que se bati\u00f3 contra el olvido para clamar justicia ante el atropello contra la misma; hoy se dice preocupado por seleccionar a las candidatas m\u00e1s adecuadas para que representen la vida de su hija en la pantalla; creo que en alguna entrevista analizaba la posibilidad de que fuera Belinda la que represente la vida de su hija.<\/em><\/strong><\/p>\n\n\n\n<p><strong><em>Ser\u00eda interesante saber lo motivos que lo llevan a tal tarea; \u00bfla selecciona por su capacidad de actuaci\u00f3n&#8230;? \u00bfpor su popularidad&#8230;? \u00bfpor sus esc\u00e1ndalos&#8230;? \u00bfpor su cuerpo&#8230;?<\/em><\/strong><\/p>\n\n\n\n<p><strong>\u00bfCuanto valdr\u00e1 el valor del recuerdo de si hija&#8230;?<\/strong><\/p>\n\n\n\n<p><strong>\u00bftendr\u00e1 sentido cuidar su recuerdo por encima del mercado del chisme&#8230;?<\/strong><\/p>\n\n\n\n<p><strong>\u00bfVale la pena poner sobre la mesa el precio de la imagen de su hija a cambio de no s\u00e9 qu\u00e9 beneficios&#8230;?<\/strong><\/p>\n\n\n\n<p><strong><em>Al final solamente reajustamos una de las pr\u00e1cticas que se usan en este espacio frecuentemente&#8230;<\/em><\/strong><\/p>\n\n\n\n<p><strong><em>\u00bfCu\u00e1nto vale una vida&#8230;? lo cambiamos por un lac\u00f3nico y lapidario&#8230;, y terriblemente vergonzoso y humillante&#8230;<\/em><\/strong><\/p>\n\n\n\n<p><strong><em>\u00bfCu\u00e1nto vale el recuerdo de su hija muerta&#8230;?<\/em><\/strong><\/p>\n\n\n\n<p><strong>\u00a1Qu\u00e9 pena!<\/strong><\/p>\n","protected":false},"excerpt":{"rendered":"<p>LA ECONOM\u00cdA Y USTED&#8230;\u00a0 \u00a0 \u00a0 Eliseo Castillo \u00a0 \u00a0 \u00a0 \u00a0 \u00a0 \u00a0 \u00a0 \u00a0 \u00a0 \u00a0 \u00a0 \u00a0 \u00a0 \u00a0 \u00a0 \u00a0 \u00a0 \u00a0 \u00a0 \u00a0 \u00a0 \u00a0 \u00a0 \u00a0 \u00a0 \u00a0 \u00a0 \u00a0 \u00a0 \u00a0 \u00a0 \u00a0 \u00a0 \u00a0 \u00a0 \u00a0 \u00a0 \u00a0 \u00a0 \u00a0 \u00a0 \u00a0 \u00a0 \u00a0 \u00a0 \u00a0 \u00a0 [&hellip;]<\/p>\n","protected":false},"author":2,"featured_media":5748,"comment_status":"open","ping_status":"open","sticky":false,"template":"","format":"standard","meta":{"footnotes":"","_rishi_post_view_count":741},"categories":[1],"tags":[],"class_list":["post-5747","post","type-post","status-publish","format-standard","has-post-thumbnail","hentry","category-opinion"],"comments_count":"0","_links":{"self":[{"href":"https:\/\/elpregonerodezamora.com\/index.php\/wp-json\/wp\/v2\/posts\/5747","targetHints":{"allow":["GET"]}}],"collection":[{"href":"https:\/\/elpregonerodezamora.com\/index.php\/wp-json\/wp\/v2\/posts"}],"about":[{"href":"https:\/\/elpregonerodezamora.com\/index.php\/wp-json\/wp\/v2\/types\/post"}],"author":[{"embeddable":true,"href":"https:\/\/elpregonerodezamora.com\/index.php\/wp-json\/wp\/v2\/users\/2"}],"replies":[{"embeddable":true,"href":"https:\/\/elpregonerodezamora.com\/index.php\/wp-json\/wp\/v2\/comments?post=5747"}],"version-history":[{"count":1,"href":"https:\/\/elpregonerodezamora.com\/index.php\/wp-json\/wp\/v2\/posts\/5747\/revisions"}],"predecessor-version":[{"id":5749,"href":"https:\/\/elpregonerodezamora.com\/index.php\/wp-json\/wp\/v2\/posts\/5747\/revisions\/5749"}],"wp:featuredmedia":[{"embeddable":true,"href":"https:\/\/elpregonerodezamora.com\/index.php\/wp-json\/wp\/v2\/media\/5748"}],"wp:attachment":[{"href":"https:\/\/elpregonerodezamora.com\/index.php\/wp-json\/wp\/v2\/media?parent=5747"}],"wp:term":[{"taxonomy":"category","embeddable":true,"href":"https:\/\/elpregonerodezamora.com\/index.php\/wp-json\/wp\/v2\/categories?post=5747"},{"taxonomy":"post_tag","embeddable":true,"href":"https:\/\/elpregonerodezamora.com\/index.php\/wp-json\/wp\/v2\/tags?post=5747"}],"curies":[{"name":"wp","href":"https:\/\/api.w.org\/{rel}","templated":true}]}}