{"id":5736,"date":"2023-04-05T00:58:31","date_gmt":"2023-04-05T00:58:31","guid":{"rendered":"https:\/\/elpregonerodezamora.com\/?p=5736"},"modified":"2023-04-05T00:58:33","modified_gmt":"2023-04-05T00:58:33","slug":"presenta-bedolla-decalogo-para-la-administracion-publica-en-autogobiernos-indigenas","status":"publish","type":"post","link":"https:\/\/elpregonerodezamora.com\/index.php\/2023\/04\/05\/presenta-bedolla-decalogo-para-la-administracion-publica-en-autogobiernos-indigenas\/","title":{"rendered":"Presenta Bedolla Dec\u00e1logo para la administraci\u00f3n p\u00fablica en autogobiernos ind\u00edgenas"},"content":{"rendered":"\n<p><strong><em>Morelia, Michoac\u00e1n, 4 de abril del 2023.- Durante el Foro \u201cHorizontes y Retos del Autogobierno Comunitario\u201d, el gobernador Alfredo Ram\u00edrez Bedolla, present\u00f3 el Dec\u00e1logo para la Administraci\u00f3n P\u00fablica Estatal sobre el Ejercicio del Derecho al Autogobierno Ind\u00edgena y a la Administraci\u00f3n Directa del Presupuesto.<\/em><\/strong><\/p>\n\n\n\n<p><strong><em>En su mensaje, el mandatario explic\u00f3 que este dec\u00e1logo se elabor\u00f3 a la par del protocolo a la transici\u00f3n de los pueblos ind\u00edgenas que ya est\u00e1 funcionando, y lo que hace es traducir la ley a lo concreto para que todos los funcionarios del Estado de Michoac\u00e1n, en todos los niveles y \u00e1reas, conozcan c\u00f3mo interrelacionarse y colaborar con las comunidades ind\u00edgenas, tal como se hace con el gobierno federal y los ayuntamientos.<\/em><\/strong><\/p>\n\n\n\n<p><strong><em>\u201cEste dec\u00e1logo es para nosotros muy importante, es simple pero muy trascendental, porque todos los programas estatales y todas las dependencias deben tener muy claro este cuarto nivel de gobierno que tenemos en Michoac\u00e1n y que es resultado de la propia lucha ind\u00edgena que hay que reconocerla y no perder su origen\u201d, enfatiz\u00f3.<\/em><\/strong><\/p>\n\n\n\n<p><strong><em>Ram\u00edrez Bedolla concret\u00f3 que en esta administraci\u00f3n se est\u00e1 haciendo todo lo que le corresponde al Gobierno para que quede clara la visi\u00f3n de un estado ampliado que incluye a sus comunidades ind\u00edgenas.<\/em><\/strong><\/p>\n\n\n\n<p><strong><em>El secretario de Gobierno, Carlos Torres Pi\u00f1a, destac\u00f3 que el legado de este gobierno, es el respeto a un modelo hist\u00f3rico de ejercicio del poder y complement\u00f3 que, en Michoac\u00e1n est\u00e1 cambiando el paradigma porque las comunidades ind\u00edgenas tienen en Alfredo Ram\u00edrez Bedolla, diputado, gobernador o ciudadano, un aliado indiscutible.<\/em><\/strong><\/p>\n\n\n\n<p><strong><em>El Dec\u00e1logo presentando explica temas sobre: el derecho al autogobierno; la relaci\u00f3n con el Estado; diferencia entre el presupuesto directo y el autogobierno; presupuesto directo y participativo; las comunidades con autogobierno no son como ayuntamientos peque\u00f1os; el \u00f3rgano representativo de la comunidad es el Concejo Comunal; la Asamblea comunal es la M\u00e1xima Autoridad; la pertenencia cultural; la atenci\u00f3n por parte de las instancias de Gobierno; y Fiscalizaci\u00f3n de las comunidades.<\/em><\/strong><\/p>\n\n\n\n<p><strong><em>A este foro acudieron funcionarios del Gabinete Legal y Ampliado, as\u00ed como representantes de las 22 comunidades ind\u00edgenas con autogobierno y concejos comunales de las distintas regiones del Estado.<\/em><\/strong><\/p>\n","protected":false},"excerpt":{"rendered":"<p>Morelia, Michoac\u00e1n, 4 de abril del 2023.- Durante el Foro \u201cHorizontes y Retos del Autogobierno Comunitario\u201d, el gobernador Alfredo Ram\u00edrez Bedolla, present\u00f3 el Dec\u00e1logo para la Administraci\u00f3n P\u00fablica Estatal sobre el Ejercicio del Derecho al Autogobierno Ind\u00edgena y a la Administraci\u00f3n Directa del Presupuesto. En su mensaje, el mandatario explic\u00f3 que este dec\u00e1logo se elabor\u00f3 [&hellip;]<\/p>\n","protected":false},"author":2,"featured_media":5737,"comment_status":"open","ping_status":"open","sticky":false,"template":"","format":"standard","meta":{"footnotes":"","_rishi_post_view_count":785},"categories":[6],"tags":[],"class_list":["post-5736","post","type-post","status-publish","format-standard","has-post-thumbnail","hentry","category-michoacan"],"comments_count":"0","_links":{"self":[{"href":"https:\/\/elpregonerodezamora.com\/index.php\/wp-json\/wp\/v2\/posts\/5736","targetHints":{"allow":["GET"]}}],"collection":[{"href":"https:\/\/elpregonerodezamora.com\/index.php\/wp-json\/wp\/v2\/posts"}],"about":[{"href":"https:\/\/elpregonerodezamora.com\/index.php\/wp-json\/wp\/v2\/types\/post"}],"author":[{"embeddable":true,"href":"https:\/\/elpregonerodezamora.com\/index.php\/wp-json\/wp\/v2\/users\/2"}],"replies":[{"embeddable":true,"href":"https:\/\/elpregonerodezamora.com\/index.php\/wp-json\/wp\/v2\/comments?post=5736"}],"version-history":[{"count":1,"href":"https:\/\/elpregonerodezamora.com\/index.php\/wp-json\/wp\/v2\/posts\/5736\/revisions"}],"predecessor-version":[{"id":5738,"href":"https:\/\/elpregonerodezamora.com\/index.php\/wp-json\/wp\/v2\/posts\/5736\/revisions\/5738"}],"wp:featuredmedia":[{"embeddable":true,"href":"https:\/\/elpregonerodezamora.com\/index.php\/wp-json\/wp\/v2\/media\/5737"}],"wp:attachment":[{"href":"https:\/\/elpregonerodezamora.com\/index.php\/wp-json\/wp\/v2\/media?parent=5736"}],"wp:term":[{"taxonomy":"category","embeddable":true,"href":"https:\/\/elpregonerodezamora.com\/index.php\/wp-json\/wp\/v2\/categories?post=5736"},{"taxonomy":"post_tag","embeddable":true,"href":"https:\/\/elpregonerodezamora.com\/index.php\/wp-json\/wp\/v2\/tags?post=5736"}],"curies":[{"name":"wp","href":"https:\/\/api.w.org\/{rel}","templated":true}]}}