{"id":5684,"date":"2023-04-03T17:48:11","date_gmt":"2023-04-03T17:48:11","guid":{"rendered":"https:\/\/elpregonerodezamora.com\/?p=5684"},"modified":"2023-04-03T17:48:33","modified_gmt":"2023-04-03T17:48:33","slug":"la-tragedia-migrante-sera-hoy-y-manana","status":"publish","type":"post","link":"https:\/\/elpregonerodezamora.com\/index.php\/2023\/04\/03\/la-tragedia-migrante-sera-hoy-y-manana\/","title":{"rendered":"LA TRAGEDIA MIGRANTE SER\u00c1 HOY Y MA\u00d1ANA"},"content":{"rendered":"\n<p><strong>LA ECONOM\u00cdA\u00a0 Y USTED&#8230;<\/strong><\/p>\n\n\n\n<p><strong>Eliseo Castillo\u00a0<\/strong><\/p>\n\n\n\n<p>\u00a0 \u00a0 \u00a0 \u00a0 \u00a0 \u00a0 \u00a0 \u00a0 \u00a0 \u00a0 \u00a0 \u00a0 \u00a0 \u00a0 \u00a0 \u00a0 \u00a0 \u00a0 \u00a0 \u00a0 \u00a0 \u00a0 \u00a0 \u00a0 \u00a0 <\/p>\n\n\n\n<p>\u00a0 \u00a0 \u00a0 \u00a0 \u00a0 \u00a0 \u00a0 \u00a0 \u00a0 \u00a0 \u00a0 \u00a0 \u00a0 \u00a0 \u00a0 \u00a0 \u00a0 \u00a0 \u00a0 \u00a0 \u00a0 \u00a0 \u00a0 \u00a0 \u00a0 \u00a0 \u00a0 \u00a0 \u00a0 \u00a0 \u00a0 \u00a0 \u00a0 \u00a0 \u00a0<strong> \u00a0 EL \u00daLTIMO BAILE<\/strong><\/p>\n\n\n\n<p>\u00a0 \u00a0 \u00a0 \u00a0 \u00a0 \u00a0 \u00a0 \u00a0 \u00a0 \u00a0 \u00a0 \u00a0 \u00a0 \u00a0 \u00a0 \u00a0 \u00a0 \u00a0 \u00a0 \u00a0 \u00a0 \u00a0 \u00a0 \u00a0 \u00a0 \u00a0<strong><em> \u00a0 &#8220;Saber de cierto, o al menos suponerlo,<\/em><\/strong><\/p>\n\n\n\n<p>\u00a0 \u00a0 \u00a0 \u00a0 \u00a0 \u00a0 \u00a0 \u00a0 \u00a0 \u00a0 \u00a0 \u00a0 \u00a0 \u00a0 \u00a0 \u00a0 \u00a0 \u00a0 \u00a0 \u00a0 \u00a0 \u00a0 \u00a0 \u00a0 \u00a0 \u00a0 \u00a0 <strong><em>desde las manos francas, abierto el deseo,<\/em><\/strong><\/p>\n\n\n\n<p>\u00a0 \u00a0 \u00a0 \u00a0 \u00a0 \u00a0 \u00a0 \u00a0 \u00a0 \u00a0 \u00a0 \u00a0 \u00a0 \u00a0 \u00a0 \u00a0 \u00a0 \u00a0 \u00a0 \u00a0 \u00a0 \u00a0 \u00a0 \u00a0 \u00a0 \u00a0 \u00a0<strong><em> que en una tarde, o luego de noche,<\/em><\/strong><\/p>\n\n\n\n<p>\u00a0 \u00a0 \u00a0 \u00a0 \u00a0 \u00a0 \u00a0 \u00a0 \u00a0 \u00a0 \u00a0 \u00a0 \u00a0 \u00a0 \u00a0 \u00a0 \u00a0 \u00a0 \u00a0 \u00a0 \u00a0 \u00a0 \u00a0 \u00a0 \u00a0 \u00a0<strong><em> \u00a0 se haga presente tu imaginada sombra;<\/em><\/strong><\/p>\n\n\n\n<p>\u00a0 \u00a0 \u00a0 \u00a0 \u00a0 \u00a0 \u00a0 \u00a0 \u00a0 \u00a0 \u00a0 \u00a0 \u00a0 \u00a0 \u00a0 \u00a0 \u00a0 \u00a0 \u00a0 \u00a0 \u00a0 \u00a0 \u00a0 \u00a0 \u00a0 \u00a0 <strong><em>\u00a0 saber que intuyes, casi lo sospechas,<\/em><\/strong><\/p>\n\n\n\n<p>\u00a0 \u00a0 \u00a0 \u00a0 \u00a0 \u00a0 \u00a0 \u00a0 \u00a0 \u00a0 \u00a0 \u00a0 \u00a0 \u00a0 \u00a0 \u00a0 \u00a0 \u00a0 \u00a0 \u00a0 \u00a0 \u00a0 \u00a0 \u00a0 \u00a0 \u00a0 \u00a0 <strong><em>quiz\u00e1 ma\u00f1ana, o en otra fecha,<\/em><\/strong><\/p>\n\n\n\n<p>\u00a0 \u00a0 \u00a0 \u00a0 \u00a0 \u00a0 \u00a0 \u00a0 \u00a0 \u00a0 \u00a0 \u00a0 \u00a0 \u00a0 \u00a0 \u00a0 \u00a0 \u00a0 \u00a0 \u00a0 \u00a0 \u00a0 \u00a0 \u00a0 \u00a0 \u00a0 \u00a0<strong><em> vuelvan mis brazos al talle amado,<\/em><\/strong><\/p>\n\n\n\n<p>\u00a0 \u00a0 \u00a0 \u00a0 \u00a0 \u00a0 \u00a0 \u00a0 \u00a0 \u00a0 \u00a0 \u00a0 \u00a0 \u00a0 \u00a0 \u00a0 \u00a0 \u00a0 \u00a0 \u00a0 \u00a0 \u00a0 \u00a0 \u00a0 \u00a0 \u00a0 \u00a0 <strong><em>e imaginar en suave fiesta,<\/em><\/strong><\/p>\n\n\n\n<p>\u00a0 \u00a0 \u00a0 \u00a0 \u00a0 \u00a0 \u00a0 \u00a0 \u00a0 \u00a0 \u00a0 \u00a0 \u00a0 \u00a0 \u00a0 \u00a0 \u00a0 \u00a0 \u00a0 \u00a0 \u00a0 \u00a0 \u00a0 \u00a0 \u00a0 \u00a0 <strong><em>\u00a0 del coraz\u00f3n, su \u00faltimo baile&#8221;&#8230;<\/em><\/strong><\/p>\n\n\n\n<p>\u00a0 \u00a0 \u00a0 \u00a0 \u00a0 \u00a0 \u00a0 \u00a0 \u00a0 \u00a0 \u00a0 \u00a0 \u00a0 \u00a0 \u00a0 \u00a0 \u00a0 \u00a0 \u00a0 \u00a0 \u00a0 \u00a0 \u00a0 \u00a0 \u00a0 \u00a0 \u00a0 \u00a0 \u00a0 \u00a0 \u00a0 \u00a0 \u00a0 \u00a0 \u00a0 \u00a0 \u00a0 \u00a0 \u00a0 \u00a0<strong>el\u00cdseo.<\/strong><\/p>\n\n\n\n<p><strong><em>Hace al menos 30 a\u00f1os se que repite la sentencia entre los grupos de migrantes que, desde Centroam\u00e9rica se mueven en busca del &#8220;sue\u00f1o americano&#8221;, que ellos a la polic\u00eda que realmente le temen es a la mexicana; que la migra es &#8220;cabrona &#8221; en la medida en que no te deja pasar; que cuando te detienen, simplemente te deportan; pero, argumentaban y argumentan, la mexicana te detiene, te golpea y te roba.<\/em><\/strong><\/p>\n\n\n\n<p><strong>Esto se ha sostenido por d\u00e9cadas; nada que no se conozca desde entonces.<\/strong><\/p>\n\n\n\n<p><strong><em>Desde hace algunos a\u00f1os, se sabe, e incluso se ha publicado en la prensa nacional, que, en Tijuana, para controlar las masas de migrantes que llegan de Am\u00e9rica y el Caribe (y de Asia y \u00c1frica) los albergues cierran sus puertas a determinada hora de la noche, buscando el control del grupo humano, por su seguridad, para evitar el tr\u00e1fico de droga y la prostituci\u00f3n; actividades muy frecuentes en la frontera.<\/em><\/strong><\/p>\n\n\n\n<p><strong><em>Todo esto se ha sabido; que ahora queramos jugar a los hip\u00f3critas tratando de tapar un pozo que ni existe es otra cosa. Eso se llama jugar a los c\u00ednicos.<\/em><\/strong><\/p>\n\n\n\n<p><strong>En la portada del diario La Jornada, de este domingo 2 de abril de 2023, se destaca&#8230;<\/strong><\/p>\n\n\n\n<p><strong><em>&#8220;Desde 2012, sin manuales de operaci\u00f3n&#8221;<\/em><\/strong><\/p>\n\n\n\n<p><strong><em>&#8220;SFP: arrastra el Instituto de Migraci\u00f3n una d\u00e9cada de anomal\u00edas&#8221;<\/em><\/strong><\/p>\n\n\n\n<p><strong><em>&#8220;La \u00faltima auditor\u00eda revela contrataciones con empresas sin capacidad; tampoco comprob\u00f3 gastos&#8221;.<\/em><\/strong><\/p>\n\n\n\n<p><strong><em>&#8220;La detenci\u00f3n de migrantes en plazas, parques y autobuses viola fallo de la corte&#8221;<\/em><\/strong><\/p>\n\n\n\n<p><strong>FUENTE: Arturo S\u00e1nchez, Jessica Xantomila, Emir Olivares y Rub\u00e9n Villalpando; diario La Jornada, portada; domingo, 2 de abril, 2023.<\/strong><\/p>\n\n\n\n<p><strong><em>Claro que es molesto ver que esta historia se repite sistem\u00e1ticamente; llegue al poder quien llegue, la acci\u00f3n de emigrar cada vez es m\u00e1s precaria; cada vez es m\u00e1s usada como forma de violar los derechos de los dem\u00e1s.<\/em><\/strong><\/p>\n\n\n\n<p><strong><em>Seguir\u00e1 sucediendo que los grupos de inter\u00e9s econ\u00f3mico busquen promover el tr\u00e1fico de las personas por varias razones, la primera, alimentando el deseo de encontrar un lugar mejor d\u00f3nde trabajar, regularmente en funci\u00f3n a la esperanza de oportunidades mejores para ellos y sus familias; ni como anular esta esperanza en la mente de cualquier ser humano&#8230;<\/em><\/strong><\/p>\n\n\n\n<p><strong><em>La segunda motivaci\u00f3n que averg\u00fcenza a la humanidad es la pr\u00e1ctica del secuestro de personas con fines de alimentar el mercado del sexo; siempre el sexo, como mercanc\u00eda valiosa que hace que grupos de hijos de puta tomen la libertad de muchas mujeres jovencitas, para entregarlas a mercaderes, como hace siglos se acostumbraba (recordemos que era una pr\u00e1ctica deleznable mediante la cu\u00e1l, se hac\u00edan prisioneras a personas que era llevadas al mercado a ser vendidas como esclavas sexuales y para el trabajo; igual se vend\u00edan hombres que mujeres; una de las peores verg\u00fcenzas de la humanidad).<\/em><\/strong><\/p>\n\n\n\n<p><strong><em>Hoy, la prensa nacional sigue jugando el juego del hip\u00f3crita destacando en portadas de peri\u00f3dicos, noticiarios de televisi\u00f3n y radio (ni qu\u00e9 decir internet) la penosa realidad de las familias de los muertos y heridos del \u00faltimo acto de violencia contra migrantes en Ciudad Ju\u00e1rez. pareciera que estamos ante un suceso poco com\u00fan&#8230; \u00a1no es as\u00ed! esto se repite sistem\u00e1ticamente&#8230; \u00a1y va a seguir por desgracia!<\/em><\/strong><\/p>\n\n\n\n<p><strong><em>Desde los gobiernos, y el de AMLO no es diferente a los anteriores, trata el tema como algo que ya se est\u00e1 atendiendo; y le anticipo que es un &#8220;juego de palabras paliativas&#8221; con las que se alimenta la actitud hip\u00f3crita con que se intenta negar lo evidente&#8230; \u00a1no hay soluci\u00f3n a lo que no la tiene!<\/em><\/strong><\/p>\n\n\n\n<p><strong><em>Los discursos de AMLO al respecto son tan ingenuos como el tama\u00f1o del problema mundial&#8230;, haga lo que se haga, la poblaci\u00f3n seguir\u00e1 migrando; haga lo que haga el gobernante m\u00e1s poderoso del mundo, la ilusi\u00f3n, la ambici\u00f3n y los apetitos de la carne alimentar\u00e1n el mercado del sexo; seguir\u00e1n siendo secuestradas personas de Am\u00e9rica, Asia, \u00c1frica y Europa del Este, para alimentar la demanda de sexo que sostienen las clases econ\u00f3micas pudientes del mundo; en eso no se distinguen mucho los consumidores orientales y occidentales; siempre est\u00e1n dispuestos a pagar por una joven&#8230;, por un joven que resuelva su deseo del momento; el negocio del sexo y el secuestro de personas es una actividad solamente comparable con el crimen del tr\u00e1fico de droga y armas.<\/em><\/strong><\/p>\n\n\n\n<p><strong>\u00bfO, ser\u00e1 que una cosa va de la mano de la otra&#8230;?<\/strong><\/p>\n\n\n\n<p><strong><em>En M\u00e9xico es una verg\u00fcenza que sepamos que, en el camino a la frontera, los migrantes; que son nuestros familiares, amigos, conocidos, o personas de Am\u00e9rica fundamentalmente, se ven &#8220;robados&#8221;, &#8220;abusados&#8221;, &#8220;humillados&#8221;, por aut\u00e9nticos hijos de la chingada vestidos de polic\u00edas que les espera en paradores de camiones, y en la frontera misma, para irles sacando todo el dinero posible; bajo la idea de que a ellos les vale madre lo que les pase a los dem\u00e1s.<\/em><\/strong><\/p>\n\n\n\n<p><strong><em>Salinas (1988-94), Zedillo (1994-2000), Fox (2000-2006), Calder\u00f3n (2006-2012), Pe\u00f1a Nieto (2012-2018), y AMLO (2018-2024); invariablemente van repitiendo la misma mentira con diferentes momentos&#8230;, suponen que est\u00e1n resolviendo el problema&#8230;; por cierto, que no tiene una soluci\u00f3n; tiene opciones para reducirlo, pero no hay una soluci\u00f3n.<\/em><\/strong><\/p>\n\n\n\n<p><strong><em>Mientras se sostiene el discurso de siempre, los migrantes siguen jug\u00e1ndose la vida en el camino a la frontera, donde, por cierto, ni se les espera, ni se les desea ver; los pobres muchachos y muchachas seguir\u00e1n siendo &#8220;carne de abuso sexual&#8221;; hoy se ha incrementado con la idea de que, como hay muchas mujeres venezolanas en las caravanas&#8230;, y como se sabe que estas son de las mujeres m\u00e1s hermosas del mundo&#8230;; pues \u00a1que alegr\u00eda para los hijos de puta con uniformes! o para los coyotes, o para los pandilleros; saben que tienen mejores prospectos para sus deseos sexuales; saben que es casi imposible que se resistan las mujeres en tr\u00e1nsito, y terminan por acceder a sus deseos a cambio de que se les permita seguir en su camino.<\/em><\/strong><\/p>\n\n\n\n<p><strong><em>Inolvidables las l\u00e1grimas de Bony, un joven alumno de Tanganc\u00edcuaro, una vez que tratamos el tema en una charla sobre la migraci\u00f3n y sus costos econ\u00f3micos y sociales; con l\u00e1grimas en los ojos me confes\u00f3 que en al experiencia que \u00e9l ten\u00eda en esos temas; hab\u00eda visto varias caravanas de migrantes en la frontera de Ju\u00e1rez y Tijuana, y dif\u00edcilmente hab\u00eda visto que las mujeres que iban solas se le escaparan a los coyotes, primero, luego a los polic\u00edas, o a los pandilleros cholos que se la pasan rondando la zona. &#8220;A casi todas se las echaban los desgraciados&#8221;, me comentaba con l\u00e1grimas en los ojos.<\/em><\/strong><\/p>\n\n\n\n<p><strong>Este tema lo tratamos hace al menos 23 a\u00f1os&#8230;<\/strong><\/p>\n\n\n\n<p><strong><em>\u00bfA qui\u00e9n se quiere enga\u00f1ar con supuestos discursos redentores, si tenemos delincuentes vestidos de polic\u00edas encargados de confundirse en lo peor con los coyotes y los pandilleros para robarles su dinero, para violar a las mujeres a cambio de dejarlas seguir su camino&#8230;?<\/em><\/strong><\/p>\n\n\n\n<p><strong><em>Esto no se inici\u00f3 a partir del incendio del albergue en Ju\u00e1rez de la semana pasada; ni con el sexenio de Pe\u00f1a Nieto o Calder\u00f3n; es una pr\u00e1ctica a\u00f1eja, de d\u00e9cadas de a\u00f1os&#8230;; desde que la migraci\u00f3n se masific\u00f3, y se convirti\u00f3 el gran negocio que es hoy&#8230;<\/em><\/strong><\/p>\n\n\n\n<p><strong><em>La sola idea de que hay muchas venezolanas en las caravanas alimenta m\u00e1s el apetito de los hijos de puta con y sin uniforme de polic\u00edas&#8230;<\/em><\/strong><\/p>\n\n\n\n<p><strong><em>\u00bfSabe usted que, ante esta historia de abusos, durante a\u00f1os, los migrantes esconden su dinero envuelto en bolsitas de pl\u00e1stico bien enrollados metidos en la vagina y en el ano&#8230;?<\/em><\/strong><\/p>\n\n\n\n<p><strong><em>Pues si no lo sab\u00eda ya lo sabe; es una pr\u00e1ctica com\u00fan intentando escapar de los polic\u00edas en el camino; luego en la frontera con los coyotes y los pandilleros&#8230;; esto lo hacen desde hace a\u00f1os.<\/em><\/strong><\/p>\n\n\n\n<p><strong><em>Pero el espect\u00e1culo propagand\u00edstico es buen negocio, \u00a1qu\u00e9 importa que mientras nos enredamos en mentadas de madre en el medio pol\u00edtico, contra el gobierno, no hagamos pr\u00e1cticamente nada porque esto sea menos grosero en contra de estas personas&#8230;<\/em><\/strong><\/p>\n\n\n\n<p><strong><em>Ser\u00e1 que lo \u00fanico que realmente nos interesa es saber que estamos a salvo de los mugrosos y enfadosos &#8220;migrantes hondure\u00f1os&#8221;; o como mi colega catedr\u00e1tica, interesada en rescatar a un par de estas personas, como su amiga&#8230; \u00a1siempre y cuando la tengan grande, y no la vayan a robar!<\/em><\/strong><\/p>\n\n\n\n<p><strong><em>A los migrantes les pasa la tragedia del nativo llamado indio&#8230;, vivos son un estorbo y una verg\u00fcenza que afea las calles; muertos pueden ser llamados m\u00e1rtires; y ser usados para fines pol\u00edticos&#8230;<\/em><\/strong><\/p>\n\n\n\n<p><strong><em>De repente nos hemos convertido en defensores de los migrantes que tanto nos molestan, esos molestos pedig\u00fce\u00f1os que&#8230; \u00a1ah, como joden!<\/em><\/strong><\/p>\n\n\n\n<p><strong>\u00a1Ah, si no fu\u00e9ramos tan hip\u00f3critas&#8230;!<\/strong><\/p>\n\n\n\n<p><strong><em>Pero al final, esto seguir\u00e1 pasando hoy y ma\u00f1ana tambi\u00e9n en el mar Mediterr\u00e1neo con las costas de Europa, y en la frontera de M\u00e9xico con Estados Unidos; millones de personas seguir\u00e1n intentando lo casi imposible&#8230;, llegar a ser necesarios e indispensables.\u00a0<\/em><\/strong><\/p>\n\n\n\n<p><strong><em>Eso no va a suceder.<\/em><\/strong><\/p>\n","protected":false},"excerpt":{"rendered":"<p>LA ECONOM\u00cdA\u00a0 Y USTED&#8230; Eliseo Castillo\u00a0 \u00a0 \u00a0 \u00a0 \u00a0 \u00a0 \u00a0 \u00a0 \u00a0 \u00a0 \u00a0 \u00a0 \u00a0 \u00a0 \u00a0 \u00a0 \u00a0 \u00a0 \u00a0 \u00a0 \u00a0 \u00a0 \u00a0 \u00a0 \u00a0 \u00a0 \u00a0 \u00a0 \u00a0 \u00a0 \u00a0 \u00a0 \u00a0 \u00a0 \u00a0 \u00a0 \u00a0 \u00a0 \u00a0 \u00a0 \u00a0 \u00a0 \u00a0 \u00a0 \u00a0 \u00a0 \u00a0 \u00a0 \u00a0 \u00a0 [&hellip;]<\/p>\n","protected":false},"author":2,"featured_media":5685,"comment_status":"open","ping_status":"open","sticky":false,"template":"","format":"standard","meta":{"footnotes":"","_rishi_post_view_count":656},"categories":[1],"tags":[],"class_list":["post-5684","post","type-post","status-publish","format-standard","has-post-thumbnail","hentry","category-opinion"],"comments_count":"0","_links":{"self":[{"href":"https:\/\/elpregonerodezamora.com\/index.php\/wp-json\/wp\/v2\/posts\/5684","targetHints":{"allow":["GET"]}}],"collection":[{"href":"https:\/\/elpregonerodezamora.com\/index.php\/wp-json\/wp\/v2\/posts"}],"about":[{"href":"https:\/\/elpregonerodezamora.com\/index.php\/wp-json\/wp\/v2\/types\/post"}],"author":[{"embeddable":true,"href":"https:\/\/elpregonerodezamora.com\/index.php\/wp-json\/wp\/v2\/users\/2"}],"replies":[{"embeddable":true,"href":"https:\/\/elpregonerodezamora.com\/index.php\/wp-json\/wp\/v2\/comments?post=5684"}],"version-history":[{"count":1,"href":"https:\/\/elpregonerodezamora.com\/index.php\/wp-json\/wp\/v2\/posts\/5684\/revisions"}],"predecessor-version":[{"id":5686,"href":"https:\/\/elpregonerodezamora.com\/index.php\/wp-json\/wp\/v2\/posts\/5684\/revisions\/5686"}],"wp:featuredmedia":[{"embeddable":true,"href":"https:\/\/elpregonerodezamora.com\/index.php\/wp-json\/wp\/v2\/media\/5685"}],"wp:attachment":[{"href":"https:\/\/elpregonerodezamora.com\/index.php\/wp-json\/wp\/v2\/media?parent=5684"}],"wp:term":[{"taxonomy":"category","embeddable":true,"href":"https:\/\/elpregonerodezamora.com\/index.php\/wp-json\/wp\/v2\/categories?post=5684"},{"taxonomy":"post_tag","embeddable":true,"href":"https:\/\/elpregonerodezamora.com\/index.php\/wp-json\/wp\/v2\/tags?post=5684"}],"curies":[{"name":"wp","href":"https:\/\/api.w.org\/{rel}","templated":true}]}}