{"id":5670,"date":"2023-04-01T01:11:03","date_gmt":"2023-04-01T01:11:03","guid":{"rendered":"https:\/\/elpregonerodezamora.com\/?p=5670"},"modified":"2023-04-01T01:11:04","modified_gmt":"2023-04-01T01:11:04","slug":"semana-santa-jacona-2023","status":"publish","type":"post","link":"https:\/\/elpregonerodezamora.com\/index.php\/2023\/04\/01\/semana-santa-jacona-2023\/","title":{"rendered":"SEMANA SANTA JACONA 2023"},"content":{"rendered":"\n<p><\/p>\n\n\n\n<p><strong>*Habr\u00e1 diversas actividades<\/strong><\/p>\n\n\n\n<p><br><strong><em>Jacona, Mich., a 31 de marzo del 2023.- Con motivo de la celebraci\u00f3n eucar\u00edstica de Semana Santa, el Gobierno de Jacona a trav\u00e9s de la Regidur\u00eda de Turismo, informa a toda la ciudadan\u00eda jaconense y de la regi\u00f3n, acerca de las actividades que se tienen programadas del 02 al 09 de abril del presente a\u00f1o.<\/em><\/strong><\/p>\n\n\n\n<p><strong><em>02 Abril \u2013 Domingo de Ramos<br>11:00 am \u2013 Procesi\u00f3n de las Palmas \u2013 (CAPILLA EL REALEJO)<br>11:30 am \u2013 Procesi\u00f3n de las Palmas partiendo del Sagrado Coraz\u00f3n \u2013 (PARROQUIA SAN AGUST\u00cdN)<br>11:00 am \u2013 Procesi\u00f3n de las Palmas \u2013 (PARROQUIA CRISTO REY)<br>12:00 pm \u2013 Misa &#8211; (PARROQUIA SAN AGUST\u00cdN)<br>12:00 pm \u2013 Misa &#8211; (CAPILLA EL REALEJO)<br>06 Abril \u2013 Jueves Santo<br>06:00 pm \u2013 Misa &#8211; (PARROQUIA SAN AGUST\u00cdN)<br>06:00 pm \u2013 Instituci\u00f3n de la Eucarist\u00eda; lavado de pies &#8211; (CAPILLA EL REALEJO)<br>07:00 pm \u2013 Instituci\u00f3n de la Eucarist\u00eda &#8211; (PARROQUIA CRISTO REY)<br>07:30 pm \u2013 Representaci\u00f3n de la \u00daltima Cena, Milagros, Bienaventuranza, Oraci\u00f3n del Huerto y Aprensi\u00f3n &#8211; (PARROQUIA SAN AGUST\u00cdN)<br>08:00 pm &#8211; Representaci\u00f3n de la \u00daltima Cena &#8211; (PARROQUIA CRISTO REY)<br>08:00 pm &#8211; Representaci\u00f3n de la \u00daltima Cena &#8211; (CAPILLA EL REALEJO)<br>07 Abril \u2013 Viernes Santo<br>10:00 am \u2013 Viacrucis Viviente, recorrido por la V\u00eda Dolorosa &#8211; (PARROQUIA SAN AGUST\u00cdN)<br>10:00 am \u2013 Viacrucis Viviente &#8211; (CAPILLA EL REALEJO)<br>11:00 am \u2013 Viacrucis Viviente &#8211; (PARROQUIA CRISTO REY)<br>12:00 pm \u2013 Procesi\u00f3n del Silencio hombres y mujeres; mujeres llevar sevillana negra, rosario y veladora o vela &#8211; (PARROQUIA CRISTO REY)<br>07:00 pm \u2013 Procesi\u00f3n del Silencio hombres y mujeres &#8211; (PARROQUIA SAN AGUST\u00cdN)<br>07:00 pm \u2013 Marcha del silencio hombres y mujeres \u2013 (CAPILLA EL REALEJO)<br>08:00 pm \u2013 Oraci\u00f3n de Muerte y Pasi\u00f3n &#8211; (CAPILLA EL REALEJO)<br>08 Abril \u2013 S\u00e1bado Santo<br>08:00 pm \u2013 Misa de Resurrecci\u00f3n &#8211; (PARROQUIA SAN AGUST\u00cdN)<br>08:00 pm \u2013 Misa de Resurrecci\u00f3n, llevar cirio y veladora &#8211; (CAPILLA EL REALEJO)<br>09:00 pm &#8211; Misa de Resurrecci\u00f3n &#8211; (PARROQUIA CRISTO REY)<br><\/em><\/strong><\/p>\n\n\n\n<p><strong><em>\u00a1Vivamos con fe, nuestras tradiciones! \u00a1Te esperamos!<\/em><\/strong><\/p>\n","protected":false},"excerpt":{"rendered":"<p>*Habr\u00e1 diversas actividades Jacona, Mich., a 31 de marzo del 2023.- Con motivo de la celebraci\u00f3n eucar\u00edstica de Semana Santa, el Gobierno de Jacona a trav\u00e9s de la Regidur\u00eda de Turismo, informa a toda la ciudadan\u00eda jaconense y de la regi\u00f3n, acerca de las actividades que se tienen programadas del 02 al 09 de abril [&hellip;]<\/p>\n","protected":false},"author":2,"featured_media":5671,"comment_status":"open","ping_status":"open","sticky":false,"template":"","format":"standard","meta":{"footnotes":"","_rishi_post_view_count":674},"categories":[12],"tags":[],"class_list":["post-5670","post","type-post","status-publish","format-standard","has-post-thumbnail","hentry","category-jacona"],"comments_count":"0","_links":{"self":[{"href":"https:\/\/elpregonerodezamora.com\/index.php\/wp-json\/wp\/v2\/posts\/5670","targetHints":{"allow":["GET"]}}],"collection":[{"href":"https:\/\/elpregonerodezamora.com\/index.php\/wp-json\/wp\/v2\/posts"}],"about":[{"href":"https:\/\/elpregonerodezamora.com\/index.php\/wp-json\/wp\/v2\/types\/post"}],"author":[{"embeddable":true,"href":"https:\/\/elpregonerodezamora.com\/index.php\/wp-json\/wp\/v2\/users\/2"}],"replies":[{"embeddable":true,"href":"https:\/\/elpregonerodezamora.com\/index.php\/wp-json\/wp\/v2\/comments?post=5670"}],"version-history":[{"count":1,"href":"https:\/\/elpregonerodezamora.com\/index.php\/wp-json\/wp\/v2\/posts\/5670\/revisions"}],"predecessor-version":[{"id":5672,"href":"https:\/\/elpregonerodezamora.com\/index.php\/wp-json\/wp\/v2\/posts\/5670\/revisions\/5672"}],"wp:featuredmedia":[{"embeddable":true,"href":"https:\/\/elpregonerodezamora.com\/index.php\/wp-json\/wp\/v2\/media\/5671"}],"wp:attachment":[{"href":"https:\/\/elpregonerodezamora.com\/index.php\/wp-json\/wp\/v2\/media?parent=5670"}],"wp:term":[{"taxonomy":"category","embeddable":true,"href":"https:\/\/elpregonerodezamora.com\/index.php\/wp-json\/wp\/v2\/categories?post=5670"},{"taxonomy":"post_tag","embeddable":true,"href":"https:\/\/elpregonerodezamora.com\/index.php\/wp-json\/wp\/v2\/tags?post=5670"}],"curies":[{"name":"wp","href":"https:\/\/api.w.org\/{rel}","templated":true}]}}