{"id":5567,"date":"2023-03-28T22:50:57","date_gmt":"2023-03-28T22:50:57","guid":{"rendered":"https:\/\/elpregonerodezamora.com\/?p=5567"},"modified":"2023-03-28T22:50:57","modified_gmt":"2023-03-28T22:50:57","slug":"tragedia-de-migrantes-tu-tragedia","status":"publish","type":"post","link":"https:\/\/elpregonerodezamora.com\/index.php\/2023\/03\/28\/tragedia-de-migrantes-tu-tragedia\/","title":{"rendered":"TRAGEDIA DE MIGRANTES\u2026, TU TRAGEDIA"},"content":{"rendered":"\n<p><strong>LAS PEQUE\u00d1AS COSAS&#8230; <\/strong><\/p>\n\n\n\n<p><strong>Eliseo Castillo<\/strong><\/p>\n\n\n\n<p>\u00a0 \u00a0 \u00a0 \u00a0 \u00a0 \u00a0 \u00a0 \u00a0 \u00a0 \u00a0 \u00a0 \u00a0 \u00a0 \u00a0 \u00a0 \u00a0 \u00a0 \u00a0 \u00a0 \u00a0 \u00a0 \u00a0 \u00a0 \u00a0 \u00a0 \u00a0 \u00a0 <\/p>\n\n\n\n<p>\u00a0 \u00a0 \u00a0 \u00a0 \u00a0 \u00a0 \u00a0 \u00a0 \u00a0 \u00a0 \u00a0 \u00a0 \u00a0 \u00a0 \u00a0 \u00a0 \u00a0 \u00a0 \u00a0 \u00a0 \u00a0 \u00a0 \u00a0 \u00a0 \u00a0 \u00a0 \u00a0 \u00a0 \u00a0 \u00a0 \u00a0 \u00a0<strong> \u00a0 \u00a0 \u00a0 \u00a0 NO SER\u00c1S RECUERDO<\/strong><\/p>\n\n\n\n<p>\u00a0 \u00a0 \u00a0 \u00a0 \u00a0 \u00a0 \u00a0 \u00a0 \u00a0 \u00a0 \u00a0 \u00a0 \u00a0 \u00a0 \u00a0 \u00a0 \u00a0 \u00a0 \u00a0 \u00a0 \u00a0 \u00a0 \u00a0 \u00a0 \u00a0 \u00a0 \u00a0 \u00a0 \u00a0<strong><em> \u00a0 &#8220;Desde la orilla del tiempo en que te miro,<\/em><\/strong><\/p>\n\n\n\n<p>\u00a0 \u00a0 \u00a0 \u00a0 \u00a0 \u00a0 \u00a0 \u00a0 \u00a0 \u00a0 \u00a0 \u00a0 \u00a0 \u00a0 \u00a0 \u00a0 \u00a0 \u00a0 \u00a0 \u00a0 \u00a0 \u00a0 \u00a0 \u00a0 \u00a0 \u00a0 \u00a0 \u00a0 \u00a0 \u00a0<strong><em> lejos de la nostalgia que alienta suspiros,<\/em><\/strong><\/p>\n\n\n\n<p>\u00a0 \u00a0 \u00a0 \u00a0 \u00a0 \u00a0 \u00a0 \u00a0 \u00a0 \u00a0 \u00a0 \u00a0 \u00a0 \u00a0 \u00a0 \u00a0 \u00a0 \u00a0 \u00a0 \u00a0 \u00a0 \u00a0 \u00a0 \u00a0 \u00a0 \u00a0 \u00a0 \u00a0 \u00a0 \u00a0<strong><em> desde el fondo de mi alma te bendigo,<\/em><\/strong><\/p>\n\n\n\n<p>\u00a0 \u00a0 \u00a0 \u00a0 \u00a0 \u00a0 \u00a0 \u00a0 \u00a0 \u00a0 \u00a0 \u00a0 \u00a0 \u00a0 \u00a0 \u00a0 \u00a0 \u00a0 \u00a0 \u00a0 \u00a0 \u00a0 \u00a0 \u00a0 \u00a0 \u00a0 \u00a0 \u00a0 \u00a0 \u00a0 <strong><em>a lo lejos, mis manos casi te alcanzan,<\/em><\/strong><\/p>\n\n\n\n<p>\u00a0 \u00a0 \u00a0 \u00a0 \u00a0 \u00a0 \u00a0 \u00a0 \u00a0 \u00a0 \u00a0 \u00a0 \u00a0 \u00a0 \u00a0 \u00a0 \u00a0 \u00a0 \u00a0 \u00a0 \u00a0 \u00a0 \u00a0 \u00a0 \u00a0 \u00a0 \u00a0 \u00a0 \u00a0 <strong><em>\u00a0 una oraci\u00f3n brota de mis labios, de ti vac\u00edos,<\/em><\/strong><\/p>\n\n\n\n<p>\u00a0 \u00a0 \u00a0 \u00a0 \u00a0 \u00a0 \u00a0 \u00a0 \u00a0 \u00a0 \u00a0 \u00a0 \u00a0 \u00a0 \u00a0 \u00a0 \u00a0 \u00a0 \u00a0 \u00a0 \u00a0 \u00a0 \u00a0 \u00a0 \u00a0 \u00a0 \u00a0 \u00a0<strong><em> \u00a0 \u00a0 nunca recuerdo, pienso y suspiro,<\/em><\/strong><\/p>\n\n\n\n<p>\u00a0 \u00a0 \u00a0 \u00a0 \u00a0 \u00a0 \u00a0 \u00a0 \u00a0 \u00a0 \u00a0 \u00a0 \u00a0 \u00a0 \u00a0 \u00a0 \u00a0 \u00a0 \u00a0 \u00a0 \u00a0 \u00a0 \u00a0 \u00a0 \u00a0 \u00a0 \u00a0 \u00a0 \u00a0 <strong><em>\u00a0amor complejo, yo te bendigo,<\/em><\/strong><\/p>\n\n\n\n<p>\u00a0 \u00a0 \u00a0 \u00a0 \u00a0 \u00a0 \u00a0 \u00a0 \u00a0 \u00a0 \u00a0 \u00a0 \u00a0 \u00a0 \u00a0 \u00a0 \u00a0 \u00a0 \u00a0 \u00a0 \u00a0 \u00a0 \u00a0 \u00a0 \u00a0 \u00a0 \u00a0 \u00a0 \u00a0<strong><em> \u00a0amor distante, de siempre amante.<\/em><\/strong><\/p>\n\n\n\n<p>\u00a0 \u00a0 \u00a0 \u00a0 \u00a0 \u00a0 \u00a0 \u00a0 \u00a0 \u00a0 \u00a0 \u00a0 \u00a0 \u00a0 \u00a0 \u00a0 \u00a0 \u00a0 \u00a0 \u00a0 \u00a0 \u00a0 \u00a0 \u00a0 \u00a0 \u00a0 \u00a0 \u00a0 \u00a0 \u00a0<strong><em>Yo te bendigo&#8221;.\u00a0<\/em><\/strong><\/p>\n\n\n\n<p>\u00a0 \u00a0 \u00a0 \u00a0 \u00a0 \u00a0 \u00a0 \u00a0 \u00a0 \u00a0 \u00a0 \u00a0 \u00a0 \u00a0 \u00a0 \u00a0 \u00a0 \u00a0 \u00a0 \u00a0 \u00a0 \u00a0 \u00a0 \u00a0 \u00a0 \u00a0 \u00a0 \u00a0 \u00a0 \u00a0 \u00a0 \u00a0 \u00a0 \u00a0 \u00a0 \u00a0 \u00a0 \u00a0 \u00a0<strong> \u00a0 \u00a0 \u00a0 \u00a0el\u00edseo.<\/strong><\/p>\n\n\n\n<p><strong><em>Anoche, lunes 27 de marzo se nos dio un dato general de una tragedia que hoy la prensa nacional nos ratifica; la muerte por un incendio en un albergue para resguardar a migrantes, de 39 personas, y decenas de heridos; la cantidad es mejor dejarla en duda, ya que hasta en la cantidad de muertos hay varianza; mientras los diarios Excelsior y Reforma lo destacan con 39 muertos y 29 heridos; La Jornada cita 37 muertos, citando que hab\u00eda m\u00e1s de 100 personas en el inmueble incendiado.<\/em><\/strong><\/p>\n\n\n\n<p><strong><em>Al final, por donde se vea, es una parte de la gran tragedia humana; cuando la prensa completa la nota period\u00edstica, con el consabido dato de&#8230; &#8220;todos eran migrantes provenientes de Centro y Sudam\u00e9rica&#8221;; como dato es correcto; como reflexi\u00f3n es la evidencia de la tragedia humana; la desigualdad econ\u00f3mica y de oportunidades en el mundo.<\/em><\/strong><\/p>\n\n\n\n<p><em><strong>Econom\u00eda, necesidad, ilusi\u00f3n, ambici\u00f3n&#8230;; actos humanos, tragedias por venir.<\/strong><\/em><\/p>\n\n\n\n<p><strong><em>\u00bfMorir\u00e1n m\u00e1s personas en este incendio, que, al parecer se origin\u00f3 ante la resistencia a ser deportados del pa\u00eds&#8230;? probablemente si, depende del nivel de sus heridas; pero la herida m\u00e1s grade se ubica en la gran distancia que existe entre ricos y pobres en el mundo; entre el acceso exagerado a los recursos de unos, y las limitaciones de otros.<\/em><\/strong><\/p>\n\n\n\n<p><strong><em>No son solamente centroamericanos, o de Venezuela, Ecuador, bolivianos, peruanos; o caribe\u00f1os (cubanos y haitianos, principalmente). Mientras narramos esta tragedia, algo parecido sucede en el trayecto de Asia a Europa, o en busca del sue\u00f1o americano: indios, filipinos, chinos, malayos, o de cualquier lugar del continente africano.<\/em><\/strong><\/p>\n\n\n\n<p><strong>Al final la tragedia es humana; sin m\u00e1s etiquetas.<\/strong><\/p>\n\n\n\n<p><strong><em>Cuando vemos algunos datos respecto al incendio en Ciudad Ju\u00e1rez de anoche, se puede ser sensacionalista; se puede buscar politizarlo, mentarle la madre al gobierno de AMLO; a las autoridades de la ONU, al gobierno de los Estados Unidos; al final el resultado es algo que se va a repetir en los siguientes meses y a\u00f1os; esto no se va a resolver con discursos, ni con se\u00f1alar a los gobiernos de donde se le antoje; en todo caso, culpar\u00edamos a todos los gobiernos de los pa\u00edses desde donde salen las personas a migrar. a buscar otro lugar donde vivir, donde trabajar.<\/em><\/strong><\/p>\n\n\n\n<p><strong><em>Mientras la desigualdad social y econ\u00f3mica se mantenga tan amplia, resulta poco probable que los flujos de migrantes de contengan; menos aun que disminuyan.<\/em><\/strong><\/p>\n\n\n\n<p><strong><em>La ilusi\u00f3n es algo normal, la ambici\u00f3n es la lucha por salir adelante con los mejores recursos posibles, la lucha por el equilibrio social y econ\u00f3mico, es una tarea que justifica a la humanidad, en busca de hacerla menos mezquina.<\/em><\/strong><\/p>\n\n\n\n<p><strong><em>Nadie puede sentir que es superior por su acceso a los recursos; no debe ser discriminado por la falta de los mismos.<\/em><\/strong><\/p>\n\n\n\n<p><strong><em>M\u00e9xico es de los menos justificados cuando discriminamos a los migrantes; junto con China, la India y Filipinas, somos los pa\u00edses m\u00e1s expulsores de personas de nuestra casa y pueblo hacia el &#8220;norte&#8221;, destino del sue\u00f1o americano.<\/em><\/strong><\/p>\n\n\n\n<p><strong><em>Cuando suceden este tipo de tragedias; se entiende el derecho a encabronarnos y a buscar la oportunidad informativa, y para sacar beneficios pol\u00edticos; pero, por desgracia, por encima de la parte penosa y triste; seguir\u00e1n los discursos de siempre desde los gobiernos nacionales e internacionales; todos se mostrar\u00e1n preocupados por el evento; por el manejo de la informaci\u00f3n; por lo que se puede manchar la\u00a0&#8220;buena imagen del gobierno en turno&#8221;;\u00a0pero, por desgracia, este tipo de tragedias van a seguir sucediendo; no es posible detenerlos y eliminarlos; seguir\u00e1n pasando.<\/em><\/strong><\/p>\n\n\n\n<p><strong><em>De hecho, la econom\u00eda funciona mejor con mas desigualdades; entre mayor sea la distancia entre pobres y ricos; mejor ser\u00e1 la ganancia de las grandes econom\u00edas; est\u00e1 comprobado que, con m\u00e1s pobres, se puede pagar menos salario, con ello se gana m\u00e1s en la empresa.<\/em><\/strong><\/p>\n\n\n\n<p><strong><em>La penosa realidad del migrante tiene rostro humano solamente; la nacionalidad se distingue simplemente por el lugar desde donde emigran; la mayor\u00eda lo hace con la ilusi\u00f3n de encontrar un lugar sustituto que mejore lo que deja atr\u00e1s.<\/em><\/strong><\/p>\n\n\n\n<p><strong><em>El rostro humano es mexicano, nicarag\u00fcense, guatemalteco, chino, indio, filipino, todos buscan una opci\u00f3n menor que la que dejan atr\u00e1s&#8230;<\/em><\/strong><\/p>\n\n\n\n<p><strong><em>Es la tragedia humana de la desigualdad; mi\u00e9ntele la madre a todos los gobiernos que m\u00e1s odie; al final ninguno tiene la soluci\u00f3n; el problema se llama desigualdad y derecho a desear ser, tener las oportunidades que vemos que otros tienen; es un derecho humano; es la tragedia humana.<\/em><\/strong><\/p>\n","protected":false},"excerpt":{"rendered":"<p>LAS PEQUE\u00d1AS COSAS&#8230; Eliseo Castillo \u00a0 \u00a0 \u00a0 \u00a0 \u00a0 \u00a0 \u00a0 \u00a0 \u00a0 \u00a0 \u00a0 \u00a0 \u00a0 \u00a0 \u00a0 \u00a0 \u00a0 \u00a0 \u00a0 \u00a0 \u00a0 \u00a0 \u00a0 \u00a0 \u00a0 \u00a0 \u00a0 \u00a0 \u00a0 \u00a0 \u00a0 \u00a0 \u00a0 \u00a0 \u00a0 \u00a0 \u00a0 \u00a0 \u00a0 \u00a0 \u00a0 \u00a0 \u00a0 \u00a0 \u00a0 \u00a0 \u00a0 \u00a0 \u00a0 \u00a0 [&hellip;]<\/p>\n","protected":false},"author":2,"featured_media":5568,"comment_status":"open","ping_status":"open","sticky":false,"template":"","format":"standard","meta":{"footnotes":"","_rishi_post_view_count":600},"categories":[1],"tags":[78],"class_list":["post-5567","post","type-post","status-publish","format-standard","has-post-thumbnail","hentry","category-opinion","tag-tragedia-de-migrantes"],"comments_count":"0","_links":{"self":[{"href":"https:\/\/elpregonerodezamora.com\/index.php\/wp-json\/wp\/v2\/posts\/5567","targetHints":{"allow":["GET"]}}],"collection":[{"href":"https:\/\/elpregonerodezamora.com\/index.php\/wp-json\/wp\/v2\/posts"}],"about":[{"href":"https:\/\/elpregonerodezamora.com\/index.php\/wp-json\/wp\/v2\/types\/post"}],"author":[{"embeddable":true,"href":"https:\/\/elpregonerodezamora.com\/index.php\/wp-json\/wp\/v2\/users\/2"}],"replies":[{"embeddable":true,"href":"https:\/\/elpregonerodezamora.com\/index.php\/wp-json\/wp\/v2\/comments?post=5567"}],"version-history":[{"count":1,"href":"https:\/\/elpregonerodezamora.com\/index.php\/wp-json\/wp\/v2\/posts\/5567\/revisions"}],"predecessor-version":[{"id":5569,"href":"https:\/\/elpregonerodezamora.com\/index.php\/wp-json\/wp\/v2\/posts\/5567\/revisions\/5569"}],"wp:featuredmedia":[{"embeddable":true,"href":"https:\/\/elpregonerodezamora.com\/index.php\/wp-json\/wp\/v2\/media\/5568"}],"wp:attachment":[{"href":"https:\/\/elpregonerodezamora.com\/index.php\/wp-json\/wp\/v2\/media?parent=5567"}],"wp:term":[{"taxonomy":"category","embeddable":true,"href":"https:\/\/elpregonerodezamora.com\/index.php\/wp-json\/wp\/v2\/categories?post=5567"},{"taxonomy":"post_tag","embeddable":true,"href":"https:\/\/elpregonerodezamora.com\/index.php\/wp-json\/wp\/v2\/tags?post=5567"}],"curies":[{"name":"wp","href":"https:\/\/api.w.org\/{rel}","templated":true}]}}