{"id":5468,"date":"2023-03-24T01:44:28","date_gmt":"2023-03-24T01:44:28","guid":{"rendered":"https:\/\/elpregonerodezamora.com\/?p=5468"},"modified":"2023-03-24T01:44:29","modified_gmt":"2023-03-24T01:44:29","slug":"sipinna-y-centro-de-salud-galeana-acuerdan-llevar-temas-y-acciones-a-escuelas-del-municipio","status":"publish","type":"post","link":"https:\/\/elpregonerodezamora.com\/index.php\/2023\/03\/24\/sipinna-y-centro-de-salud-galeana-acuerdan-llevar-temas-y-acciones-a-escuelas-del-municipio\/","title":{"rendered":"SIPINNA y Centro de Salud \u201cGaleana\u201d acuerdan llevar temas y acciones a escuelas del municipio"},"content":{"rendered":"\n<ul class=\"wp-block-list\">\n<li><strong>La intenci\u00f3n es ofrecer mayores condiciones sanitarias a ni\u00f1os y adolescentes<\/strong><\/li>\n<\/ul>\n\n\n\n<p><strong><em>Zamora, Michoac\u00e1n; a 23 de marzo de 2023.- El Sistema de Protecci\u00f3n Integral de Ni\u00f1as, Ni\u00f1os y Adolescentes (SIPINNA) en el municipio y el Centro de Salud \u201cGaleana\u201d, firmaron un convenio de colaboraci\u00f3n en el que se establece la suma de suma de esfuerzos para ofrecer m\u00e1s y mejores condiciones de vida a ni\u00f1os, adolescentes y j\u00f3venes en materia de salud.<\/em><\/strong><\/p>\n\n\n\n<p><strong><em>Roc\u00edo Castellanos Morelos, secretaria ejecutiva de SIPINNA, indic\u00f3 que con este acuerdo se podr\u00e1n hacer vinculaciones y visitas en las escuelas de nivel b\u00e1sico y bachillerato, para impartir temas y acciones de promoci\u00f3n a la salud, como es el caso de nutrici\u00f3n, higiene bucal y prevenci\u00f3n de enfermedades, entre otros.<\/em><\/strong><\/p>\n\n\n\n<p><strong><em>Explic\u00f3 que la Secretar\u00eda de Salud tambi\u00e9n tiene un programa llamado servicios amigables, que es exclusivo para adolescentes, en los que se imparten pl\u00e1ticas, talleres y orientaciones referentes a m\u00e9todos anticonceptivos y sexualidad, violencia en el noviazgo, con la idea de prevenir embarazos no deseados.<\/em><\/strong><\/p>\n\n\n\n<p><strong><em>Por su parte, Trinidad Villegas Avi\u00f1a, director del Centro de Salud \u201cGaleana\u201d, abund\u00f3 que es trascendente colaborar con SIPINNA para impulsar el bienestar de la poblaci\u00f3n, principalmente de los sectores m\u00e1s vulnerables de la sociedad, como son ni\u00f1os, ni\u00f1as y adolescentes.<\/em><\/strong><\/p>\n","protected":false},"excerpt":{"rendered":"<p>Zamora, Michoac\u00e1n; a 23 de marzo de 2023.- El Sistema de Protecci\u00f3n Integral de Ni\u00f1as, Ni\u00f1os y Adolescentes (SIPINNA) en el municipio y el Centro de Salud \u201cGaleana\u201d, firmaron un convenio de colaboraci\u00f3n en el que se establece la suma de suma de esfuerzos para ofrecer m\u00e1s y mejores condiciones de vida a ni\u00f1os, adolescentes [&hellip;]<\/p>\n","protected":false},"author":2,"featured_media":5469,"comment_status":"open","ping_status":"open","sticky":false,"template":"","format":"standard","meta":{"footnotes":"","_rishi_post_view_count":710},"categories":[8],"tags":[],"class_list":["post-5468","post","type-post","status-publish","format-standard","has-post-thumbnail","hentry","category-zamora"],"comments_count":"0","_links":{"self":[{"href":"https:\/\/elpregonerodezamora.com\/index.php\/wp-json\/wp\/v2\/posts\/5468","targetHints":{"allow":["GET"]}}],"collection":[{"href":"https:\/\/elpregonerodezamora.com\/index.php\/wp-json\/wp\/v2\/posts"}],"about":[{"href":"https:\/\/elpregonerodezamora.com\/index.php\/wp-json\/wp\/v2\/types\/post"}],"author":[{"embeddable":true,"href":"https:\/\/elpregonerodezamora.com\/index.php\/wp-json\/wp\/v2\/users\/2"}],"replies":[{"embeddable":true,"href":"https:\/\/elpregonerodezamora.com\/index.php\/wp-json\/wp\/v2\/comments?post=5468"}],"version-history":[{"count":1,"href":"https:\/\/elpregonerodezamora.com\/index.php\/wp-json\/wp\/v2\/posts\/5468\/revisions"}],"predecessor-version":[{"id":5470,"href":"https:\/\/elpregonerodezamora.com\/index.php\/wp-json\/wp\/v2\/posts\/5468\/revisions\/5470"}],"wp:featuredmedia":[{"embeddable":true,"href":"https:\/\/elpregonerodezamora.com\/index.php\/wp-json\/wp\/v2\/media\/5469"}],"wp:attachment":[{"href":"https:\/\/elpregonerodezamora.com\/index.php\/wp-json\/wp\/v2\/media?parent=5468"}],"wp:term":[{"taxonomy":"category","embeddable":true,"href":"https:\/\/elpregonerodezamora.com\/index.php\/wp-json\/wp\/v2\/categories?post=5468"},{"taxonomy":"post_tag","embeddable":true,"href":"https:\/\/elpregonerodezamora.com\/index.php\/wp-json\/wp\/v2\/tags?post=5468"}],"curies":[{"name":"wp","href":"https:\/\/api.w.org\/{rel}","templated":true}]}}