{"id":5435,"date":"2023-03-23T00:14:03","date_gmt":"2023-03-23T00:14:03","guid":{"rendered":"https:\/\/elpregonerodezamora.com\/?p=5435"},"modified":"2023-03-23T00:14:03","modified_gmt":"2023-03-23T00:14:03","slug":"vigente-programa-de-dispositivos-clip","status":"publish","type":"post","link":"https:\/\/elpregonerodezamora.com\/index.php\/2023\/03\/23\/vigente-programa-de-dispositivos-clip\/","title":{"rendered":"Vigente programa de dispositivos Clip"},"content":{"rendered":"\n<p><strong><em>* Para facilitar cobros con tarjeta en comercios y establecimientos <\/em><\/strong><\/p>\n\n\n\n<p><strong><em>Jacona, Mich., a mi\u00e9rcoles 22 de marzo del 2023.- Con la finalidad de fortalecer a la micro y mediana empresa, el Gobierno Municipal a trav\u00e9s de la Regidur\u00eda de Desarrollo Econ\u00f3mico y la Regidur\u00eda de Comercio, hace un recordatorio a la ciudadan\u00eda jaconense acerca de los dispositivos Clip que se tienen disponibles para fomentar el pago electr\u00f3nico y con tarjetas, en establecimientos y comercios.<\/em><\/strong><\/p>\n\n\n\n<p><strong><em>Eva Pimentel Reyes, Regidora de Industria y Comercio, dijo que estos dispositivos contribuyen a fortalecer la actividad comercial, al ofrecer los negocios y establecimientos la alternativa de pagos con tarjetas a sus clientes; ya que gracias a los dispositivos Clips, se permite el cobro a trav\u00e9s de tarjetas de cr\u00e9dito, d\u00e9bito e incluso tarjetas de vales de despensa; a efecto de que no se dependa \u00fanicamente de los pagos en efectivo. La Regidora, dijo que todas las personas interesadas pueden adquirir el dispositivo Clip Plus 2 a trav\u00e9s de un subsidio, con un costo de solo 150 pesos, que adem\u00e1s incluye la capacitaci\u00f3n para su uso correcto, para lo cual los interesados en adquirir este sistema deben acudir a la Regidur\u00eda de Desarrollo Econ\u00f3mico y en la Regidur\u00eda de Comercio donde pueden hacer la solicitud respectiva. <\/em><\/strong><\/p>\n\n\n\n<p><strong><em>Finalmente, Pimentel Reyes record\u00f3 que el horario de atenci\u00f3n es de lunes a viernes de 9:00 a 3:00 de la tarde o bien para mayor informaci\u00f3n, se pueden comunicar al tel\u00e9fono 351 516 30 45 extensi\u00f3n 125.<\/em><\/strong><\/p>\n","protected":false},"excerpt":{"rendered":"<p>* Para facilitar cobros con tarjeta en comercios y establecimientos Jacona, Mich., a mi\u00e9rcoles 22 de marzo del 2023.- Con la finalidad de fortalecer a la micro y mediana empresa, el Gobierno Municipal a trav\u00e9s de la Regidur\u00eda de Desarrollo Econ\u00f3mico y la Regidur\u00eda de Comercio, hace un recordatorio a la ciudadan\u00eda jaconense acerca de [&hellip;]<\/p>\n","protected":false},"author":2,"featured_media":5436,"comment_status":"open","ping_status":"open","sticky":false,"template":"","format":"standard","meta":{"footnotes":"","_rishi_post_view_count":599},"categories":[12],"tags":[],"class_list":["post-5435","post","type-post","status-publish","format-standard","has-post-thumbnail","hentry","category-jacona"],"comments_count":"0","_links":{"self":[{"href":"https:\/\/elpregonerodezamora.com\/index.php\/wp-json\/wp\/v2\/posts\/5435","targetHints":{"allow":["GET"]}}],"collection":[{"href":"https:\/\/elpregonerodezamora.com\/index.php\/wp-json\/wp\/v2\/posts"}],"about":[{"href":"https:\/\/elpregonerodezamora.com\/index.php\/wp-json\/wp\/v2\/types\/post"}],"author":[{"embeddable":true,"href":"https:\/\/elpregonerodezamora.com\/index.php\/wp-json\/wp\/v2\/users\/2"}],"replies":[{"embeddable":true,"href":"https:\/\/elpregonerodezamora.com\/index.php\/wp-json\/wp\/v2\/comments?post=5435"}],"version-history":[{"count":1,"href":"https:\/\/elpregonerodezamora.com\/index.php\/wp-json\/wp\/v2\/posts\/5435\/revisions"}],"predecessor-version":[{"id":5437,"href":"https:\/\/elpregonerodezamora.com\/index.php\/wp-json\/wp\/v2\/posts\/5435\/revisions\/5437"}],"wp:featuredmedia":[{"embeddable":true,"href":"https:\/\/elpregonerodezamora.com\/index.php\/wp-json\/wp\/v2\/media\/5436"}],"wp:attachment":[{"href":"https:\/\/elpregonerodezamora.com\/index.php\/wp-json\/wp\/v2\/media?parent=5435"}],"wp:term":[{"taxonomy":"category","embeddable":true,"href":"https:\/\/elpregonerodezamora.com\/index.php\/wp-json\/wp\/v2\/categories?post=5435"},{"taxonomy":"post_tag","embeddable":true,"href":"https:\/\/elpregonerodezamora.com\/index.php\/wp-json\/wp\/v2\/tags?post=5435"}],"curies":[{"name":"wp","href":"https:\/\/api.w.org\/{rel}","templated":true}]}}