{"id":5420,"date":"2023-03-22T23:06:06","date_gmt":"2023-03-22T23:06:06","guid":{"rendered":"https:\/\/elpregonerodezamora.com\/?p=5420"},"modified":"2023-03-22T23:06:07","modified_gmt":"2023-03-22T23:06:07","slug":"sin-petroleo-y-maiz-si-hay-pais-pero","status":"publish","type":"post","link":"https:\/\/elpregonerodezamora.com\/index.php\/2023\/03\/22\/sin-petroleo-y-maiz-si-hay-pais-pero\/","title":{"rendered":"SIN PETR\u00d3LEO Y MA\u00cdZ SI HAY PA\u00cdS\u2026, PERO\u2026"},"content":{"rendered":"\n<p><strong>LA ECONOM\u00cdA Y USTED<\/strong><\/p>\n\n\n\n<p><strong>Eliseo Castillo<\/strong><\/p>\n\n\n\n<p>\u00a0 \u00a0 \u00a0 \u00a0 \u00a0 \u00a0 \u00a0 \u00a0 \u00a0 \u00a0 \u00a0 \u00a0 \u00a0 \u00a0 \u00a0 \u00a0 \u00a0 \u00a0 \u00a0 \u00a0 \u00a0 \u00a0 \u00a0 \u00a0 \u00a0 \u00a0 \u00a0 \u00a0 <\/p>\n\n\n\n<p>\u00a0 \u00a0 \u00a0 \u00a0 \u00a0 \u00a0 \u00a0 \u00a0 \u00a0 \u00a0 \u00a0 \u00a0 \u00a0 \u00a0 \u00a0 \u00a0 \u00a0 \u00a0 \u00a0 \u00a0 \u00a0 \u00a0 \u00a0 \u00a0 \u00a0 \u00a0 \u00a0 \u00a0 \u00a0 \u00a0 \u00a0 \u00a0 \u00a0 \u00a0 \u00a0 \u00a0 \u00a0           <strong>HUELLAS<\/strong><\/p>\n\n\n\n<p>\u00a0 \u00a0 \u00a0 \u00a0 \u00a0 \u00a0 \u00a0 \u00a0 \u00a0 \u00a0 \u00a0 \u00a0 \u00a0 \u00a0 \u00a0 \u00a0 \u00a0 \u00a0 \u00a0 \u00a0 \u00a0 \u00a0 \u00a0 \u00a0 \u00a0 \u00a0 \u00a0 \u00a0 \u00a0 \u00a0 <strong><em>\u00a0&#8220;Se hace la tarde y el sol se acongoja,<\/em><\/strong><\/p>\n\n\n\n<p>\u00a0 \u00a0 \u00a0 \u00a0 \u00a0 \u00a0 \u00a0 \u00a0 \u00a0 \u00a0 \u00a0 \u00a0 \u00a0 \u00a0 \u00a0 \u00a0 \u00a0 \u00a0 \u00a0 \u00a0 \u00a0 \u00a0 \u00a0 \u00a0 \u00a0 \u00a0 \u00a0 \u00a0 \u00a0 \u00a0 <strong><em>\u00a0igual el cuerpo los sabe y busca refugio,<\/em><\/strong><\/p>\n\n\n\n<p>\u00a0 \u00a0 \u00a0 \u00a0 \u00a0 \u00a0 \u00a0 \u00a0 \u00a0 \u00a0 \u00a0 \u00a0 \u00a0 \u00a0 \u00a0 \u00a0 \u00a0 \u00a0 \u00a0 \u00a0 \u00a0 \u00a0 \u00a0 \u00a0 \u00a0 \u00a0 \u00a0 \u00a0 \u00a0 \u00a0 \u00a0<strong><em>en alg\u00fan lugar de la tierra alguien te espera\u00a0\u00a0<\/em><\/strong><\/p>\n\n\n\n<p>\u00a0 \u00a0 \u00a0 \u00a0 \u00a0 \u00a0 \u00a0 \u00a0 \u00a0 \u00a0 \u00a0 \u00a0 \u00a0 \u00a0 \u00a0 \u00a0 \u00a0 \u00a0 \u00a0 \u00a0 \u00a0 \u00a0 \u00a0 \u00a0 \u00a0 \u00a0 \u00a0 \u00a0 \u00a0 \u00a0 \u00a0<strong><em>desde alg\u00fan lugar del mundo, alguien te bendice.<\/em><\/strong><\/p>\n\n\n\n<p>\u00a0 \u00a0 \u00a0 \u00a0 \u00a0 \u00a0 \u00a0 \u00a0 \u00a0 \u00a0 \u00a0 \u00a0 \u00a0 \u00a0 \u00a0 \u00a0 \u00a0 \u00a0 \u00a0 \u00a0 \u00a0 \u00a0 \u00a0 \u00a0 \u00a0 \u00a0 \u00a0 \u00a0 \u00a0 \u00a0 <strong><em>\u00a0Desde alg\u00fan lugar, sigo tus huellas&#8221;&#8230;<\/em><\/strong><\/p>\n\n\n\n<p>\u00a0 \u00a0 \u00a0 \u00a0 \u00a0 \u00a0 \u00a0 \u00a0 \u00a0 \u00a0 \u00a0 \u00a0 \u00a0 \u00a0 \u00a0 \u00a0 \u00a0 \u00a0 \u00a0 \u00a0 \u00a0 \u00a0 \u00a0 \u00a0 \u00a0 \u00a0 \u00a0 \u00a0 \u00a0 \u00a0 \u00a0 \u00a0 \u00a0 \u00a0 \u00a0 \u00a0 \u00a0 \u00a0 \u00a0 \u00a0 \u00a0 \u00a0 \u00a0 <strong>\u00a0 \u00a0el\u00edseo.<\/strong><\/p>\n\n\n\n<p><strong><em>Mientras se insiste en la arenga pol\u00edtica de que sin ma\u00edz no hay pa\u00eds, los apetitos por productos alimenticios suntuarios en los pa\u00edses ricos se incrementa; la oportunidad de incrementar las ganancias en la llamada agricultura de contrato se hace atractiva; as\u00ed es como parte de la tierra que regularmente se utiliza para cultivo de ma\u00edz, se usa ahora para producir la llamadas &#8220;frutillas de exportaci\u00f3n&#8221; o &#8220;Las berries&#8221;.<\/em><\/strong><\/p>\n\n\n\n<p><strong><em>No es mala la elecci\u00f3n productiva; de hecho est\u00e1 demostrado que se incrementa la ganancia para algunos grandes productores; quienes, deja de lado los productos tradicionales, para aumentar la tierra dedicada al cultivo de fresas, ar\u00e1ndanos, zarzamoras y frambuesas&#8230;; \u00a1qu\u00e9 quiere usted, los apetitos de los consumidores con alto poder de compra en Canad\u00e1, Estados Unidos, Europa Occidental, Jap\u00f3n y China lo demandan! tienen dinero&#8230;, pues hay que cumplirles sus deseos.<\/em><\/strong><\/p>\n\n\n\n<p><strong><em>El problema es que se va desplazando un producto de tipo tradicional, con menos aportaci\u00f3n de valor de mercado; pero mucho m\u00e1s necesario en materia de alimentaci\u00f3n y cultura nutricional; el ma\u00edz.<\/em><\/strong><\/p>\n\n\n\n<p><strong><em>Seg\u00fan el Banco de M\u00e9xico, en 2023, el pa\u00eds se vio obligado a importar ma\u00edz por un valor superior a 5 000 millones de d\u00f3lares; nunca antes se hab\u00eda requerido de tanto dinero para comprar el ma\u00edz que hemos dejado de producir. En contraste, se\u00f1ala la fuente (Braulio Carbajal, en Per. La Jornada, lunes 20 de marzo, de 2023, pag.24):\u00a0\u00a0&#8220;los productores de berries, registraron ingresos por 2 mil 456 millones de d\u00f3lares, 7.2 por ciento m\u00e1s que el obtenido en igual periodo de 2021&#8221; (Op.cit).<\/em><\/strong><\/p>\n\n\n\n<p><strong><em>La misma fuente indica que la necesidad de ma\u00edz del mercado internacional llega a los 17 millones de toneladas; se considera que ya no hay terreno para cultivo de este producto&#8230;<\/em><\/strong><\/p>\n\n\n\n<p><em><strong>Sin producci\u00f3n de ma\u00edz si hay pa\u00eds&#8230;; \u00a1pero es mejor producirlo que tener que buscar en el extranjero! lamentable error de las pol\u00edticas econ\u00f3micas de d\u00e9cadas; al menos desde 1982 a la fecha; y con la globalizaci\u00f3n y los tratados comerciales internacionales esta tendencia, no se ve como va a ser remediado.<\/strong><\/em><\/p>\n\n\n\n<p><strong><em>\u00bfSin petr\u00f3leo igual no hay pa\u00eds&#8230;?<\/em><\/strong><\/p>\n\n\n\n<p><strong><em>Si hay pa\u00eds, pero con m\u00e1s problemas, con una tendencia a buscar gasolina y gas en el mercado exterior; contrario a lo que se nos ven\u00eda tratando de inculcar y que, a quienes nos opon\u00edamos intelectualmente a este perverso discurso nos caus\u00f3 problemas (incluso siendo atacados en nuestros espacios de trabajo) de que el petr\u00f3leo era un bien que iba de salida en su importancia y uso; que lo m\u00e1s importante era sacar todo el energ\u00e9tico posible y venderlo; se argumentaba que las gasolinas ya ni iban a ser necesarias; nos pintaban un mundo invadido de carros el\u00e9ctricos; y como Alicia en el pa\u00eds de las maravillas; la mejor pol\u00edtica era sobreexplotar un bien que ya no era importante; pat\u00e9tico el discurso de Pe\u00f1a Nieto al anunciarnos que la &#8220;gallina de los huevos de oro se hab\u00eda secado&#8221;&#8230;\u00a1puaaajjj! a callar y vender todo el derecho de explotaci\u00f3n de este mineral a los &#8220;inversionistas tontos&#8221; que son tan ignorantes que no saben que ya el mundo no necesita gasolina.<\/em><\/strong><\/p>\n\n\n\n<p><strong><em>Tuvo que venir el secretario general de la OPEP (Organizaci\u00f3n internacional de productores de petr\u00f3leo) Haitham Ghais se\u00f1al\u00f3 una sentencia lapidaria&#8230;<\/em><\/strong><\/p>\n\n\n\n<p><em><strong>&#8220;resalt\u00f3 que la industria petrolera juega un papel muy importante en el futuro, pues hasta 2045 la demanda primaria global de energ\u00eda crecer\u00e1 23 por ciento; el tama\u00f1o de la econom\u00eda mundial se duplicar\u00e1 y la poblaci\u00f3n se incrementar\u00e1 de 8 mil millones a casi 20 mil millones, es decir que toda esta demanda no se podr\u00e1 enfrentar solamente con una fuente de energ\u00eda, por lo que se requiere de todas para complementar.&#8221; (Alejandro Alegr\u00eda, Per. La Jornada, viernes 10 de marzo, 2023; pag.20)<\/strong><\/em><\/p>\n\n\n\n<p><strong><em>Pero en M\u00e9xico, en lugar de revertir la tendencia al saqueo y privatizaci\u00f3n se decidi\u00f3 que habr\u00eda que publicar en la prensa escrita, en la radio y televisi\u00f3n el mensaje rotundo desde la presidencia de que&#8230; &#8220;se hab\u00eda agotado la gallina de los huevos de oro&#8230;&#8221;<\/em><\/strong><\/p>\n\n\n\n<p><strong>Al respecto&#8230;<\/strong><\/p>\n\n\n\n<p><strong><em>Al respecto, el director de Pemex Octavo Romero nos ofrece la siguiente informaci\u00f3n&#8230;<\/em><\/strong><\/p>\n\n\n\n<p><strong><em>&#8220;&#8230; a partir de 2004 en el gobierno de Vicente Fox-sobre todo por la sobrexplotaci\u00f3n de Cantarel- se observ\u00f3 una &#8220;dram\u00e1tica ca\u00edda&#8221; en la producci\u00f3n petrolera (en ese entonces lleg\u00f3 a 3.4 millones de barriles por d\u00eda), y la administraci\u00f3n pe\u00f1anietista a duras penas entreg\u00f3 alrededor de un mill\u00f3n 700 mil (50 por ciento de desplome). (Citado por Carlos Fern\u00e1ndez-Vega; EN: per. La Jornada, viernes 17 de marzo, de 2023; pag.19)<\/em><\/strong><\/p>\n\n\n\n<p><strong><em>As\u00ed de dram\u00e1tica fue la ca\u00edda de la explotaci\u00f3n petrolera desde el sexenio de Fox hasta el de Pe\u00f1a Nieto.<\/em><\/strong><\/p>\n\n\n\n<p><strong><em>Sin petr\u00f3leo si hay pa\u00eds&#8230;, \u00a1pero nuevamente hay que ir a buscar quien nos venda gasolina y nos imponga sus pol\u00edticas econ\u00f3micas&#8230;\u00a1teniendo el recurso en nuestro territorio!<\/em><\/strong><\/p>\n\n\n\n<p><strong><em>En la misma columna, el Secretario general de Pemex agrega&#8230;<\/em><\/strong><\/p>\n\n\n\n<p><strong><em>&#8220;En 2004 Las seis refiner\u00edas del pa\u00eds procesaban un mill\u00f3n 300 mil barriles diarios, volumen que fue decreciendo (Fox, Felipe Calder\u00f3n, Enrique Pe\u00f1a Nieto) hasta llegar a 519 en noviembre de 2018 (60 por ciento de ca\u00edda).\u00a0<\/em><\/strong><\/p>\n\n\n\n<p><strong><em>Sin embargo, en 2022, inclu\u00edda Deer Park, se procesan un mill\u00f3n 100 mil.<\/em><\/strong><\/p>\n\n\n\n<p><em><strong>(Ib\u00eddem)<\/strong><\/em><\/p>\n\n\n\n<p><em><strong>Moraleja&#8230;, si se puede&#8230;<\/strong><\/em><\/p>\n\n\n\n<p><strong><em>Sin ma\u00edz y petr\u00f3leo si hay pa\u00eds&#8230;; pero es mejor tenerlos y no andar buscando quien nos lo venda&#8230;, o nos lo fie&#8230;<\/em><\/strong><\/p>\n\n\n\n<p><strong><em>La menor pol\u00edtica econ\u00f3mica es la que cuida la producci\u00f3n de los alimentos en el pa\u00eds; deje de pensar que la globalizaci\u00f3n se lo resuelve por medio de sus tiendotas departamentales&#8230;; la mejor pol\u00edtica es producirlos&#8230;<\/em><\/strong><\/p>\n\n\n\n<p><strong>\u00bfO no&#8230;?<\/strong><\/p>\n","protected":false},"excerpt":{"rendered":"<p>LA ECONOM\u00cdA Y USTED Eliseo Castillo \u00a0 \u00a0 \u00a0 \u00a0 \u00a0 \u00a0 \u00a0 \u00a0 \u00a0 \u00a0 \u00a0 \u00a0 \u00a0 \u00a0 \u00a0 \u00a0 \u00a0 \u00a0 \u00a0 \u00a0 \u00a0 \u00a0 \u00a0 \u00a0 \u00a0 \u00a0 \u00a0 \u00a0 \u00a0 \u00a0 \u00a0 \u00a0 \u00a0 \u00a0 \u00a0 \u00a0 \u00a0 \u00a0 \u00a0 \u00a0 \u00a0 \u00a0 \u00a0 \u00a0 \u00a0 \u00a0 \u00a0 \u00a0 \u00a0 [&hellip;]<\/p>\n","protected":false},"author":2,"featured_media":5421,"comment_status":"open","ping_status":"open","sticky":false,"template":"","format":"gallery","meta":{"footnotes":"","_rishi_post_view_count":631},"categories":[1],"tags":[69],"class_list":["post-5420","post","type-post","status-publish","format-gallery","has-post-thumbnail","hentry","category-opinion","tag-sin-petroleo-y-maiz-si-hay-pais","post_format-post-format-gallery"],"comments_count":"0","_links":{"self":[{"href":"https:\/\/elpregonerodezamora.com\/index.php\/wp-json\/wp\/v2\/posts\/5420","targetHints":{"allow":["GET"]}}],"collection":[{"href":"https:\/\/elpregonerodezamora.com\/index.php\/wp-json\/wp\/v2\/posts"}],"about":[{"href":"https:\/\/elpregonerodezamora.com\/index.php\/wp-json\/wp\/v2\/types\/post"}],"author":[{"embeddable":true,"href":"https:\/\/elpregonerodezamora.com\/index.php\/wp-json\/wp\/v2\/users\/2"}],"replies":[{"embeddable":true,"href":"https:\/\/elpregonerodezamora.com\/index.php\/wp-json\/wp\/v2\/comments?post=5420"}],"version-history":[{"count":1,"href":"https:\/\/elpregonerodezamora.com\/index.php\/wp-json\/wp\/v2\/posts\/5420\/revisions"}],"predecessor-version":[{"id":5422,"href":"https:\/\/elpregonerodezamora.com\/index.php\/wp-json\/wp\/v2\/posts\/5420\/revisions\/5422"}],"wp:featuredmedia":[{"embeddable":true,"href":"https:\/\/elpregonerodezamora.com\/index.php\/wp-json\/wp\/v2\/media\/5421"}],"wp:attachment":[{"href":"https:\/\/elpregonerodezamora.com\/index.php\/wp-json\/wp\/v2\/media?parent=5420"}],"wp:term":[{"taxonomy":"category","embeddable":true,"href":"https:\/\/elpregonerodezamora.com\/index.php\/wp-json\/wp\/v2\/categories?post=5420"},{"taxonomy":"post_tag","embeddable":true,"href":"https:\/\/elpregonerodezamora.com\/index.php\/wp-json\/wp\/v2\/tags?post=5420"}],"curies":[{"name":"wp","href":"https:\/\/api.w.org\/{rel}","templated":true}]}}