{"id":5406,"date":"2023-03-21T23:55:02","date_gmt":"2023-03-21T23:55:02","guid":{"rendered":"https:\/\/elpregonerodezamora.com\/?p=5406"},"modified":"2023-03-21T23:55:03","modified_gmt":"2023-03-21T23:55:03","slug":"responden-jaconenses-al-taller-de-auto-estima-y-autocuidado","status":"publish","type":"post","link":"https:\/\/elpregonerodezamora.com\/index.php\/2023\/03\/21\/responden-jaconenses-al-taller-de-auto-estima-y-autocuidado\/","title":{"rendered":"RESPONDEN JACONENSES AL TALLER  DE AUTO ESTIMA Y AUTOCUIDADO"},"content":{"rendered":"\n<p><strong><em>Jacona, Mich., a martes 21 de marzo del 2023.- El Gobierno de Jacona a trav\u00e9s del Centro de Desarrollo Comunitario (CEDECO) Mirador de San Pablo, llev\u00f3 a cabo con \u00e9xito en sus instalaciones, el taller de \u201cAutoestima y Autocuidado\u201d por el d\u00eda conmemorativo al 8 de marzo D\u00eda de la Mujer.<\/em><\/strong><\/p>\n\n\n\n<p><strong><em>Impartido por la terapeuta Erika Pati\u00f1o Frasco y personal del CEDECO teniendo una favorable aceptaci\u00f3n y participaci\u00f3n de todas las mujeres que asistieron al taller, donde al concluir se les obsequi\u00f3 una rosa.<\/em><\/strong><\/p>\n\n\n\n<p><strong><em>El objetivo de los servicios y talleres impartidos en el CEDECO, es ofrecer m\u00e1s alternativas de entretenimiento y aprendizaje para los jaconenses, y que puedan emplear su tiempo libre en actividades reproductivas.<\/em><\/strong><\/p>\n\n\n\n<p><strong><em>De esta manera, se contin\u00faa informando e invitando constantemente a todos los jaconenses acerca de los cursos y talleres que el CEDECO Mirador de San Pablo realiza.<\/em><\/strong><\/p>\n\n\n\n<p><strong><em>Para mayor informaci\u00f3n, la ciudadan\u00eda puede comunicarse al tel\u00e9fono 3511363022, o acudir a las instalaciones del CEDECO en la calle 21 de Junio #602, Mirador de San Pablo, C.P. 59853, en Jacona.<\/em><\/strong><\/p>\n","protected":false},"excerpt":{"rendered":"<p>Jacona, Mich., a martes 21 de marzo del 2023.- El Gobierno de Jacona a trav\u00e9s del Centro de Desarrollo Comunitario (CEDECO) Mirador de San Pablo, llev\u00f3 a cabo con \u00e9xito en sus instalaciones, el taller de \u201cAutoestima y Autocuidado\u201d por el d\u00eda conmemorativo al 8 de marzo D\u00eda de la Mujer. Impartido por la terapeuta [&hellip;]<\/p>\n","protected":false},"author":2,"featured_media":5408,"comment_status":"open","ping_status":"open","sticky":false,"template":"","format":"standard","meta":{"footnotes":"","_rishi_post_view_count":629},"categories":[12],"tags":[],"class_list":["post-5406","post","type-post","status-publish","format-standard","has-post-thumbnail","hentry","category-jacona"],"comments_count":"0","_links":{"self":[{"href":"https:\/\/elpregonerodezamora.com\/index.php\/wp-json\/wp\/v2\/posts\/5406","targetHints":{"allow":["GET"]}}],"collection":[{"href":"https:\/\/elpregonerodezamora.com\/index.php\/wp-json\/wp\/v2\/posts"}],"about":[{"href":"https:\/\/elpregonerodezamora.com\/index.php\/wp-json\/wp\/v2\/types\/post"}],"author":[{"embeddable":true,"href":"https:\/\/elpregonerodezamora.com\/index.php\/wp-json\/wp\/v2\/users\/2"}],"replies":[{"embeddable":true,"href":"https:\/\/elpregonerodezamora.com\/index.php\/wp-json\/wp\/v2\/comments?post=5406"}],"version-history":[{"count":1,"href":"https:\/\/elpregonerodezamora.com\/index.php\/wp-json\/wp\/v2\/posts\/5406\/revisions"}],"predecessor-version":[{"id":5409,"href":"https:\/\/elpregonerodezamora.com\/index.php\/wp-json\/wp\/v2\/posts\/5406\/revisions\/5409"}],"wp:featuredmedia":[{"embeddable":true,"href":"https:\/\/elpregonerodezamora.com\/index.php\/wp-json\/wp\/v2\/media\/5408"}],"wp:attachment":[{"href":"https:\/\/elpregonerodezamora.com\/index.php\/wp-json\/wp\/v2\/media?parent=5406"}],"wp:term":[{"taxonomy":"category","embeddable":true,"href":"https:\/\/elpregonerodezamora.com\/index.php\/wp-json\/wp\/v2\/categories?post=5406"},{"taxonomy":"post_tag","embeddable":true,"href":"https:\/\/elpregonerodezamora.com\/index.php\/wp-json\/wp\/v2\/tags?post=5406"}],"curies":[{"name":"wp","href":"https:\/\/api.w.org\/{rel}","templated":true}]}}