{"id":5388,"date":"2023-03-21T18:26:29","date_gmt":"2023-03-21T18:26:29","guid":{"rendered":"https:\/\/elpregonerodezamora.com\/?p=5388"},"modified":"2023-03-21T18:26:30","modified_gmt":"2023-03-21T18:26:30","slug":"triplico-kuinchekua-2023-afluencia-de-espectadores","status":"publish","type":"post","link":"https:\/\/elpregonerodezamora.com\/index.php\/2023\/03\/21\/triplico-kuinchekua-2023-afluencia-de-espectadores\/","title":{"rendered":"Triplic\u00f3 K\u2019u\u00ednchekua 2023 afluencia de espectadores"},"content":{"rendered":"\n<p><strong><em>La Fiesta de Michoac\u00e1n dej\u00f3 una derrama econ\u00f3mica de 10.125 millones de pesos.<\/em><\/strong><\/p>\n\n\n\n<p><strong>Morelia, Michoac\u00e1n, 21 de marzo de 2023.- Este a\u00f1o, la afluencia de visitantes a la K\u2019u\u00ednchekua, la Fiesta de Michoac\u00e1n, creci\u00f3 casi al triple, con una asistencia de 15 mil 240 personas a Las Y\u00e1catas de Tzintzuntzan, en comparaci\u00f3n con la edici\u00f3n 2022.<\/strong><\/p>\n\n\n\n<p><strong>En conferencia de prensa encabezada por el gobernador Alfredo Ram\u00edrez Bedolla, el secretario de Turismo, Roberto Monroy Garc\u00eda, report\u00f3 que el evento pas\u00f3 de tres d\u00edas en 2022 a cuatro en 2023, lo que dej\u00f3 una derrama econ\u00f3mica de 10.125 millones de pesos.<\/strong><\/p>\n\n\n\n<p><strong>El titular de la dependencia estatal inform\u00f3 que en cada presentaci\u00f3n ingresaron alrededor de 3 mil 810 personas, y su procedencia fue principalmente de 10 estados como Michoac\u00e1n, Ciudad de M\u00e9xico, Estado de M\u00e9xico, Jalisco, Chihuahua, Guanajuato, Puebla, Nuevo Le\u00f3n, Quer\u00e9taro, San Luis Potos\u00ed y Tabasco; as\u00ed como de ocho pa\u00edses, entre ellos Estados Unidos, Suiza, Francia, Alemania, Corea del Sur, Colombia, Uruguay y B\u00e9lgica.<\/strong><\/p>\n\n\n\n<p><strong>El equipo de encuestadores que labor\u00f3 durante los cuatro d\u00edas de presentaciones en Las Y\u00e1catas de Tzintzuntzan, detect\u00f3 tambi\u00e9n que en la composici\u00f3n del p\u00fablico hubo 57% de mujeres, 47% de hombres; 88% llegaron en auto propio; 21% fueron turistas que pernoctaron 1.9 d\u00edas en Michoac\u00e1n, y 79% fueron visitantes que llegaron a Tzintzuntzan de paso, solo para asistir al evento.<\/strong><\/p>\n","protected":false},"excerpt":{"rendered":"<p>La Fiesta de Michoac\u00e1n dej\u00f3 una derrama econ\u00f3mica de 10.125 millones de pesos. Morelia, Michoac\u00e1n, 21 de marzo de 2023.- Este a\u00f1o, la afluencia de visitantes a la K\u2019u\u00ednchekua, la Fiesta de Michoac\u00e1n, creci\u00f3 casi al triple, con una asistencia de 15 mil 240 personas a Las Y\u00e1catas de Tzintzuntzan, en comparaci\u00f3n con la edici\u00f3n [&hellip;]<\/p>\n","protected":false},"author":2,"featured_media":5389,"comment_status":"open","ping_status":"open","sticky":false,"template":"","format":"standard","meta":{"footnotes":"","_rishi_post_view_count":613},"categories":[6],"tags":[],"class_list":["post-5388","post","type-post","status-publish","format-standard","has-post-thumbnail","hentry","category-michoacan"],"comments_count":"0","_links":{"self":[{"href":"https:\/\/elpregonerodezamora.com\/index.php\/wp-json\/wp\/v2\/posts\/5388","targetHints":{"allow":["GET"]}}],"collection":[{"href":"https:\/\/elpregonerodezamora.com\/index.php\/wp-json\/wp\/v2\/posts"}],"about":[{"href":"https:\/\/elpregonerodezamora.com\/index.php\/wp-json\/wp\/v2\/types\/post"}],"author":[{"embeddable":true,"href":"https:\/\/elpregonerodezamora.com\/index.php\/wp-json\/wp\/v2\/users\/2"}],"replies":[{"embeddable":true,"href":"https:\/\/elpregonerodezamora.com\/index.php\/wp-json\/wp\/v2\/comments?post=5388"}],"version-history":[{"count":1,"href":"https:\/\/elpregonerodezamora.com\/index.php\/wp-json\/wp\/v2\/posts\/5388\/revisions"}],"predecessor-version":[{"id":5390,"href":"https:\/\/elpregonerodezamora.com\/index.php\/wp-json\/wp\/v2\/posts\/5388\/revisions\/5390"}],"wp:featuredmedia":[{"embeddable":true,"href":"https:\/\/elpregonerodezamora.com\/index.php\/wp-json\/wp\/v2\/media\/5389"}],"wp:attachment":[{"href":"https:\/\/elpregonerodezamora.com\/index.php\/wp-json\/wp\/v2\/media?parent=5388"}],"wp:term":[{"taxonomy":"category","embeddable":true,"href":"https:\/\/elpregonerodezamora.com\/index.php\/wp-json\/wp\/v2\/categories?post=5388"},{"taxonomy":"post_tag","embeddable":true,"href":"https:\/\/elpregonerodezamora.com\/index.php\/wp-json\/wp\/v2\/tags?post=5388"}],"curies":[{"name":"wp","href":"https:\/\/api.w.org\/{rel}","templated":true}]}}