{"id":5382,"date":"2023-03-21T02:12:25","date_gmt":"2023-03-21T02:12:25","guid":{"rendered":"https:\/\/elpregonerodezamora.com\/?p=5382"},"modified":"2023-03-21T02:12:27","modified_gmt":"2023-03-21T02:12:27","slug":"listos-terrenos-para-nuevos-hospitales-del-imss-en-morelia-uruapan-y-zitacuaro","status":"publish","type":"post","link":"https:\/\/elpregonerodezamora.com\/index.php\/2023\/03\/21\/listos-terrenos-para-nuevos-hospitales-del-imss-en-morelia-uruapan-y-zitacuaro\/","title":{"rendered":"Listos terrenos para nuevos hospitales del IMSS en Morelia, Uruapan y Zit\u00e1cuaro"},"content":{"rendered":"\n<p><strong><em>Morelia, Michoac\u00e1n, 20 de marzo del 2023.- El gobernador Alfredo Ram\u00edrez Bedolla y el encargado de la Representaci\u00f3n del Instituto Mexicano del Seguro Social (IMSS) en Michoac\u00e1n, Javier de Jes\u00fas Cabral Soto, informaron que el pr\u00f3ximo 28 de marzo, el Consejo T\u00e9cnico del Instituto sesionar\u00e1 para validar los terrenos donde se construir\u00e1n los nuevos hospitales en Morelia, Uruapan y Zit\u00e1cuaro.<\/em><\/strong><\/p>\n\n\n\n<p><strong><em>En reuni\u00f3n de trabajo, Cabral Soto adelant\u00f3 al gobernador que ya se cuenta con la documentaci\u00f3n requerida para el proyecto de Zit\u00e1cuaro, mientras que en Uruapan se tienen los estudios correspondientes para ejecutar la obra y, en Morelia est\u00e1 listo el terreno, cerca del complejo habitacional Villas del Pedregal, para concretar su donaci\u00f3n.<\/em><\/strong><\/p>\n\n\n\n<p><strong><em>A lo que el mandatario destac\u00f3 los avances que se han logrado en los \u00faltimos meses al mencionar que se incrementar\u00e1 y fortalecer\u00e1 la atenci\u00f3n y los servicios m\u00e9dicos especializados para las y los derechohabientes de los tres municipios y zonas aleda\u00f1as.<\/em><\/strong><\/p>\n\n\n\n<p><strong><em>Ram\u00edrez Bedolla record\u00f3 que, en su \u00faltima gira de trabajo en Zit\u00e1cuaro, el presidente municipal Antonio Ixtl\u00e1huac Orihuela, le inform\u00f3 que el terreno que ser\u00e1 entregado al IMSS para la construcci\u00f3n del nuevo hospital est\u00e1 ubicado en la localidad de San Juan.<\/em><\/strong><\/p>\n\n\n\n<p><strong><em>Finalmente, el encargado de la Representaci\u00f3n del IMSS en Michoac\u00e1n, puntualiz\u00f3 que el nuevo hospital de Morelia tendr\u00e1 capacidad para 260 camas con una inversi\u00f3n de obra y equipamiento de 2.5 mil millones de pesos, el de Uruapan ser\u00e1 de 90 camas con una inversi\u00f3n de 950 millones de pesos, y el de Zit\u00e1cuaro con 72 camas se proyecta en 1.2 mil millones de pesos en total.<\/em><\/strong><\/p>\n","protected":false},"excerpt":{"rendered":"<p>Morelia, Michoac\u00e1n, 20 de marzo del 2023.- El gobernador Alfredo Ram\u00edrez Bedolla y el encargado de la Representaci\u00f3n del Instituto Mexicano del Seguro Social (IMSS) en Michoac\u00e1n, Javier de Jes\u00fas Cabral Soto, informaron que el pr\u00f3ximo 28 de marzo, el Consejo T\u00e9cnico del Instituto sesionar\u00e1 para validar los terrenos donde se construir\u00e1n los nuevos hospitales [&hellip;]<\/p>\n","protected":false},"author":2,"featured_media":5383,"comment_status":"open","ping_status":"open","sticky":false,"template":"","format":"standard","meta":{"footnotes":"","_rishi_post_view_count":649},"categories":[6],"tags":[],"class_list":["post-5382","post","type-post","status-publish","format-standard","has-post-thumbnail","hentry","category-michoacan"],"comments_count":"0","_links":{"self":[{"href":"https:\/\/elpregonerodezamora.com\/index.php\/wp-json\/wp\/v2\/posts\/5382","targetHints":{"allow":["GET"]}}],"collection":[{"href":"https:\/\/elpregonerodezamora.com\/index.php\/wp-json\/wp\/v2\/posts"}],"about":[{"href":"https:\/\/elpregonerodezamora.com\/index.php\/wp-json\/wp\/v2\/types\/post"}],"author":[{"embeddable":true,"href":"https:\/\/elpregonerodezamora.com\/index.php\/wp-json\/wp\/v2\/users\/2"}],"replies":[{"embeddable":true,"href":"https:\/\/elpregonerodezamora.com\/index.php\/wp-json\/wp\/v2\/comments?post=5382"}],"version-history":[{"count":1,"href":"https:\/\/elpregonerodezamora.com\/index.php\/wp-json\/wp\/v2\/posts\/5382\/revisions"}],"predecessor-version":[{"id":5384,"href":"https:\/\/elpregonerodezamora.com\/index.php\/wp-json\/wp\/v2\/posts\/5382\/revisions\/5384"}],"wp:featuredmedia":[{"embeddable":true,"href":"https:\/\/elpregonerodezamora.com\/index.php\/wp-json\/wp\/v2\/media\/5383"}],"wp:attachment":[{"href":"https:\/\/elpregonerodezamora.com\/index.php\/wp-json\/wp\/v2\/media?parent=5382"}],"wp:term":[{"taxonomy":"category","embeddable":true,"href":"https:\/\/elpregonerodezamora.com\/index.php\/wp-json\/wp\/v2\/categories?post=5382"},{"taxonomy":"post_tag","embeddable":true,"href":"https:\/\/elpregonerodezamora.com\/index.php\/wp-json\/wp\/v2\/tags?post=5382"}],"curies":[{"name":"wp","href":"https:\/\/api.w.org\/{rel}","templated":true}]}}