{"id":5361,"date":"2023-03-21T00:56:11","date_gmt":"2023-03-21T00:56:11","guid":{"rendered":"https:\/\/elpregonerodezamora.com\/?p=5361"},"modified":"2023-03-21T00:56:11","modified_gmt":"2023-03-21T00:56:11","slug":"solsticios-y-equinoccios-los-movimientos-detras-del-cambio-de-estaciones","status":"publish","type":"post","link":"https:\/\/elpregonerodezamora.com\/index.php\/2023\/03\/21\/solsticios-y-equinoccios-los-movimientos-detras-del-cambio-de-estaciones\/","title":{"rendered":"SOLSTICIOS Y EQUINOCCIOS: LOS MOVIMIENTOS DETR\u00c1S DEL CAMBIO DE ESTACIONES"},"content":{"rendered":"\n<p><strong><em>Hoy\u00a020 de marzo\u00a0tenemos el\u00a0equinoccio, el primer\u00a0cambio de estaci\u00f3n de 2023, inicia la\u00a0primavera\u00a0en el hemisferio norte de la Tierra y el\u00a0oto\u00f1o\u00a0en el sur. En el equinoccio,\u00a0el d\u00eda y la noche tienen la misma duraci\u00f3n.<\/em><\/strong><\/p>\n\n\n\n<h2 class=\"wp-block-heading\">Equinoccio, la fecha cuando el d\u00eda y la noche duran lo mismo<\/h2>\n\n\n\n<p><strong><em>El 21 diciembre de 2022 inici\u00f3 el invierno en el hemisferio norte y el verano en el sur. Aquel d\u00eda, tuvimos\u00a0el d\u00eda m\u00e1s corto, con la menor cantidad de horas de luz, y\u00a0la noche m\u00e1s larga. Al mismo tiempo,\u00a0en el hemisferio sur sucedi\u00f3 lo opuesto, fue el d\u00eda m\u00e1s largo y la noche m\u00e1s corta.<\/em><\/strong><\/p>\n\n\n\n<p><strong><em>Desde entonces, la Tierra avanz\u00f3 en su camino alrededor del Sol y\u00a0en el hemisferio norte van aumentando las horas de luz\u00a0y disminuyendo las de la noche. Llegando al\u00a0equinoccio de marzo, cuando inicie la primavera, y\u00a0el d\u00eda y la noche duren lo mismo.<\/em><\/strong><\/p>\n\n\n\n<p><img decoding=\"async\" src=\"https:\/\/www.elsoldemexico.com.mx\/doble-via\/ciencia\/lqpmik-1.jpg\/alternates\/FREE_720\/1.jpg\" alt=\"\"><\/p>\n\n\n\n<h4 class=\"wp-block-heading\">El Sistema Solar. | Gr\u00e1fico: NASA \/ JPL<\/h4>\n\n\n\n<p><strong>Continuar\u00e1n aumentando las horas de luz hasta el solsticio de junio<\/strong>, cuando tengamos el\u00a0<strong>d\u00eda m\u00e1s largo y la noche m\u00e1s corta<\/strong>\u00a0<strong>y d\u00e9 inicio el verano.<\/strong><\/p>\n\n\n\n<p><strong><em>De inmediato,\u00a0las horas de luz comenzar\u00e1n a disminuir, hasta el equinoccio de septiembre, cuando el d\u00eda y la noche duren lo mismo e inicie el\u00a0oto\u00f1o. Y continuar\u00e1\u00a0disminuyendo hasta el solsticio de diciembre, cuando tengamos la noche m\u00e1s larga y el d\u00eda m\u00e1s corto e inicie el invierno.<\/em><\/strong><\/p>\n\n\n\n<p><em><strong>Mientras esto sucede en el hemisferio norte, en el sur es lo opuesto, si aqu\u00ed tenemos el d\u00eda m\u00e1s corto y la noche m\u00e1s larga, ese mismo d\u00eda ser\u00e1 en el hemisferio sur el d\u00eda m\u00e1s largo y la noche m\u00e1s corta.<\/strong><\/em><\/p>\n","protected":false},"excerpt":{"rendered":"<p>Hoy\u00a020 de marzo\u00a0tenemos el\u00a0equinoccio, el primer\u00a0cambio de estaci\u00f3n de 2023, inicia la\u00a0primavera\u00a0en el hemisferio norte de la Tierra y el\u00a0oto\u00f1o\u00a0en el sur. En el equinoccio,\u00a0el d\u00eda y la noche tienen la misma duraci\u00f3n. Equinoccio, la fecha cuando el d\u00eda y la noche duran lo mismo El 21 diciembre de 2022 inici\u00f3 el invierno en el [&hellip;]<\/p>\n","protected":false},"author":2,"featured_media":5362,"comment_status":"open","ping_status":"open","sticky":false,"template":"","format":"standard","meta":{"footnotes":"","_rishi_post_view_count":896},"categories":[20],"tags":[],"class_list":["post-5361","post","type-post","status-publish","format-standard","has-post-thumbnail","hentry","category-ciencia-y-tecnologia"],"comments_count":"0","_links":{"self":[{"href":"https:\/\/elpregonerodezamora.com\/index.php\/wp-json\/wp\/v2\/posts\/5361","targetHints":{"allow":["GET"]}}],"collection":[{"href":"https:\/\/elpregonerodezamora.com\/index.php\/wp-json\/wp\/v2\/posts"}],"about":[{"href":"https:\/\/elpregonerodezamora.com\/index.php\/wp-json\/wp\/v2\/types\/post"}],"author":[{"embeddable":true,"href":"https:\/\/elpregonerodezamora.com\/index.php\/wp-json\/wp\/v2\/users\/2"}],"replies":[{"embeddable":true,"href":"https:\/\/elpregonerodezamora.com\/index.php\/wp-json\/wp\/v2\/comments?post=5361"}],"version-history":[{"count":1,"href":"https:\/\/elpregonerodezamora.com\/index.php\/wp-json\/wp\/v2\/posts\/5361\/revisions"}],"predecessor-version":[{"id":5363,"href":"https:\/\/elpregonerodezamora.com\/index.php\/wp-json\/wp\/v2\/posts\/5361\/revisions\/5363"}],"wp:featuredmedia":[{"embeddable":true,"href":"https:\/\/elpregonerodezamora.com\/index.php\/wp-json\/wp\/v2\/media\/5362"}],"wp:attachment":[{"href":"https:\/\/elpregonerodezamora.com\/index.php\/wp-json\/wp\/v2\/media?parent=5361"}],"wp:term":[{"taxonomy":"category","embeddable":true,"href":"https:\/\/elpregonerodezamora.com\/index.php\/wp-json\/wp\/v2\/categories?post=5361"},{"taxonomy":"post_tag","embeddable":true,"href":"https:\/\/elpregonerodezamora.com\/index.php\/wp-json\/wp\/v2\/tags?post=5361"}],"curies":[{"name":"wp","href":"https:\/\/api.w.org\/{rel}","templated":true}]}}