{"id":5315,"date":"2023-03-18T00:43:03","date_gmt":"2023-03-18T00:43:03","guid":{"rendered":"https:\/\/elpregonerodezamora.com\/?p=5315"},"modified":"2023-03-18T00:43:04","modified_gmt":"2023-03-18T00:43:04","slug":"renuncia-cardenas-batel-a-cargo-de-coordinador-amlo-no-descarta-que-vaya-por-la-cdmx","status":"publish","type":"post","link":"https:\/\/elpregonerodezamora.com\/index.php\/2023\/03\/18\/renuncia-cardenas-batel-a-cargo-de-coordinador-amlo-no-descarta-que-vaya-por-la-cdmx\/","title":{"rendered":"RENUNCIA CARDENAS BATEL A CARGO DE COORDINADOR; AMLO NO DESCARTA QUE VAYA POR LA CDMX"},"content":{"rendered":"\n<p><strong><em>El presidente inform\u00f3 que por ahora C\u00e1rdenas Batel dej\u00f3 de ser su Coordinador de Asesores y que ir\u00e1 a la CELAC.<\/em><\/strong><\/p>\n\n\n\n<p><strong>CDMX, 17\/marzo\/2023.- El exgobernador de Michoac\u00e1n, L\u00e1zaro C\u00e1rdenas Batel\u00a0renunci\u00f3 a su cargo en el gobierno federal como\u00a0Coordinador de asesores\u00a0del\u00a0Presidente\u00a0Andr\u00e9s Manuel L\u00f3pez Obrador.<\/strong><\/p>\n\n\n\n<p><strong>Medios nacionales como Reforma,\u00a0se\u00f1alan que la salida de\u00a0C\u00e1rdenas\u00a0podr\u00eda estar relacionada con posibles aspiraciones a buscar la candidatura de\u00a0Morena\u00a0al\u00a0Gobierno\u00a0de la\u00a0Ciudad de M\u00e9xico, cargo que actualmente tiene la presidenciable Claudia Sheinbaum.<\/strong><\/p>\n\n\n\n<p><strong>Cabe destacar que el michoacanoha sido mencionado en algunas encuestas.<\/strong><\/p>\n\n\n\n<p><strong>En la\u00a0ma\u00f1anera, el\u00a0Presidente L\u00f3pez Obrador\u00a0dijo que\u00a0C\u00e1rdenas Batel\u00a0ir\u00e1 a la Comunidad de Estados Latinoamericanos y Caribe\u00f1os (CELAC)\u00a0pero dej\u00f3 claro que seguir\u00e1 haciendo pol\u00edtica y es parte del relevo generacional de la\u00a04T.<\/strong><\/p>\n\n\n\n<p><strong><em>&#8211;\u00a0\u00bfNo tiene que ver su salida con una aspiraci\u00f3n pol\u00edtica en la CDMX?, se le pregunt\u00f3.<\/em><\/strong><\/p>\n\n\n\n<blockquote class=\"wp-block-quote is-layout-flow wp-block-quote-is-layout-flow\">\n<p><strong>&#8220;No, pero eso tampoco hay que descartarlo, porque \u00e9l va seguir haciendo pol\u00edtica, es parte&nbsp;de los que van a sustituirnos, de lo que yo hablo, del relevo generacional&#8221;, respondi\u00f3.<\/strong><\/p>\n<\/blockquote>\n\n\n\n<p><strong>L\u00f3pez Obrador indic\u00f3 que C\u00e1rdenas Batel seguir\u00e1 apoyando en la relaci\u00f3n con pa\u00edses, en especial Cuba, para tener m\u00e9dicos especialistas.<\/strong><\/p>\n","protected":false},"excerpt":{"rendered":"<p>El presidente inform\u00f3 que por ahora C\u00e1rdenas Batel dej\u00f3 de ser su Coordinador de Asesores y que ir\u00e1 a la CELAC. CDMX, 17\/marzo\/2023.- El exgobernador de Michoac\u00e1n, L\u00e1zaro C\u00e1rdenas Batel\u00a0renunci\u00f3 a su cargo en el gobierno federal como\u00a0Coordinador de asesores\u00a0del\u00a0Presidente\u00a0Andr\u00e9s Manuel L\u00f3pez Obrador. Medios nacionales como Reforma,\u00a0se\u00f1alan que la salida de\u00a0C\u00e1rdenas\u00a0podr\u00eda estar relacionada con posibles [&hellip;]<\/p>\n","protected":false},"author":2,"featured_media":5316,"comment_status":"open","ping_status":"open","sticky":false,"template":"","format":"standard","meta":{"footnotes":"","_rishi_post_view_count":736},"categories":[14],"tags":[],"class_list":["post-5315","post","type-post","status-publish","format-standard","has-post-thumbnail","hentry","category-nacionales"],"comments_count":"0","_links":{"self":[{"href":"https:\/\/elpregonerodezamora.com\/index.php\/wp-json\/wp\/v2\/posts\/5315","targetHints":{"allow":["GET"]}}],"collection":[{"href":"https:\/\/elpregonerodezamora.com\/index.php\/wp-json\/wp\/v2\/posts"}],"about":[{"href":"https:\/\/elpregonerodezamora.com\/index.php\/wp-json\/wp\/v2\/types\/post"}],"author":[{"embeddable":true,"href":"https:\/\/elpregonerodezamora.com\/index.php\/wp-json\/wp\/v2\/users\/2"}],"replies":[{"embeddable":true,"href":"https:\/\/elpregonerodezamora.com\/index.php\/wp-json\/wp\/v2\/comments?post=5315"}],"version-history":[{"count":1,"href":"https:\/\/elpregonerodezamora.com\/index.php\/wp-json\/wp\/v2\/posts\/5315\/revisions"}],"predecessor-version":[{"id":5317,"href":"https:\/\/elpregonerodezamora.com\/index.php\/wp-json\/wp\/v2\/posts\/5315\/revisions\/5317"}],"wp:featuredmedia":[{"embeddable":true,"href":"https:\/\/elpregonerodezamora.com\/index.php\/wp-json\/wp\/v2\/media\/5316"}],"wp:attachment":[{"href":"https:\/\/elpregonerodezamora.com\/index.php\/wp-json\/wp\/v2\/media?parent=5315"}],"wp:term":[{"taxonomy":"category","embeddable":true,"href":"https:\/\/elpregonerodezamora.com\/index.php\/wp-json\/wp\/v2\/categories?post=5315"},{"taxonomy":"post_tag","embeddable":true,"href":"https:\/\/elpregonerodezamora.com\/index.php\/wp-json\/wp\/v2\/tags?post=5315"}],"curies":[{"name":"wp","href":"https:\/\/api.w.org\/{rel}","templated":true}]}}