{"id":22516,"date":"2026-09-05T18:10:58","date_gmt":"2026-09-05T18:10:58","guid":{"rendered":"https:\/\/elpregonerodezamora.com\/?p=22516"},"modified":"2026-09-05T18:10:58","modified_gmt":"2026-09-05T18:10:58","slug":"dea-se-atribuye-decomiso-de-metanfetamina-en-sinaloa-harfuch-defiende-trabajo-de-la-unidad-de-inteligencia-naval","status":"publish","type":"post","link":"https:\/\/elpregonerodezamora.com\/index.php\/2026\/09\/05\/dea-se-atribuye-decomiso-de-metanfetamina-en-sinaloa-harfuch-defiende-trabajo-de-la-unidad-de-inteligencia-naval\/","title":{"rendered":"DEA se atribuye decomiso de metanfetamina en Sinaloa; Harfuch defiende trabajo de la Unidad de Inteligencia Naval"},"content":{"rendered":"\n<p class=\"wp-block-paragraph\"><strong>Redacci\u00f3n.-<\/strong><\/p>\n\n\n\n<p class=\"wp-block-paragraph\"><strong><em>S\u00e1bado, 05 de septiembre de 2026; 11:25 hrs.- La Agencia Antidrogas de Estados Unidos (DEA) afirm\u00f3 que los recientes decomisos de metanfetamina en M\u00e9xico, incluido el aseguramiento de m\u00e1s de 16 toneladas en Sinaloa, &#8220;no habr\u00edan ocurrido sin la inteligencia y el trabajo de investigaci\u00f3n&#8221; de esa agencia, una versi\u00f3n que contrasta con la ofrecida por el secretario de Seguridad, Omar Garc\u00eda Harfuch, quien atribuy\u00f3 el operativo al trabajo de la Unidad de Inteligencia Naval, &#8220;fortalecido&#8221; \u2014dijo\u2014 con el intercambio de informaci\u00f3n con agencias estadunidenses.<\/em><\/strong><\/p>\n\n\n\n<p class=\"wp-block-paragraph\"><strong><em>En un mensaje publicado en sus redes sociales, la DEA sostuvo que en poco m\u00e1s de una semana las autoridades mexicanas han desmantelado ocho laboratorios de metanfetamina de importancia &#8220;con colaboraci\u00f3n de la DEA&#8221;. El de Sinaloa, dijo la agencia, es &#8220;el m\u00e1s grande hasta ahora&#8221;, con m\u00e1s de 16 toneladas de la droga aseguradas. La dependencia estadunidense asever\u00f3 que estas operaciones son muestra del &#8220;poder de la colaboraci\u00f3n entre la DEA y M\u00e9xico&#8221; para golpear la producci\u00f3n de drogas sint\u00e9ticas, cortar cadenas de suministro y afectar las finanzas del crimen organizado.<\/em><\/strong><\/p>\n\n\n\n<p class=\"wp-block-paragraph\"><strong>El propio Garc\u00eda Harfuch hab\u00eda dado a conocer el viernes los decomisos a trav\u00e9s de su cuenta en la red social X, donde inform\u00f3 sobre el hallazgo del laboratorio en Sinaloa.<\/strong><\/p>\n\n\n\n<p class=\"wp-block-paragraph\"><strong><em>El funcionario detall\u00f3 que se trat\u00f3 de un complejo clandestino de 5 mil 700 metros cuadrados, el segundo laboratorio de metanfetamina m\u00e1s grande localizado durante el gobierno de la presidenta Claudia Sheinbaum \u2014el mayor fue ubicado y destruido previamente por el Ej\u00e9rcito Mexicano\u2014, en una operaci\u00f3n encabezada por la Secretar\u00eda de Marina, con participaci\u00f3n de la Secretar\u00eda de Seguridad y Protecci\u00f3n Ciudadana y la Fiscal\u00eda General de la Rep\u00fablica.<\/em><\/strong><\/p>\n\n\n\n<p class=\"wp-block-paragraph\"><strong><em>A diferencia del planteamiento de la DEA, Harfuch situ\u00f3 el origen del golpe en la labor de instituciones mexicanas: &#8220;El resultado deriva del trabajo de la Unidad de Inteligencia Naval, fortalecido con intercambio de informaci\u00f3n con agencias de Estados Unidos&#8221;, escribi\u00f3.<\/em><\/strong><\/p>\n\n\n\n<p class=\"wp-block-paragraph\"><strong><em>De acuerdo con Harfuch, en el operativo tambi\u00e9n fueron aseguradas m\u00e1s de 10 toneladas y litros de sustancias qu\u00edmicas utilizadas para la producci\u00f3n de metanfetamina, lo que representa una afectaci\u00f3n estimada de 347 millones de d\u00f3lares a la estructura criminal.<\/em><\/strong><\/p>\n\n\n\n<p class=\"wp-block-paragraph\"><strong><em>El funcionario insisti\u00f3 en que la cooperaci\u00f3n internacional se mantiene &#8220;con pleno respeto a nuestra soberan\u00eda&#8221; y adelant\u00f3 que continuar\u00e1 &#8220;traduci\u00e9ndose en acciones concretas contra quienes producen y trafican drogas&#8221;.<\/em><\/strong><\/p>\n","protected":false},"excerpt":{"rendered":"<p>Redacci\u00f3n.- S\u00e1bado, 05 de septiembre de 2026; 11:25 hrs.- La Agencia Antidrogas de Estados Unidos (DEA) afirm\u00f3 que los recientes decomisos de metanfetamina en M\u00e9xico, incluido el aseguramiento de m\u00e1s de 16 toneladas en Sinaloa, &#8220;no habr\u00edan ocurrido sin la inteligencia y el trabajo de investigaci\u00f3n&#8221; de esa agencia, una versi\u00f3n que contrasta con la [&hellip;]<\/p>\n","protected":false},"author":2,"featured_media":22517,"comment_status":"open","ping_status":"open","sticky":false,"template":"","format":"standard","meta":{"footnotes":"","_rishi_post_view_count":13},"categories":[35],"tags":[],"class_list":["post-22516","post","type-post","status-publish","format-standard","has-post-thumbnail","hentry","category-seguridad"],"comments_count":"0","_links":{"self":[{"href":"https:\/\/elpregonerodezamora.com\/index.php\/wp-json\/wp\/v2\/posts\/22516","targetHints":{"allow":["GET"]}}],"collection":[{"href":"https:\/\/elpregonerodezamora.com\/index.php\/wp-json\/wp\/v2\/posts"}],"about":[{"href":"https:\/\/elpregonerodezamora.com\/index.php\/wp-json\/wp\/v2\/types\/post"}],"author":[{"embeddable":true,"href":"https:\/\/elpregonerodezamora.com\/index.php\/wp-json\/wp\/v2\/users\/2"}],"replies":[{"embeddable":true,"href":"https:\/\/elpregonerodezamora.com\/index.php\/wp-json\/wp\/v2\/comments?post=22516"}],"version-history":[{"count":1,"href":"https:\/\/elpregonerodezamora.com\/index.php\/wp-json\/wp\/v2\/posts\/22516\/revisions"}],"predecessor-version":[{"id":22518,"href":"https:\/\/elpregonerodezamora.com\/index.php\/wp-json\/wp\/v2\/posts\/22516\/revisions\/22518"}],"wp:featuredmedia":[{"embeddable":true,"href":"https:\/\/elpregonerodezamora.com\/index.php\/wp-json\/wp\/v2\/media\/22517"}],"wp:attachment":[{"href":"https:\/\/elpregonerodezamora.com\/index.php\/wp-json\/wp\/v2\/media?parent=22516"}],"wp:term":[{"taxonomy":"category","embeddable":true,"href":"https:\/\/elpregonerodezamora.com\/index.php\/wp-json\/wp\/v2\/categories?post=22516"},{"taxonomy":"post_tag","embeddable":true,"href":"https:\/\/elpregonerodezamora.com\/index.php\/wp-json\/wp\/v2\/tags?post=22516"}],"curies":[{"name":"wp","href":"https:\/\/api.w.org\/{rel}","templated":true}]}}