{"id":22507,"date":"2026-09-05T17:43:42","date_gmt":"2026-09-05T17:43:42","guid":{"rendered":"https:\/\/elpregonerodezamora.com\/?p=22507"},"modified":"2026-09-05T17:43:43","modified_gmt":"2026-09-05T17:43:43","slug":"se-han-tenido-avancen-en-el-desarrollo-de-la-entidad-torres-pina","status":"publish","type":"post","link":"https:\/\/elpregonerodezamora.com\/index.php\/2026\/09\/05\/se-han-tenido-avancen-en-el-desarrollo-de-la-entidad-torres-pina\/","title":{"rendered":"&#8220;SE HAN TENIDO AVANCEN EN EL DESARROLLO DE LA ENTIDAD#: TORRES PI\u00d1A"},"content":{"rendered":"\n<p class=\"wp-block-paragraph\" style=\"font-size:18px\"><strong><em>Carlos Torres Pi\u00f1a visit\u00f3 Zamora este viernes 4 de septiembre por la tarde, participando en una Asamblea Informativa, ante cientos de simpatizantes, quienes le mostraron su apoyo por la Coordinaci\u00f3n Estatal de MORENA rumbo al 2027, en su mensaje, Torres Pi\u00f1a agradeci\u00f3 el respaldo de los presentes a quienes les comparti\u00f3 los avances positivos que ha encontrado en los diferentes recorridos que ha venido realizando por varios Municipios del Estado de Michoac\u00e1n, destacando que se han tenido avances en el desarrollo de la Entidad, reconociendo el que a\u00fan hay mucho por construir para lograr el bienestar de los Michoacanos.<\/em><\/strong><\/p>\n","protected":false},"excerpt":{"rendered":"<p>Carlos Torres Pi\u00f1a visit\u00f3 Zamora este viernes 4 de septiembre por la tarde, participando en una Asamblea Informativa, ante cientos de simpatizantes, quienes le mostraron su apoyo por la Coordinaci\u00f3n Estatal de MORENA rumbo al 2027, en su mensaje, Torres Pi\u00f1a agradeci\u00f3 el respaldo de los presentes a quienes les comparti\u00f3 los avances positivos que [&hellip;]<\/p>\n","protected":false},"author":2,"featured_media":22508,"comment_status":"open","ping_status":"open","sticky":false,"template":"","format":"standard","meta":{"footnotes":"","_rishi_post_view_count":12},"categories":[197],"tags":[],"class_list":["post-22507","post","type-post","status-publish","format-standard","has-post-thumbnail","hentry","category-politica"],"comments_count":"0","_links":{"self":[{"href":"https:\/\/elpregonerodezamora.com\/index.php\/wp-json\/wp\/v2\/posts\/22507","targetHints":{"allow":["GET"]}}],"collection":[{"href":"https:\/\/elpregonerodezamora.com\/index.php\/wp-json\/wp\/v2\/posts"}],"about":[{"href":"https:\/\/elpregonerodezamora.com\/index.php\/wp-json\/wp\/v2\/types\/post"}],"author":[{"embeddable":true,"href":"https:\/\/elpregonerodezamora.com\/index.php\/wp-json\/wp\/v2\/users\/2"}],"replies":[{"embeddable":true,"href":"https:\/\/elpregonerodezamora.com\/index.php\/wp-json\/wp\/v2\/comments?post=22507"}],"version-history":[{"count":1,"href":"https:\/\/elpregonerodezamora.com\/index.php\/wp-json\/wp\/v2\/posts\/22507\/revisions"}],"predecessor-version":[{"id":22509,"href":"https:\/\/elpregonerodezamora.com\/index.php\/wp-json\/wp\/v2\/posts\/22507\/revisions\/22509"}],"wp:featuredmedia":[{"embeddable":true,"href":"https:\/\/elpregonerodezamora.com\/index.php\/wp-json\/wp\/v2\/media\/22508"}],"wp:attachment":[{"href":"https:\/\/elpregonerodezamora.com\/index.php\/wp-json\/wp\/v2\/media?parent=22507"}],"wp:term":[{"taxonomy":"category","embeddable":true,"href":"https:\/\/elpregonerodezamora.com\/index.php\/wp-json\/wp\/v2\/categories?post=22507"},{"taxonomy":"post_tag","embeddable":true,"href":"https:\/\/elpregonerodezamora.com\/index.php\/wp-json\/wp\/v2\/tags?post=22507"}],"curies":[{"name":"wp","href":"https:\/\/api.w.org\/{rel}","templated":true}]}}