{"id":22503,"date":"2026-09-05T17:33:17","date_gmt":"2026-09-05T17:33:17","guid":{"rendered":"https:\/\/elpregonerodezamora.com\/?p=22503"},"modified":"2026-09-05T17:33:17","modified_gmt":"2026-09-05T17:33:17","slug":"fibra-y-corazon-4","status":"publish","type":"post","link":"https:\/\/elpregonerodezamora.com\/index.php\/2026\/09\/05\/fibra-y-corazon-4\/","title":{"rendered":"FIBRA y CORAZ\u00d3N&#8230;"},"content":{"rendered":"\n<p class=\"wp-block-paragraph\"><strong>Por Kik\u00edn<\/strong><\/p>\n\n\n\n<p class=\"wp-block-paragraph\" style=\"font-size:18px\"><strong>\u00a1LLEGAN LOS CUARTOS DE FINAL DE LA LIGA SOCCER DE JACONA..: !<em> Interesantes encuentros de f\u00fatbol se esperan este fin de semana, la adrenalina rondar\u00e1 en el campo &#8220;Amado Nervo&#8221;, con los cuartos de final del Torneo de Barrios, donde se enfrentar\u00e1n El Realejo vs La Burrera; Francisco Villa vs L\u00e1zaro C\u00e1rdenas; Jacona vs Arcoiris; Laureles vs San Roque\u2026Por cierto la Liga felicit\u00f3 a H\u00e9ctor Joel Madriz jugador del club barrio La Burrera que fue el goleador del torneo con 19 tantos; de la misma forma a Jos\u00e9 Adri\u00e1n Ramos, portero del club barrio San Roque quien solo permiti\u00f3 13 goles en contra\u2026El cierre del torneo de Barrios, promete ser espectacular\u2026<\/em>.\u00a1SE VIENE UN CUADRANGULAR DE LUJO EN TANGANC\u00cdCUARO!<em>: El 13 de septiembre, el Campo Imperio de Tanganc\u00edcuaro ser\u00e1 escenario de una aut\u00e9ntica fiesta del f\u00fatbol. Con la presentaci\u00f3n de los equipos B\u00e9lgica Tanganc\u00edcuaro; FHESA; Deportivo Vergel Wence y TESSMA Carmen\u2026Cuatro equipos, grandes jugadores y un solo objetivo: levantar la &#8220;Orejona&#8221; de campeones&#8230;\u00a1Prep\u00e1rense aficionados para vivir un domingo lleno de f\u00fatbol, ambiente y grandes emociones!&#8230;<\/em>\u00bfQUI\u00c9N SE QUEDAR\u00c1 CON EL CUADRANGULAR?<em>&#8230;Veremos y diremos\u2026all\u00e1 nos vemos\u2026<\/em>FISICOCULTURISMO:<em> El atleta zamorano Tizoc Zapi\u00e9n particip\u00f3 el pasado domingo 30 de agosto en el Mr L\u00e1zaro C\u00e1rdenas en categor\u00eda de veteranos; El evento en el que participaron varios fisicoculturistas de todo el estado\u2026 fue en memoria de ya fallecido atleta Jorge \u00c1vila\u2026el ganador absoluto del Cl\u00e1sico fue para nuestro buen amigo de Pur\u00e9pero Isaac Esli Moreno Rom\u00e1n\u2026Nos leeremos en la pr\u00f3xima, en tanto \u00a1Por tu Salud Mu\u00e9vete!<\/em><\/strong><\/p>\n","protected":false},"excerpt":{"rendered":"<p>Por Kik\u00edn \u00a1LLEGAN LOS CUARTOS DE FINAL DE LA LIGA SOCCER DE JACONA..: ! Interesantes encuentros de f\u00fatbol se esperan este fin de semana, la adrenalina rondar\u00e1 en el campo &#8220;Amado Nervo&#8221;, con los cuartos de final del Torneo de Barrios, donde se enfrentar\u00e1n El Realejo vs La Burrera; Francisco Villa vs L\u00e1zaro C\u00e1rdenas; Jacona [&hellip;]<\/p>\n","protected":false},"author":2,"featured_media":22504,"comment_status":"open","ping_status":"open","sticky":false,"template":"","format":"standard","meta":{"footnotes":"","_rishi_post_view_count":16},"categories":[3],"tags":[],"class_list":["post-22503","post","type-post","status-publish","format-standard","has-post-thumbnail","hentry","category-deportes"],"comments_count":"0","_links":{"self":[{"href":"https:\/\/elpregonerodezamora.com\/index.php\/wp-json\/wp\/v2\/posts\/22503","targetHints":{"allow":["GET"]}}],"collection":[{"href":"https:\/\/elpregonerodezamora.com\/index.php\/wp-json\/wp\/v2\/posts"}],"about":[{"href":"https:\/\/elpregonerodezamora.com\/index.php\/wp-json\/wp\/v2\/types\/post"}],"author":[{"embeddable":true,"href":"https:\/\/elpregonerodezamora.com\/index.php\/wp-json\/wp\/v2\/users\/2"}],"replies":[{"embeddable":true,"href":"https:\/\/elpregonerodezamora.com\/index.php\/wp-json\/wp\/v2\/comments?post=22503"}],"version-history":[{"count":1,"href":"https:\/\/elpregonerodezamora.com\/index.php\/wp-json\/wp\/v2\/posts\/22503\/revisions"}],"predecessor-version":[{"id":22505,"href":"https:\/\/elpregonerodezamora.com\/index.php\/wp-json\/wp\/v2\/posts\/22503\/revisions\/22505"}],"wp:featuredmedia":[{"embeddable":true,"href":"https:\/\/elpregonerodezamora.com\/index.php\/wp-json\/wp\/v2\/media\/22504"}],"wp:attachment":[{"href":"https:\/\/elpregonerodezamora.com\/index.php\/wp-json\/wp\/v2\/media?parent=22503"}],"wp:term":[{"taxonomy":"category","embeddable":true,"href":"https:\/\/elpregonerodezamora.com\/index.php\/wp-json\/wp\/v2\/categories?post=22503"},{"taxonomy":"post_tag","embeddable":true,"href":"https:\/\/elpregonerodezamora.com\/index.php\/wp-json\/wp\/v2\/tags?post=22503"}],"curies":[{"name":"wp","href":"https:\/\/api.w.org\/{rel}","templated":true}]}}