{"id":22500,"date":"2026-09-05T17:26:26","date_gmt":"2026-09-05T17:26:26","guid":{"rendered":"https:\/\/elpregonerodezamora.com\/?p=22500"},"modified":"2026-09-05T17:26:26","modified_gmt":"2026-09-05T17:26:26","slug":"supervisa-bedolla-construccion-de-primer-distribuidor-vial-la-rinconada-en-zamora","status":"publish","type":"post","link":"https:\/\/elpregonerodezamora.com\/index.php\/2026\/09\/05\/supervisa-bedolla-construccion-de-primer-distribuidor-vial-la-rinconada-en-zamora\/","title":{"rendered":"Supervisa Bedolla construcci\u00f3n de primer distribuidor vial \u201cLa Rinconada\u201d en Zamora"},"content":{"rendered":"\n<p class=\"wp-block-paragraph\"><strong>Redacci\u00f3n.-<\/strong><\/p>\n\n\n\n<p class=\"wp-block-paragraph\"><strong>Zamora, Michoac\u00e1n, 4 de septiembre de 2026.- La construcci\u00f3n del distribuidor vial de La Rinconada en Zamora mejorar\u00e1 la movilidad de aproximadamente 12 mil 500 veh\u00edculos diarios, incluyendo el transporte privado y de carga con lo que impulsar\u00e1 el traslado de berries y productos de la regi\u00f3n, se\u00f1al\u00f3 el gobernador Alfredo Ram\u00edrez Bedolla tras realizar una supervisi\u00f3n de los avances de la obra. ExploraGu\u00edas Locales<\/strong><\/p>\n\n\n\n<p class=\"wp-block-paragraph\"><strong>Acompa\u00f1ado del secretario de Comunicaciones y Obras P\u00fablicas, Rogelio Zaraz\u00faa S\u00e1nchez y personal de la constructora, el mandatario mencion\u00f3 que este proyecto fortalecer\u00e1 la conectividad regional, mejorando la seguridad vial y consolidando el desarrollo econ\u00f3mico y social de dicha zona del estado en beneficio de m\u00e1s de 154 mil habitantes.<\/strong><\/p>\n\n\n\n<p class=\"wp-block-paragraph\"><strong>Ram\u00edrez Bedolla destac\u00f3 que se ejecuta una inversi\u00f3n de 270 millones de pesos en la edificaci\u00f3n del paso vehicular, el cual estar\u00eda terminada a mediados del a\u00f1o 2027, impactando positivamente en la movilidad de las y los estudiantes del Tecnol\u00f3gico de Zamora y del campus de la Universidad Michoacana de San Nicol\u00e1s de Hidalgo (UMSNH), as\u00ed como para trabajadores y clientes del Mercado de Abastos local.<\/strong><\/p>\n\n\n\n<p class=\"wp-block-paragraph\"><strong>El mandatario estatal refiri\u00f3 que este proyecto est\u00e1 a cargo de la empresa Red de Carreteras de Occidente (RCO), y que no solo contempla la construcci\u00f3n de esta infraestructura, sino tambi\u00e9n la ampliaci\u00f3n de 7 a 12 metros de ancho de la carretera El Sauz-La Rinconada en un tramo de 3.6 kil\u00f3metros.<\/strong><\/p>\n\n\n\n<p class=\"wp-block-paragraph\"><strong>Recalc\u00f3 la relevancia del puente, mismo que forma parte de los trabajos impulsados por parte del Gobierno de M\u00e9xico, a trav\u00e9s del Plan Michoac\u00e1n por la Paz y la Justicia, que potencializar\u00e1 el crecimiento de la agroindustria de la regi\u00f3n.<\/strong><\/p>\n\n\n\n<p class=\"wp-block-paragraph\"><strong>En la secci\u00f3n de estructuras, se ha preparado la plataforma para el inicio de perforaci\u00f3n de pilotes y se alcanzaron avances clave como el 100 por ciento en el habilitado de acero para pilotes y el 50 por ciento en el armado de pilotes.<\/strong><\/p>\n","protected":false},"excerpt":{"rendered":"<p>Redacci\u00f3n.- Zamora, Michoac\u00e1n, 4 de septiembre de 2026.- La construcci\u00f3n del distribuidor vial de La Rinconada en Zamora mejorar\u00e1 la movilidad de aproximadamente 12 mil 500 veh\u00edculos diarios, incluyendo el transporte privado y de carga con lo que impulsar\u00e1 el traslado de berries y productos de la regi\u00f3n, se\u00f1al\u00f3 el gobernador Alfredo Ram\u00edrez Bedolla tras [&hellip;]<\/p>\n","protected":false},"author":2,"featured_media":22501,"comment_status":"open","ping_status":"open","sticky":false,"template":"","format":"standard","meta":{"footnotes":"","_rishi_post_view_count":17},"categories":[1],"tags":[],"class_list":["post-22500","post","type-post","status-publish","format-standard","has-post-thumbnail","hentry","category-opinion"],"comments_count":"0","_links":{"self":[{"href":"https:\/\/elpregonerodezamora.com\/index.php\/wp-json\/wp\/v2\/posts\/22500","targetHints":{"allow":["GET"]}}],"collection":[{"href":"https:\/\/elpregonerodezamora.com\/index.php\/wp-json\/wp\/v2\/posts"}],"about":[{"href":"https:\/\/elpregonerodezamora.com\/index.php\/wp-json\/wp\/v2\/types\/post"}],"author":[{"embeddable":true,"href":"https:\/\/elpregonerodezamora.com\/index.php\/wp-json\/wp\/v2\/users\/2"}],"replies":[{"embeddable":true,"href":"https:\/\/elpregonerodezamora.com\/index.php\/wp-json\/wp\/v2\/comments?post=22500"}],"version-history":[{"count":1,"href":"https:\/\/elpregonerodezamora.com\/index.php\/wp-json\/wp\/v2\/posts\/22500\/revisions"}],"predecessor-version":[{"id":22502,"href":"https:\/\/elpregonerodezamora.com\/index.php\/wp-json\/wp\/v2\/posts\/22500\/revisions\/22502"}],"wp:featuredmedia":[{"embeddable":true,"href":"https:\/\/elpregonerodezamora.com\/index.php\/wp-json\/wp\/v2\/media\/22501"}],"wp:attachment":[{"href":"https:\/\/elpregonerodezamora.com\/index.php\/wp-json\/wp\/v2\/media?parent=22500"}],"wp:term":[{"taxonomy":"category","embeddable":true,"href":"https:\/\/elpregonerodezamora.com\/index.php\/wp-json\/wp\/v2\/categories?post=22500"},{"taxonomy":"post_tag","embeddable":true,"href":"https:\/\/elpregonerodezamora.com\/index.php\/wp-json\/wp\/v2\/tags?post=22500"}],"curies":[{"name":"wp","href":"https:\/\/api.w.org\/{rel}","templated":true}]}}