{"id":22496,"date":"2026-09-04T01:47:02","date_gmt":"2026-09-04T01:47:02","guid":{"rendered":"https:\/\/elpregonerodezamora.com\/?p=22496"},"modified":"2026-09-04T01:47:03","modified_gmt":"2026-09-04T01:47:03","slug":"la-patria-es-primero-y-esta-por-encima-de-cualquier-interes-personal-sheinbaum","status":"publish","type":"post","link":"https:\/\/elpregonerodezamora.com\/index.php\/2026\/09\/04\/la-patria-es-primero-y-esta-por-encima-de-cualquier-interes-personal-sheinbaum\/","title":{"rendered":"\u201cLa patria es primero\u201d y est\u00e1 por encima de cualquier inter\u00e9s personal: Sheinbaum"},"content":{"rendered":"\n<p class=\"wp-block-paragraph\" style=\"font-size:20px\"><strong><em>La presidenta Claudia Sheinbaum encabeza la ceremonia conmemorativa de los 50 a\u00f1os de la inauguraci\u00f3n de las instalaciones del Heroico Colegio Militar, en la Ciudad de M\u00e9cico, el 3 de de septiembre de 2026. Foto Roberto Garc\u00eda Ortiz<\/em><\/strong><\/p>\n\n\n\n<p class=\"wp-block-paragraph\"><strong>Ciudad de M\u00e9xico, 3\/septiembre\/2026.-. La patria es primero, es el principio y pertenece a todas y a todos los mexicanos, y &#8220;hemos entendido que hay momentos en los que el inter\u00e9s de la naci\u00f3n debe estar por encima de cualquier inter\u00e9s particular&#8221;, reiter\u00f3 la presidenta Claudia Sheinbaum Pardo, durante la ceremonia conmemorativa del 50 aniversario de la construcci\u00f3n de las actuales instalaciones del Heroico Colegio Militar, en Tlalpan, Ciudad de M\u00e9xico.<\/strong><\/p>\n\n\n\n<p class=\"wp-block-paragraph\"><strong>Durante la ceremonia, en su mensaje, la mandataria record\u00f3 que Vicente Guerrero dio una de las mayores ense\u00f1anzas de nuestra historia.<\/strong><\/p>\n\n\n\n<p class=\"wp-block-paragraph\"><strong>&#8220;Tuvo que elegir entre las recompensas que le ofrec\u00edan o continuar la lucha por la independencia, y a\u00fan frente a su propio padre, pronunci\u00f3 aquellas palabras que siguen siendo parte del esp\u00edritu de nuestra naci\u00f3n: la patria es primero&#8221;.<\/strong><\/p>\n\n\n\n<p class=\"wp-block-paragraph\"><strong><em>En ese contexto, el titular de la secretar\u00eda de la Defensa Nacional (Defensa), el general Ricardo Trevilla Trejo, expres\u00f3 que en las instalaciones del Heroico Colegio Militar \u201cse transmite de generaci\u00f3n en generaci\u00f3n la incuestionable lealtad hacia la figura presidencial, como el legado perpetuo que cadetes de este plantel fueron cimentando en diversas haza\u00f1as a lo largo del devenir nacional\u201d. Por ello, dijo el alto mando castrense, puedo afirmar que mientras en estas alturas del Valle del An\u00e1huac sigan elev\u00e1ndose los aguiluchos del Heroico Colegio Militar, mientras en este templo del honor siga viva la llama de la lealtad institucional, este majestuoso lugar seguir\u00e1 siendo el yunque forjador de los futuros mandos del Ej\u00e9rcito, la Fuerza A\u00e9rea y de la Guardia Nacional.<\/em><\/strong><\/p>\n\n\n\n<p class=\"wp-block-paragraph\"><strong><em>A la ceremonia fueron invitados los integrantes del gabinete legal y ampliado, as\u00ed como el ministro Hugo Aguilar Ortiz, presidente de la Suprema Corte de Justicia de la Naci\u00f3n (SCJN), el senador Higinio Mart\u00ednez Miranda, presidente de la mesa directiva del Senado de la Rep\u00fablica, el diputado Ra\u00fal Bola\u00f1os, presidente de la mesa directiva de la C\u00e1mara de Diputados, y Ernestina Godoy, titular de la Fiscal\u00eda general de la Rep\u00fablica (FGR), ex directores de la instituci\u00f3n educativa militar y el secretario de Marina, el almirante Raymundo Pedro Morales \u00c1ngeles.<\/em><\/strong><\/p>\n\n\n\n<p class=\"wp-block-paragraph\"><strong><em>Sheinbaum Pardo resalt\u00f3 que \u201cM\u00e9xico es un pa\u00eds grandioso por su historia y sobre todo por un pueblo que nunca ha dejado de luchar por su independencia. Desde el primer momento del Grito de Independencia, nuestros h\u00e9roes y hero\u00ednas no solo defendieron el derecho de ser una naci\u00f3n independiente, sino tambi\u00e9n una naci\u00f3n soberana, libre, justa y democr\u00e1tica\u201d.<\/em><\/strong><\/p>\n\n\n\n<p class=\"wp-block-paragraph\"><strong><em>Mencion\u00f3 que Miguel Hidalgo y Costilla llam\u00f3 a la independencia \u201cle dio a M\u00e9xico una caracter\u00edstica \u00fanica. Le dio a su pueblo una consigna de lucha permanente por la independencia, por la libertad y por la justicia social\u201d.<\/em><\/strong><\/p>\n\n\n\n<p class=\"wp-block-paragraph\"><strong><em>Y agreg\u00f3 que \u201ccuando Morelos escribi\u00f3 los sentimientos de la naci\u00f3n, qued\u00f3 escrito que la soberan\u00eda emana en todo momento del pueblo. Y cuando el primer presidente Guadalupe Victoria llega a la silla presidencial, qued\u00f3 claro que el pueblo de M\u00e9xico no quer\u00eda un imperio, quer\u00eda un pa\u00eds democr\u00e1tico\u201d.<\/em><\/strong><\/p>\n\n\n\n<p class=\"wp-block-paragraph\"><strong>As\u00ed, refiri\u00f3 que \u201cel hero\u00edsmo del pueblo de M\u00e9xico a lo largo de su historia se refleja en el hero\u00edsmo de los cadetes y de las fuerzas armadas de M\u00e9xico.<\/strong><\/p>\n\n\n\n<p class=\"wp-block-paragraph\"><strong>\u201cEl origen del Colegio Militar se encuentra en los primeros a\u00f1os de M\u00e9xico independiente. Desde entonces, en sus distintas sedes y a trav\u00e9s de generaciones ha acompa\u00f1ado la construcci\u00f3n de nuestra naci\u00f3n soberana\u201d.<\/strong><\/p>\n\n\n\n<p class=\"wp-block-paragraph\"><strong><em>Hace 50 a\u00f1os lleg\u00f3 a este imponente escenario de Tlalpan y desde entonces ha formado primero a hombres y despu\u00e9s a hombres y a mujeres con una profunda convicci\u00f3n de lealtad, valor, disciplina y servicio a la patria.<\/em><\/strong><\/p>\n\n\n\n<figure class=\"wp-block-embed\"><div class=\"wp-block-embed__wrapper\">\nhttps:\/\/elpregonerodezamora.com\n<\/div><\/figure>\n","protected":false},"excerpt":{"rendered":"<p>La presidenta Claudia Sheinbaum encabeza la ceremonia conmemorativa de los 50 a\u00f1os de la inauguraci\u00f3n de las instalaciones del Heroico Colegio Militar, en la Ciudad de M\u00e9cico, el 3 de de septiembre de 2026. Foto Roberto Garc\u00eda Ortiz Ciudad de M\u00e9xico, 3\/septiembre\/2026.-. La patria es primero, es el principio y pertenece a todas y a [&hellip;]<\/p>\n","protected":false},"author":2,"featured_media":22497,"comment_status":"open","ping_status":"open","sticky":false,"template":"","format":"standard","meta":{"footnotes":"","_rishi_post_view_count":6},"categories":[14],"tags":[],"class_list":["post-22496","post","type-post","status-publish","format-standard","has-post-thumbnail","hentry","category-nacionales"],"comments_count":"0","_links":{"self":[{"href":"https:\/\/elpregonerodezamora.com\/index.php\/wp-json\/wp\/v2\/posts\/22496","targetHints":{"allow":["GET"]}}],"collection":[{"href":"https:\/\/elpregonerodezamora.com\/index.php\/wp-json\/wp\/v2\/posts"}],"about":[{"href":"https:\/\/elpregonerodezamora.com\/index.php\/wp-json\/wp\/v2\/types\/post"}],"author":[{"embeddable":true,"href":"https:\/\/elpregonerodezamora.com\/index.php\/wp-json\/wp\/v2\/users\/2"}],"replies":[{"embeddable":true,"href":"https:\/\/elpregonerodezamora.com\/index.php\/wp-json\/wp\/v2\/comments?post=22496"}],"version-history":[{"count":1,"href":"https:\/\/elpregonerodezamora.com\/index.php\/wp-json\/wp\/v2\/posts\/22496\/revisions"}],"predecessor-version":[{"id":22498,"href":"https:\/\/elpregonerodezamora.com\/index.php\/wp-json\/wp\/v2\/posts\/22496\/revisions\/22498"}],"wp:featuredmedia":[{"embeddable":true,"href":"https:\/\/elpregonerodezamora.com\/index.php\/wp-json\/wp\/v2\/media\/22497"}],"wp:attachment":[{"href":"https:\/\/elpregonerodezamora.com\/index.php\/wp-json\/wp\/v2\/media?parent=22496"}],"wp:term":[{"taxonomy":"category","embeddable":true,"href":"https:\/\/elpregonerodezamora.com\/index.php\/wp-json\/wp\/v2\/categories?post=22496"},{"taxonomy":"post_tag","embeddable":true,"href":"https:\/\/elpregonerodezamora.com\/index.php\/wp-json\/wp\/v2\/tags?post=22496"}],"curies":[{"name":"wp","href":"https:\/\/api.w.org\/{rel}","templated":true}]}}