{"id":22493,"date":"2026-09-04T01:30:46","date_gmt":"2026-09-04T01:30:46","guid":{"rendered":"https:\/\/elpregonerodezamora.com\/?p=22493"},"modified":"2026-09-04T01:30:46","modified_gmt":"2026-09-04T01:30:46","slug":"brote-de-salmonella-en-el-hospital-general-de-mexico-afecta-a-135-medicos-residentes-y-de-alta-especialidad","status":"publish","type":"post","link":"https:\/\/elpregonerodezamora.com\/index.php\/2026\/09\/04\/brote-de-salmonella-en-el-hospital-general-de-mexico-afecta-a-135-medicos-residentes-y-de-alta-especialidad\/","title":{"rendered":"Brote de salmonella en el Hospital General de M\u00e9xico afecta a 135 m\u00e9dicos residentes y de alta especialidad"},"content":{"rendered":"\n<p class=\"wp-block-paragraph\" style=\"font-size:20px\"><strong>* El brote de salmonella afect\u00f3 a decenas de m\u00e9dicos residentes y activ\u00f3 protocolos de vigilancia epidemiol\u00f3gica.<\/strong><\/p>\n\n\n\n<p class=\"wp-block-paragraph\"><strong><em>Jueves 3\/agosto\/2026.- El Hospital General de M\u00e9xico Dr. Eduardo Liceaga inform\u00f3 este jueves de un brote de gastroenteritis infecciosa aguda por salmonella que ha afectado a 135 m\u00e9dicos residentes y de alta especialidad, asociado temporalmente al consumo de alimentos proporcionados por el comedor institucional.<\/em><\/strong><\/p>\n\n\n\n<p class=\"wp-block-paragraph\"><strong><em>De acuerdo con un reporte de la Secretar\u00eda de Salud y el propio hospital, el evento fue identificado el pasado 31 de agosto, cuando se detect\u00f3 un incremento s\u00fabito de personas con s\u00edntomas gastrointestinales, principalmente dolor abdominal, diarrea, febr\u00edcula y v\u00f3mito.<\/em><\/strong><\/p>\n\n\n\n<p class=\"wp-block-paragraph\"><strong><em>Hasta su \u00faltimo corte, 41 personas permanecen hospitalizadas para vigilancia y tratamiento, aunque todas se encuentran estables y bajo atenci\u00f3n m\u00e9dica, precis\u00f3 la instituci\u00f3n.<\/em><\/strong><\/p>\n\n\n\n<p class=\"wp-block-paragraph\"><strong><em>Como parte de la investigaci\u00f3n, se realizaron estudios de laboratorio que confirmaron la presencia de salmonella en los casos analizados.<\/em><\/strong><\/p>\n\n\n\n<p class=\"wp-block-paragraph\"><strong><em>En dos de ellos tambi\u00e9n se identific\u00f3 coinfecci\u00f3n con Escherichia coli enterotoxig\u00e9nica (ETEC), una bacteria capaz de provocar cuadros gastrointestinales.<\/em><\/strong><\/p>\n\n\n\n<p class=\"wp-block-paragraph\"><strong><em>El hospital se\u00f1al\u00f3 que, ante la situaci\u00f3n, suspendi\u00f3 de manera inmediata el servicio subrogado de comedor destinado a m\u00e9dicos residentes y activ\u00f3 una estrategia de b\u00fasqueda y seguimiento de casos entre las personas potencialmente expuestas.<\/em><\/strong><\/p>\n\n\n\n<p class=\"wp-block-paragraph\"><strong><em>La instituci\u00f3n no precis\u00f3 cu\u00e1ntas personas consumieron los alimentos vinculados temporalmente con el brote, ni cu\u00e1ntos de los 135 m\u00e9dicos afectados ya fueron dados de alta o contin\u00faan con s\u00edntomas sin requerir hospitalizaci\u00f3n.<\/em><\/strong><\/p>\n\n\n\n<p class=\"wp-block-paragraph\"><strong><em>La investigaci\u00f3n epidemiol\u00f3gica y sanitaria contin\u00faa para determinar la fuente concreta del brote y definir medidas adicionales de prevenci\u00f3n y control, seg\u00fan precisaron las autoridades sanitarias.<\/em><\/strong><\/p>\n\n\n\n<p class=\"wp-block-paragraph\"><strong><em>El Hospital General de M\u00e9xico, una de las principales instituciones p\u00fablicas de atenci\u00f3n m\u00e9dica especializada del pa\u00eds y ubicada en la capital, indic\u00f3 que mantiene vigilancia sobre las personas expuestas mientras avanzan los an\u00e1lisis sanitarios.<\/em><\/strong><\/p>\n\n\n\n<p class=\"wp-block-paragraph\">&#8220;La investigaci\u00f3n epidemiol\u00f3gica y sanitaria contin\u00faa para determinar la fuente espec\u00edfica de contaminaci\u00f3n y establecer las medidas adicionales de prevenci\u00f3n y control&#8221;, concluy\u00f3 la nota.<\/p>\n","protected":false},"excerpt":{"rendered":"<p>* El brote de salmonella afect\u00f3 a decenas de m\u00e9dicos residentes y activ\u00f3 protocolos de vigilancia epidemiol\u00f3gica. Jueves 3\/agosto\/2026.- El Hospital General de M\u00e9xico Dr. Eduardo Liceaga inform\u00f3 este jueves de un brote de gastroenteritis infecciosa aguda por salmonella que ha afectado a 135 m\u00e9dicos residentes y de alta especialidad, asociado temporalmente al consumo de [&hellip;]<\/p>\n","protected":false},"author":2,"featured_media":22494,"comment_status":"open","ping_status":"open","sticky":false,"template":"","format":"standard","meta":{"footnotes":"","_rishi_post_view_count":11},"categories":[34],"tags":[],"class_list":["post-22493","post","type-post","status-publish","format-standard","has-post-thumbnail","hentry","category-salud"],"comments_count":"0","_links":{"self":[{"href":"https:\/\/elpregonerodezamora.com\/index.php\/wp-json\/wp\/v2\/posts\/22493","targetHints":{"allow":["GET"]}}],"collection":[{"href":"https:\/\/elpregonerodezamora.com\/index.php\/wp-json\/wp\/v2\/posts"}],"about":[{"href":"https:\/\/elpregonerodezamora.com\/index.php\/wp-json\/wp\/v2\/types\/post"}],"author":[{"embeddable":true,"href":"https:\/\/elpregonerodezamora.com\/index.php\/wp-json\/wp\/v2\/users\/2"}],"replies":[{"embeddable":true,"href":"https:\/\/elpregonerodezamora.com\/index.php\/wp-json\/wp\/v2\/comments?post=22493"}],"version-history":[{"count":1,"href":"https:\/\/elpregonerodezamora.com\/index.php\/wp-json\/wp\/v2\/posts\/22493\/revisions"}],"predecessor-version":[{"id":22495,"href":"https:\/\/elpregonerodezamora.com\/index.php\/wp-json\/wp\/v2\/posts\/22493\/revisions\/22495"}],"wp:featuredmedia":[{"embeddable":true,"href":"https:\/\/elpregonerodezamora.com\/index.php\/wp-json\/wp\/v2\/media\/22494"}],"wp:attachment":[{"href":"https:\/\/elpregonerodezamora.com\/index.php\/wp-json\/wp\/v2\/media?parent=22493"}],"wp:term":[{"taxonomy":"category","embeddable":true,"href":"https:\/\/elpregonerodezamora.com\/index.php\/wp-json\/wp\/v2\/categories?post=22493"},{"taxonomy":"post_tag","embeddable":true,"href":"https:\/\/elpregonerodezamora.com\/index.php\/wp-json\/wp\/v2\/tags?post=22493"}],"curies":[{"name":"wp","href":"https:\/\/api.w.org\/{rel}","templated":true}]}}