{"id":22490,"date":"2026-09-04T01:22:16","date_gmt":"2026-09-04T01:22:16","guid":{"rendered":"https:\/\/elpregonerodezamora.com\/?p=22490"},"modified":"2026-09-04T01:22:16","modified_gmt":"2026-09-04T01:22:16","slug":"resalta-raul-moron-logros-de-claudia-sheinbaum-en-michoacan","status":"publish","type":"post","link":"https:\/\/elpregonerodezamora.com\/index.php\/2026\/09\/04\/resalta-raul-moron-logros-de-claudia-sheinbaum-en-michoacan\/","title":{"rendered":"Resalta Ra\u00fal Mor\u00f3n logros de Claudia Sheinbaum en Michoac\u00e1n"},"content":{"rendered":"\n<p class=\"wp-block-paragraph\"><strong>* El profesor destac\u00f3 las inversiones en programas sociales, infraestructura h\u00eddrica, salud y educaci\u00f3n que consolidan la transformaci\u00f3n en el estado<\/strong><\/p>\n\n\n\n<p class=\"wp-block-paragraph\"><strong>Redacci\u00f3n \/ El Pregonero de Zamora<\/strong><\/p>\n\n\n\n<p class=\"wp-block-paragraph\"><strong><em>Ciudad de M\u00e9xico, a 03 de septiembre de 2026.- Tras la rendici\u00f3n del Segundo Informe de Gobierno de la Presidenta de M\u00e9xico, Claudia Sheinbaum Pardo, el senador con licencia, Ra\u00fal Mor\u00f3n Orozco, reconoci\u00f3 el impacto directo que las pol\u00edticas de la Cuarta Transformaci\u00f3n han tenido en la calidad de vida de las familias michoacanas.<\/em><\/strong><\/p>\n\n\n\n<p class=\"wp-block-paragraph\">Mor\u00f3n Orozco enfatiz\u00f3 que los avances presentados por la titular del Ejecutivo Federal reflejan el cumplimiento de los compromisos asumidos con la entidad, los cuales se reafirmaron a travts del Plan Michoacan por la Paz y la Justicia.<\/p>\n\n\n\n<p class=\"wp-block-paragraph\"><strong><em>\u201cNuestra Presidenta le est\u00e1 cumpliendo a Michoac\u00e1n. Los resultados expuestos en su Segundo Informe demuestran con hechos que nuestro estado es una prioridad nacional en la agenda del Bienestar y del desarrollo&#8221;, afirm\u00f3.<\/em><\/strong><\/p>\n\n\n\n<p class=\"wp-block-paragraph\"><strong><em>Entre los logros de la Presidenta en sus primeros dos a\u00f1os de gobierno el profesor destac\u00f3 los siguientes temas:<\/em><\/strong><\/p>\n\n\n\n<p class=\"wp-block-paragraph\"><strong>Medio ambiente y recursos h\u00eddricos<\/strong><\/p>\n\n\n\n<p class=\"wp-block-paragraph\"><strong><em>Saneamiento de la Cuenca del R\u00edo Lerma-Santiago: La administraci\u00f3n federal ratific\u00f3 las inversiones en la cuenca del R\u00edo Lerma (que impacta directamente a Michoac\u00e1n) para el saneamiento, construcci\u00f3n de plantas de tratamiento de aguas residuales y colectores.<\/em><\/strong><\/p>\n\n\n\n<p class=\"wp-block-paragraph\"><strong><em>* Distritos de Riego: Se incluy\u00f3 a Michoac\u00e1n dentro del plan integral de modernizaci\u00f3n de distritos de riego para eficientar el uso del agua agr\u00edcola en el pa\u00eds.<\/em><\/strong><\/p>\n\n\n\n<p class=\"wp-block-paragraph\"><strong>Seguridad p\u00fablica<\/strong><\/p>\n\n\n\n<p class=\"wp-block-paragraph\"><strong><em>* Coordinaci\u00f3n y Estrategia de Seguridad: La Estrategia Nacional de Seguridad permiti\u00f3 la atenci\u00f3n a delitos de alto impacto y la pacificaci\u00f3n de regiones prioritarias.<\/em><\/strong><\/p>\n\n\n\n<p class=\"wp-block-paragraph\"><strong>Programas y apoyos sociales<\/strong><\/p>\n\n\n\n<p class=\"wp-block-paragraph\"><strong><em>* Cobertura de Programas Sociales: La consolidaci\u00f3n de las pensiones y apoyos a adultos mayores, estudiantes y personas con discapacidad registr\u00f3 incrementos presupuestales para Michoac\u00e1n.<\/em><\/strong><\/p>\n\n\n\n<p class=\"wp-block-paragraph\"><strong>Infraestructura<\/strong><\/p>\n\n\n\n<p class=\"wp-block-paragraph\"><strong>* Salud: Con el fortalecimiento del sistema IMSS-Bienestar, IMSS e ISSSTE, se optimiz\u00f3 la operatividad de centros de salud, cl\u00ednicas y hospitales, as\u00ed como la construcci\u00f3n de mayor infraestructura en la entidad.<\/strong><\/p>\n\n\n\n<p class=\"wp-block-paragraph\"><strong><em>Educativa: La asignaci\u00f3n de recursos mediante el programa La Escuela Es Nuestra benefici\u00f3 a diversos planteles del estado para infraestructura escolar.<\/em><\/strong><\/p>\n\n\n\n<p class=\"wp-block-paragraph\"><strong><em>El profesor se\u00f1al\u00f3 que estos resultados son un reflejo del gran cari\u00f1o y compromiso que Claudia Sheinbaum tiene hacia la entidad y su gente, al tiempo de enfatizar en que esto es solo el principio de los grandes avances que tendr\u00e1 el estado en su administraci\u00f3n.<\/em><\/strong><\/p>\n","protected":false},"excerpt":{"rendered":"<p>* El profesor destac\u00f3 las inversiones en programas sociales, infraestructura h\u00eddrica, salud y educaci\u00f3n que consolidan la transformaci\u00f3n en el estado Redacci\u00f3n \/ El Pregonero de Zamora Ciudad de M\u00e9xico, a 03 de septiembre de 2026.- Tras la rendici\u00f3n del Segundo Informe de Gobierno de la Presidenta de M\u00e9xico, Claudia Sheinbaum Pardo, el senador con [&hellip;]<\/p>\n","protected":false},"author":2,"featured_media":22491,"comment_status":"open","ping_status":"open","sticky":false,"template":"","format":"standard","meta":{"footnotes":"","_rishi_post_view_count":11},"categories":[197],"tags":[],"class_list":["post-22490","post","type-post","status-publish","format-standard","has-post-thumbnail","hentry","category-politica"],"comments_count":"0","_links":{"self":[{"href":"https:\/\/elpregonerodezamora.com\/index.php\/wp-json\/wp\/v2\/posts\/22490","targetHints":{"allow":["GET"]}}],"collection":[{"href":"https:\/\/elpregonerodezamora.com\/index.php\/wp-json\/wp\/v2\/posts"}],"about":[{"href":"https:\/\/elpregonerodezamora.com\/index.php\/wp-json\/wp\/v2\/types\/post"}],"author":[{"embeddable":true,"href":"https:\/\/elpregonerodezamora.com\/index.php\/wp-json\/wp\/v2\/users\/2"}],"replies":[{"embeddable":true,"href":"https:\/\/elpregonerodezamora.com\/index.php\/wp-json\/wp\/v2\/comments?post=22490"}],"version-history":[{"count":1,"href":"https:\/\/elpregonerodezamora.com\/index.php\/wp-json\/wp\/v2\/posts\/22490\/revisions"}],"predecessor-version":[{"id":22492,"href":"https:\/\/elpregonerodezamora.com\/index.php\/wp-json\/wp\/v2\/posts\/22490\/revisions\/22492"}],"wp:featuredmedia":[{"embeddable":true,"href":"https:\/\/elpregonerodezamora.com\/index.php\/wp-json\/wp\/v2\/media\/22491"}],"wp:attachment":[{"href":"https:\/\/elpregonerodezamora.com\/index.php\/wp-json\/wp\/v2\/media?parent=22490"}],"wp:term":[{"taxonomy":"category","embeddable":true,"href":"https:\/\/elpregonerodezamora.com\/index.php\/wp-json\/wp\/v2\/categories?post=22490"},{"taxonomy":"post_tag","embeddable":true,"href":"https:\/\/elpregonerodezamora.com\/index.php\/wp-json\/wp\/v2\/tags?post=22490"}],"curies":[{"name":"wp","href":"https:\/\/api.w.org\/{rel}","templated":true}]}}