{"id":22487,"date":"2026-09-04T01:02:16","date_gmt":"2026-09-04T01:02:16","guid":{"rendered":"https:\/\/elpregonerodezamora.com\/?p=22487"},"modified":"2026-09-04T01:02:16","modified_gmt":"2026-09-04T01:02:16","slug":"jacona-se-prepara-para-elegir-a-su-nueva-reina-de-las-fiestas-patrias-2026","status":"publish","type":"post","link":"https:\/\/elpregonerodezamora.com\/index.php\/2026\/09\/04\/jacona-se-prepara-para-elegir-a-su-nueva-reina-de-las-fiestas-patrias-2026\/","title":{"rendered":"\u00a1Jacona se prepara para elegir a su nueva Reina de las Fiestas Patrias 2026!"},"content":{"rendered":"\n<p class=\"wp-block-paragraph\"><strong>Este domingo 6 de septiembre se llevar\u00e1 a cabo el gran **Certamen de Elecci\u00f3n de la Reina de las Fiestas Patrias Jacona 2026**, una tarde llena de emoci\u00f3n, belleza y tradici\u00f3n.<\/strong><\/p>\n\n\n\n<p class=\"wp-block-paragraph\"><strong>Auditorio Municipal de Jacona<\/strong><\/p>\n\n\n\n<p class=\"wp-block-paragraph\"><strong>5:00 de la tarde<\/strong><\/p>\n\n\n\n<p class=\"wp-block-paragraph\"><strong>\u00a1Asiste, disfruta de este gran evento y apoya a tu favorita!<\/strong><\/p>\n\n\n\n<p class=\"wp-block-paragraph\"><strong>\u00a1No te lo pierdas!<\/strong><\/p>\n\n\n\n<figure class=\"wp-block-embed\"><div class=\"wp-block-embed__wrapper\">\nhttps:\/\/elpregonerodezamora.com\n<\/div><\/figure>\n","protected":false},"excerpt":{"rendered":"<p>Este domingo 6 de septiembre se llevar\u00e1 a cabo el gran **Certamen de Elecci\u00f3n de la Reina de las Fiestas Patrias Jacona 2026**, una tarde llena de emoci\u00f3n, belleza y tradici\u00f3n. Auditorio Municipal de Jacona 5:00 de la tarde \u00a1Asiste, disfruta de este gran evento y apoya a tu favorita! \u00a1No te lo pierdas!<\/p>\n","protected":false},"author":2,"featured_media":22488,"comment_status":"open","ping_status":"open","sticky":false,"template":"","format":"standard","meta":{"footnotes":"","_rishi_post_view_count":15},"categories":[12],"tags":[],"class_list":["post-22487","post","type-post","status-publish","format-standard","has-post-thumbnail","hentry","category-jacona"],"comments_count":"0","_links":{"self":[{"href":"https:\/\/elpregonerodezamora.com\/index.php\/wp-json\/wp\/v2\/posts\/22487","targetHints":{"allow":["GET"]}}],"collection":[{"href":"https:\/\/elpregonerodezamora.com\/index.php\/wp-json\/wp\/v2\/posts"}],"about":[{"href":"https:\/\/elpregonerodezamora.com\/index.php\/wp-json\/wp\/v2\/types\/post"}],"author":[{"embeddable":true,"href":"https:\/\/elpregonerodezamora.com\/index.php\/wp-json\/wp\/v2\/users\/2"}],"replies":[{"embeddable":true,"href":"https:\/\/elpregonerodezamora.com\/index.php\/wp-json\/wp\/v2\/comments?post=22487"}],"version-history":[{"count":1,"href":"https:\/\/elpregonerodezamora.com\/index.php\/wp-json\/wp\/v2\/posts\/22487\/revisions"}],"predecessor-version":[{"id":22489,"href":"https:\/\/elpregonerodezamora.com\/index.php\/wp-json\/wp\/v2\/posts\/22487\/revisions\/22489"}],"wp:featuredmedia":[{"embeddable":true,"href":"https:\/\/elpregonerodezamora.com\/index.php\/wp-json\/wp\/v2\/media\/22488"}],"wp:attachment":[{"href":"https:\/\/elpregonerodezamora.com\/index.php\/wp-json\/wp\/v2\/media?parent=22487"}],"wp:term":[{"taxonomy":"category","embeddable":true,"href":"https:\/\/elpregonerodezamora.com\/index.php\/wp-json\/wp\/v2\/categories?post=22487"},{"taxonomy":"post_tag","embeddable":true,"href":"https:\/\/elpregonerodezamora.com\/index.php\/wp-json\/wp\/v2\/tags?post=22487"}],"curies":[{"name":"wp","href":"https:\/\/api.w.org\/{rel}","templated":true}]}}