{"id":22484,"date":"2026-09-04T00:35:32","date_gmt":"2026-09-04T00:35:32","guid":{"rendered":"https:\/\/elpregonerodezamora.com\/?p=22484"},"modified":"2026-09-04T00:35:33","modified_gmt":"2026-09-04T00:35:33","slug":"gobierno-de-tangancicuaro-inicia-el-mes-patrio-con-izamiento-de-bandera","status":"publish","type":"post","link":"https:\/\/elpregonerodezamora.com\/index.php\/2026\/09\/04\/gobierno-de-tangancicuaro-inicia-el-mes-patrio-con-izamiento-de-bandera\/","title":{"rendered":"Gobierno de Tanganc\u00edcuaro inicia el mes patrio con Izamiento de Bandera."},"content":{"rendered":"\n<p class=\"wp-block-paragraph\"><strong>Tanganc\u00edcuaro, Michoac\u00e1n a 1 de septiembre de 2026.\u2014 Con el Izamiento de la Bandera Nacional, el Gobierno Municipal de Tanganc\u00edcuaro dio inicio formal a las ac<\/strong>tividades conmemorativas del mes patrio 2026, mediante una ceremonia c\u00edvica encabezada por el Presidente, Arturo Hern\u00e1ndez.<\/p>\n\n\n\n<p class=\"wp-block-paragraph\"><strong>Durante el acto se resalt\u00f3 la importancia de mantener vigentes los valores que distinguen a nuestra naci\u00f3n, como la libertad, la independencia y la justicia, principios que forman parte de nuestra identidad y de la historia de M\u00e9xico.<\/strong><\/p>\n\n\n\n<p class=\"wp-block-paragraph\"><strong>En su mensaje, el Alcalde hizo un llamado a los integrantes del Cabildo, personal de las corporaciones de auxilio y seguridad, servidores p\u00fablicos y, especialmente, a la ciudadan\u00eda, a preservar y transmitir a las nuevas generaciones la memoria hist\u00f3rica de nuestro pa\u00eds.<\/strong><\/p>\n\n\n\n<p class=\"wp-block-paragraph\"><strong>Destac\u00f3 que recordar nuestra historia y honrar a quienes contribuyeron a construir un M\u00e9xico libre e independiente nos permite fortalecer el sentido de identidad, unidad y pertenencia, adem\u00e1s de mantener vivo el orgullo de ser mexicanos.<\/strong><\/p>\n","protected":false},"excerpt":{"rendered":"<p>Tanganc\u00edcuaro, Michoac\u00e1n a 1 de septiembre de 2026.\u2014 Con el Izamiento de la Bandera Nacional, el Gobierno Municipal de Tanganc\u00edcuaro dio inicio formal a las actividades conmemorativas del mes patrio 2026, mediante una ceremonia c\u00edvica encabezada por el Presidente, Arturo Hern\u00e1ndez. Durante el acto se resalt\u00f3 la importancia de mantener vigentes los valores que distinguen [&hellip;]<\/p>\n","protected":false},"author":2,"featured_media":22485,"comment_status":"open","ping_status":"open","sticky":false,"template":"","format":"standard","meta":{"footnotes":"","_rishi_post_view_count":9},"categories":[30],"tags":[],"class_list":["post-22484","post","type-post","status-publish","format-standard","has-post-thumbnail","hentry","category-tangancicuaro"],"comments_count":"0","_links":{"self":[{"href":"https:\/\/elpregonerodezamora.com\/index.php\/wp-json\/wp\/v2\/posts\/22484","targetHints":{"allow":["GET"]}}],"collection":[{"href":"https:\/\/elpregonerodezamora.com\/index.php\/wp-json\/wp\/v2\/posts"}],"about":[{"href":"https:\/\/elpregonerodezamora.com\/index.php\/wp-json\/wp\/v2\/types\/post"}],"author":[{"embeddable":true,"href":"https:\/\/elpregonerodezamora.com\/index.php\/wp-json\/wp\/v2\/users\/2"}],"replies":[{"embeddable":true,"href":"https:\/\/elpregonerodezamora.com\/index.php\/wp-json\/wp\/v2\/comments?post=22484"}],"version-history":[{"count":1,"href":"https:\/\/elpregonerodezamora.com\/index.php\/wp-json\/wp\/v2\/posts\/22484\/revisions"}],"predecessor-version":[{"id":22486,"href":"https:\/\/elpregonerodezamora.com\/index.php\/wp-json\/wp\/v2\/posts\/22484\/revisions\/22486"}],"wp:featuredmedia":[{"embeddable":true,"href":"https:\/\/elpregonerodezamora.com\/index.php\/wp-json\/wp\/v2\/media\/22485"}],"wp:attachment":[{"href":"https:\/\/elpregonerodezamora.com\/index.php\/wp-json\/wp\/v2\/media?parent=22484"}],"wp:term":[{"taxonomy":"category","embeddable":true,"href":"https:\/\/elpregonerodezamora.com\/index.php\/wp-json\/wp\/v2\/categories?post=22484"},{"taxonomy":"post_tag","embeddable":true,"href":"https:\/\/elpregonerodezamora.com\/index.php\/wp-json\/wp\/v2\/tags?post=22484"}],"curies":[{"name":"wp","href":"https:\/\/api.w.org\/{rel}","templated":true}]}}